{"id":33965,"date":"2024-07-18T11:40:21","date_gmt":"2024-07-18T08:40:21","guid":{"rendered":"https:\/\/mersinkadingazetesi.com\/?p=33965"},"modified":"2024-07-18T11:40:22","modified_gmt":"2024-07-18T08:40:22","slug":"icinde-oldurme-olan-bir-cozumu-kabul-etmiyoruz","status":"publish","type":"post","link":"https:\/\/mersinkadingazetesi.com\/?p=33965","title":{"rendered":"&#8220;\u0130\u00c7\u0130NDE \u00d6LD\u00dcRME OLAN B\u0130R \u00c7\u00d6Z\u00dcM\u00dc KABUL ETM\u0130YORUZ&#8221;"},"content":{"rendered":"\n<p>Toroslar Belediye Ba\u015fkan\u0131 Abdurrahman Y\u0131ld\u0131z, sokakta ya\u015fayan canl\u0131lar\u0131n &#8220;\u00f6tenazi&#8221; ad\u0131 alt\u0131nda \u00f6ld\u00fcr\u00fclmesini kabul etmelerinin m\u00fcmk\u00fcn olmad\u0131\u011f\u0131n\u0131 s\u00f6yledi. Toroslar Belediyesi olarak sokaklarda ya\u015fayan canl\u0131lar\u0131n k\u0131s\u0131rla\u015ft\u0131rma ve a\u015f\u0131lama i\u015flemlerinin yap\u0131laca\u011f\u0131 bir bak\u0131m merkezi kurmak i\u00e7in harekete ge\u00e7tiklerini s\u00f6yleyen Ba\u015fkan Y\u0131ld\u0131z, &#8220;Bizce \u00e7\u00f6z\u00fcm yolu belli: K\u0131s\u0131rla\u015ft\u0131r, a\u015f\u0131la, pop\u00fclasyonu azalt ve yerinde ya\u015fat. Toplumumuzun vicdan\u0131nda yara a\u00e7mayacak, bununla beraber \u015fehirlerimizin daha g\u00fcvenli olmas\u0131n\u0131 sa\u011flayacak \u00e7\u00f6z\u00fcm budur. \u0130\u00e7inde \u00f6ld\u00fcrme olan bir \u00e7\u00f6z\u00fcm\u00fc kabul etmiyoruz&#8221; dedi.<\/p>\n\n\n\n<p>Toroslar Belediye Ba\u015fkan\u0131 Abdurrahman Y\u0131ld\u0131z, belediyelere sokaklarda ya\u015fayan k\u00f6pekleri \u00f6ld\u00fcrme i\u015finin verilmesini, \u00f6ld\u00fcrme i\u015fini kabul etmeyen belediyelere ceza verilmesini de i\u00e7eren yasa teklifiyle ilgili a\u00e7\u0131klamalarda bulundu. Ba\u015fkan Y\u0131ld\u0131z, i\u00e7inde herhangi bir canl\u0131n\u0131n \u00f6ld\u00fcr\u00fclmesinin yer ald\u0131\u011f\u0131 bir d\u00fczenlemeyi kabul etmelerinin m\u00fcmk\u00fcn olmad\u0131\u011f\u0131n\u0131 s\u00f6yledi.<\/p>\n\n\n\n<p><strong>&#8220;BU SORUNU \u0130NSAN\u0130 VE MEDEN\u0130 B\u0130\u00c7\u0130MDE \u00c7\u00d6ZEB\u0130L\u0130R\u0130Z&#8221;<\/strong><\/p>\n\n\n\n<p>&#8220;Sokakta ya\u015fayan canl\u0131lar\u0131n uyutma, \u00f6tenazi ya da ba\u015fka bir tan\u0131mlama ad\u0131 alt\u0131nda \u00f6ld\u00fcr\u00fclmesini kabul etmemiz m\u00fcmk\u00fcn de\u011fil&#8221; diyen Ba\u015fkan Y\u0131ld\u0131z, &#8220;Belediye ba\u015fkanlar\u0131 olarak her canl\u0131n\u0131n belediye ba\u015fkan\u0131y\u0131z, her canl\u0131n\u0131n ya\u015fam hakk\u0131na sayg\u0131m\u0131z var. Bu sorunu insani, medeni bi\u00e7imde \u00e7\u00f6zebiliriz. TBMM&#8217;nin bu konuda vicdanlar\u0131 rahatlatacak bir karar alaca\u011f\u0131na inan\u0131yorum&#8221; dedi.<\/p>\n\n\n\n<p><strong>KISIRLA\u015eTIR, A\u015eILA, SAYIYI AZALT, YER\u0130NDE YA\u015eAT<\/strong><\/p>\n\n\n\n<p>Yasa tart\u0131\u015fmalar\u0131 devam ederken Toroslar Belediyesi olarak ge\u00e7ici bak\u0131m ve rehabilitasyon merkezi kurmak i\u00e7in \u00e7al\u0131\u015fmalara ba\u015flad\u0131klar\u0131n\u0131 belirten Ba\u015fkan Y\u0131ld\u0131z, Orman B\u00f6lge M\u00fcd\u00fcrl\u00fc\u011f\u00fcnden yer tahsisi talep ettiklerini s\u00f6yledi.<\/p>\n\n\n\n<p>Y\u0131ld\u0131z, &#8220;Ge\u00e7ici bak\u0131m ve rehabilitasyon merkezinde k\u0131s\u0131rla\u015ft\u0131rma ve a\u015f\u0131lama yapaca\u011f\u0131z.&nbsp; Sokakta ya\u015fayan canlar\u0131 kay\u0131t alt\u0131na alaca\u011f\u0131z.&nbsp; Uygun olanlar\u0131 sahiplendirece\u011fiz.&nbsp; Bizce \u00e7\u00f6z\u00fcm yolu belli: K\u0131s\u0131rla\u015ft\u0131r, a\u015f\u0131la, pop\u00fclasyonu azalt ve yerinde ya\u015fat. Toplumumuzun vicdan\u0131nda yara a\u00e7mayacak, bununla beraber \u015fehirlerimizin daha g\u00fcvenli olmas\u0131n\u0131 sa\u011flayacak \u00e7\u00f6z\u00fcm bu. Bunun d\u0131\u015f\u0131nda, i\u00e7inde \u00f6ld\u00fcrme olan bir \u00e7\u00f6z\u00fcm\u00fc kabul etmiyoruz&#8221; ifadelerini kulland\u0131.<\/p>\n","protected":false},"excerpt":{"rendered":"<p>Toroslar Belediye Ba\u015fkan\u0131 Abdurrahman Y\u0131ld\u0131z, sokakta ya\u015fayan canl\u0131lar\u0131n &#8220;\u00f6tenazi&#8221; ad\u0131 alt\u0131nda \u00f6ld\u00fcr\u00fclmesini kabul etmelerinin m\u00fcmk\u00fcn olmad\u0131\u011f\u0131n\u0131 s\u00f6yledi. Toroslar Belediyesi olarak sokaklarda ya\u015fayan canl\u0131lar\u0131n k\u0131s\u0131rla\u015ft\u0131rma ve a\u015f\u0131lama i\u015flemlerinin yap\u0131laca\u011f\u0131 bir bak\u0131m merkezi kurmak i\u00e7in harekete ge\u00e7tiklerini s\u00f6yleyen Ba\u015fkan Y\u0131ld\u0131z, &#8220;Bizce \u00e7\u00f6z\u00fcm yolu belli: K\u0131s\u0131rla\u015ft\u0131r, a\u015f\u0131la, pop\u00fclasyonu azalt ve yerinde ya\u015fat. Toplumumuzun vicdan\u0131nda yara a\u00e7mayacak, bununla beraber [&hellip;]<\/p>\n","protected":false},"author":2,"featured_media":33966,"comment_status":"closed","ping_status":"closed","sticky":false,"template":"","format":"standard","meta":{"footnotes":""},"categories":[3,5],"tags":[],"class_list":["post-33965","post","type-post","status-publish","format-standard","has-post-thumbnail","hentry","category-manset","category-mersin"],"views":14,"_links":{"self":[{"href":"https:\/\/mersinkadingazetesi.com\/index.php?rest_route=\/wp\/v2\/posts\/33965"}],"collection":[{"href":"https:\/\/mersinkadingazetesi.com\/index.php?rest_route=\/wp\/v2\/posts"}],"about":[{"href":"https:\/\/mersinkadingazetesi.com\/index.php?rest_route=\/wp\/v2\/types\/post"}],"author":[{"embeddable":true,"href":"https:\/\/mersinkadingazetesi.com\/index.php?rest_route=\/wp\/v2\/users\/2"}],"replies":[{"embeddable":true,"href":"https:\/\/mersinkadingazetesi.com\/index.php?rest_route=%2Fwp%2Fv2%2Fcomments&post=33965"}],"version-history":[{"count":1,"href":"https:\/\/mersinkadingazetesi.com\/index.php?rest_route=\/wp\/v2\/posts\/33965\/revisions"}],"predecessor-version":[{"id":33967,"href":"https:\/\/mersinkadingazetesi.com\/index.php?rest_route=\/wp\/v2\/posts\/33965\/revisions\/33967"}],"wp:featuredmedia":[{"embeddable":true,"href":"https:\/\/mersinkadingazetesi.com\/index.php?rest_route=\/wp\/v2\/media\/33966"}],"wp:attachment":[{"href":"https:\/\/mersinkadingazetesi.com\/index.php?rest_route=%2Fwp%2Fv2%2Fmedia&parent=33965"}],"wp:term":[{"taxonomy":"category","embeddable":true,"href":"https:\/\/mersinkadingazetesi.com\/index.php?rest_route=%2Fwp%2Fv2%2Fcategories&post=33965"},{"taxonomy":"post_tag","embeddable":true,"href":"https:\/\/mersinkadingazetesi.com\/index.php?rest_route=%2Fwp%2Fv2%2Ftags&post=33965"}],"curies":[{"name":"wp","href":"https:\/\/api.w.org\/{rel}","templated":true}]}}