{"id":33974,"date":"2024-07-18T11:49:49","date_gmt":"2024-07-18T08:49:49","guid":{"rendered":"https:\/\/mersinkadingazetesi.com\/?p=33974"},"modified":"2024-07-18T11:49:49","modified_gmt":"2024-07-18T08:49:49","slug":"chp-mersin-milletvekili-gulcan-kis-belediyeleri-cezalandirarak-milleti-cezalandiriyorsunuz","status":"publish","type":"post","link":"https:\/\/mersinkadingazetesi.com\/?p=33974","title":{"rendered":"CHP MERS\u0130N M\u0130LLETVEK\u0130L\u0130 G\u00dcLCAN KI\u015e: &#8220;BELED\u0130YELER\u0130 CEZALANDIRARAK, M\u0130LLET\u0130 CEZALANDIRIYORSUNUZ&#8221;"},"content":{"rendered":"\n<p>CHP Mersin Milletvekili G\u00fclcan K\u0131\u015f, TBMM Genel Kurulu&#8217;nda yapt\u0131\u011f\u0131 konu\u015fmada, y\u0131llard\u0131r AKP y\u00f6netiminde yer alan ve a\u011f\u0131r bor\u00e7 y\u00fck\u00fc alt\u0131nda b\u0131rak\u0131lan Belediyelerin CHP&#8217;ye ge\u00e7mesi sonras\u0131, iktidar taraf\u0131ndan yerel y\u00f6netimlerin kaynaklar\u0131n\u0131n k\u0131s\u0131lmas\u0131na ve millete hizmet g\u00f6t\u00fcr\u00fclmesinin \u00f6n\u00fcne ge\u00e7ilmesine tepki g\u00f6sterdi.<\/p>\n\n\n\n<p>CHP Mersin Milletvekili G\u00fclcan K\u0131\u015f, &#8220;Belediyeleri cezaland\u0131rarak milleti cezaland\u0131rmaktas\u0131n\u0131z, bu millet de ilk genel se\u00e7imde sizi cezaland\u0131racakt\u0131r&#8221; dedi.<\/p>\n\n\n\n<p>CHP Mersin Milletvekili G\u00fclcan K\u0131\u015f, 25 y\u0131l sonra MHP&#8217;den CHP&#8217;ye ge\u00e7en Toroslar Belediyesinin gelirlerine vergi borcu gerek\u00e7esiyle bloke konuldu\u011fu \u00f6rne\u011fini verdi.<\/p>\n\n\n\n<p>Hazine ve Maliye Bakanl\u0131\u011f\u0131, Toroslar Belediyesinin MHP&#8217;de oldu\u011fu d\u00f6nemde biriken vergi bor\u00e7lar\u0131yla ilgili hi\u00e7bir takip ba\u015flatmad\u0131. Belediye 4 ay \u00f6nce CHP&#8217;ye ge\u00e7ince bakanl\u0131k da birikmi\u015f vergi borcu i\u00e7in harekete ge\u00e7ti. Bakanl\u0131k, Toroslar Belediyesinin merkezi y\u00f6netim b\u00fct\u00e7esinden gelen 31 milyon liras\u0131na tek kalemde el koydu.<\/p>\n\n\n\n<p>Yerel se\u00e7imlerde AKP&#8217;den CHP&#8217;ye ge\u00e7en belediyelerin b\u0131rakt\u0131klar\u0131 bor\u00e7lar\u0131n kamuoyunda \u015fok etkisi yaratt\u0131\u011f\u0131na dikkat \u00e7eken G\u00fclcan K\u0131\u015f, T\u00fcrkiye&#8217;nin d\u00f6rt bir yan\u0131nda CHP&#8217;li Belediye Ba\u015fkanlar\u0131n\u0131n g\u00f6revi devrald\u0131ktan sonra bor\u00e7lar\u0131 kamuoyuyla payla\u015ft\u0131\u011f\u0131n\u0131 ifade ederek \u015funlar\u0131 s\u00f6yledi:&nbsp; &#8220;\u0130ller Bankas\u0131ndan en \u00e7ok kredi borcu olan iller s\u0131ralamas\u0131nda ilk 5&#8217;te Say\u0131\u015ftay raporlar\u0131na g\u00f6re AKP&#8217;li belediyeler yer alm\u0131\u015ft\u0131r. Belediyelerin CHP&#8217;ye ge\u00e7mesiyle, devral\u0131nan a\u011f\u0131r bor\u00e7lar i\u00e7in h\u0131zl\u0131 bir \u015fekilde tahsilata girilmi\u015f, gelir kaynaklar\u0131 \u00fczerinden kesintiler yap\u0131lmaya ba\u015flanm\u0131\u015ft\u0131r. \u00d6rne\u011fin Mersin Toroslar Belediyemizin Mart 2023 d\u00f6neminden ba\u015flayan yakla\u015f\u0131k 24 milyon liral\u0131k vergi borcu, hi\u00e7bir uyar\u0131 yap\u0131lmadan, merkez\u00ee y\u00f6netim b\u00fct\u00e7esinden gelen paydan tek seferde kesilmi\u015ftir.<\/p>\n\n\n\n<p>25 y\u0131ld\u0131r MHP&#8217;deyken tahsil edilmeyen bor\u00e7, CHP&#8217;ye ge\u00e7ince mi ak\u0131llara gelmi\u015ftir? Soruyorum: Ayn\u0131 durum AKP&#8217;li belediyelere uygulanmakta m\u0131d\u0131r? \u0130ktidara sesleniyorum: Belediyeleri cezaland\u0131rarak milleti cezaland\u0131rmaktas\u0131n\u0131z, bu millet de ilk genel se\u00e7imde sizi cezaland\u0131racakt\u0131r&#8221;<\/p>\n","protected":false},"excerpt":{"rendered":"<p>CHP Mersin Milletvekili G\u00fclcan K\u0131\u015f, TBMM Genel Kurulu&#8217;nda yapt\u0131\u011f\u0131 konu\u015fmada, y\u0131llard\u0131r AKP y\u00f6netiminde yer alan ve a\u011f\u0131r bor\u00e7 y\u00fck\u00fc alt\u0131nda b\u0131rak\u0131lan Belediyelerin CHP&#8217;ye ge\u00e7mesi sonras\u0131, iktidar taraf\u0131ndan yerel y\u00f6netimlerin kaynaklar\u0131n\u0131n k\u0131s\u0131lmas\u0131na ve millete hizmet g\u00f6t\u00fcr\u00fclmesinin \u00f6n\u00fcne ge\u00e7ilmesine tepki g\u00f6sterdi. CHP Mersin Milletvekili G\u00fclcan K\u0131\u015f, &#8220;Belediyeleri cezaland\u0131rarak milleti cezaland\u0131rmaktas\u0131n\u0131z, bu millet de ilk genel se\u00e7imde sizi [&hellip;]<\/p>\n","protected":false},"author":2,"featured_media":33949,"comment_status":"closed","ping_status":"closed","sticky":false,"template":"","format":"standard","meta":{"footnotes":""},"categories":[34,2,3,6],"tags":[],"class_list":["post-33974","post","type-post","status-publish","format-standard","has-post-thumbnail","hentry","category-flas-haber","category-gundem","category-manset","category-siyaset-2"],"views":14,"_links":{"self":[{"href":"https:\/\/mersinkadingazetesi.com\/index.php?rest_route=\/wp\/v2\/posts\/33974"}],"collection":[{"href":"https:\/\/mersinkadingazetesi.com\/index.php?rest_route=\/wp\/v2\/posts"}],"about":[{"href":"https:\/\/mersinkadingazetesi.com\/index.php?rest_route=\/wp\/v2\/types\/post"}],"author":[{"embeddable":true,"href":"https:\/\/mersinkadingazetesi.com\/index.php?rest_route=\/wp\/v2\/users\/2"}],"replies":[{"embeddable":true,"href":"https:\/\/mersinkadingazetesi.com\/index.php?rest_route=%2Fwp%2Fv2%2Fcomments&post=33974"}],"version-history":[{"count":1,"href":"https:\/\/mersinkadingazetesi.com\/index.php?rest_route=\/wp\/v2\/posts\/33974\/revisions"}],"predecessor-version":[{"id":33975,"href":"https:\/\/mersinkadingazetesi.com\/index.php?rest_route=\/wp\/v2\/posts\/33974\/revisions\/33975"}],"wp:featuredmedia":[{"embeddable":true,"href":"https:\/\/mersinkadingazetesi.com\/index.php?rest_route=\/wp\/v2\/media\/33949"}],"wp:attachment":[{"href":"https:\/\/mersinkadingazetesi.com\/index.php?rest_route=%2Fwp%2Fv2%2Fmedia&parent=33974"}],"wp:term":[{"taxonomy":"category","embeddable":true,"href":"https:\/\/mersinkadingazetesi.com\/index.php?rest_route=%2Fwp%2Fv2%2Fcategories&post=33974"},{"taxonomy":"post_tag","embeddable":true,"href":"https:\/\/mersinkadingazetesi.com\/index.php?rest_route=%2Fwp%2Fv2%2Ftags&post=33974"}],"curies":[{"name":"wp","href":"https:\/\/api.w.org\/{rel}","templated":true}]}}