{"id":33985,"date":"2024-07-19T11:48:54","date_gmt":"2024-07-19T08:48:54","guid":{"rendered":"https:\/\/mersinkadingazetesi.com\/?p=33985"},"modified":"2024-07-19T11:48:55","modified_gmt":"2024-07-19T08:48:55","slug":"kiratli-mersin-lojistik-limani-proje-calismalari-devam-etmektedir","status":"publish","type":"post","link":"https:\/\/mersinkadingazetesi.com\/?p=33985","title":{"rendered":"K\u0131ratl\u0131: &#8220;Mersin Lojistik Liman\u0131 proje \u00e7al\u0131\u015fmalar\u0131 devam etmektedir&#8221;"},"content":{"rendered":"\n<p>AK Parti Mersin Milletvekili Ali K\u0131ratl\u0131&#8217;dan, sosyal medyada yap\u0131lan &#8220;Ana Konteyner Liman\u0131 Adana&#8217;da yap\u0131lacak&#8221; payla\u015f\u0131mlar\u0131na yalanlama geldi. K\u0131ratl\u0131, proje \u00e7al\u0131\u015fmalar\u0131n\u0131n yo\u011fun bir \u015fekilde devam etti\u011fini ve liman\u0131n hem Adana hem de Mersin&#8217;e kurulaca\u011f\u0131n\u0131 belirtti.<\/p>\n\n\n\n<p>AK Parti Mersin Milletvekili ve TBMM Kamu \u0130ktisadi Te\u015febb\u00fcsleri Komisyonu \u00dcyesi Ali K\u0131ratl\u0131, sosyal medya \u00fczerinde yap\u0131lan &#8220;Mersin Lojistik Liman\u0131 projesi iptal oldu, proje Adana&#8217;ya yap\u0131lacak&#8221; payla\u015f\u0131mlar\u0131yla ilgili a\u00e7\u0131klamalarda bulundu.&nbsp;<\/p>\n\n\n\n<p>&#8220;MERS\u0130N LOJ\u0130ST\u0130K L\u0130MANI PROJEM\u0130Z \u0130PTAL OLMAMI\u015e, AKS\u0130NE \u00c7ALI\u015eMALARIMIZ YO\u011eUN B\u0130R \u015eEK\u0130LDE DEVAM ETMEKTED\u0130R&#8221;<\/p>\n\n\n\n<p>K\u0131ratl\u0131, TBMM&#8217;de s\u00f6z alarak yapt\u0131\u011f\u0131 a\u00e7\u0131klamada, projenin iptal olmad\u0131\u011f\u0131n\u0131 vurgulayarak, &#8220;Sosyal medyalarda baz\u0131 payla\u015f\u0131mlarda projenin iptal oldu\u011funa dair mesnetsiz a\u00e7\u0131klamalar yap\u0131lmaktad\u0131r. Mersin Lojistik Liman\u0131 projemiz iptal olmam\u0131\u015f, aksine \u00e7al\u0131\u015fmalar\u0131m\u0131z yo\u011fun bir \u015fekilde devam etmektedir. \u00d6zellikle Mersin&#8217;de sorumluluk sahibi siyasi akt\u00f6rlerin payla\u015f\u0131mlar\u0131na dikkat etmeleri ve topluma do\u011fru bilgileri payla\u015fmalar\u0131 \u00f6nem arz etmektedir. \u00dclkemizi, b\u00f6lgesinin lojistik \u00fcss\u00fc haline getirecek \u00e7al\u0131\u015fmalar t\u00fcm h\u0131z\u0131yla devam etmektedir. Bu kapsamda lojistik performans endeksinde \u00fclkemizi ilk 10&#8217;a sokacak denizyolu ta\u015f\u0131mac\u0131l\u0131\u011f\u0131 ve onun en \u00f6nemli bile\u015feni olan limanlar\u0131n altyap\u0131lar\u0131n\u0131n tamamlanma \u00e7al\u0131\u015fmalar\u0131 h\u0131zla devam etmektedir&#8221; dedi.<\/p>\n\n\n\n<p>&#8220;ULA\u015eTIRMA BAKANLI\u011eIMIZIN DA BEL\u0130RTT\u0130\u011e\u0130 G\u0130B\u0130 PROJE HER \u0130K\u0130 \u0130LDE YAPILACAKTIR&#8221;<\/p>\n\n\n\n<p>Mersin Lojistik Liman\u0131 ile ilgili olarak ilk etap proje \u00e7al\u0131\u015fmalar\u0131n\u0131n Ula\u015ft\u0131rma Bakanl\u0131\u011f\u0131 uzmanlar\u0131nca tamamland\u0131\u011f\u0131n\u0131n alt\u0131n\u0131 \u00e7izen K\u0131ratl\u0131, &#8220;Yap\u0131lan \u00e7al\u0131\u015fmalar sonucunda, liman kapasitesinin y\u0131ll\u0131k 9-10 milyon TEU olmas\u0131 planlanmaktad\u0131r. \u0130lk et\u00fct \u00e7al\u0131\u015fmalar\u0131 tamamlanan liman\u0131n ikinci a\u015famas\u0131na ge\u00e7ilmi\u015f olup, bu a\u015fama i\u00e7in hizmet al\u0131m amac\u0131yla et\u00fct-proje ihalesi ger\u00e7ekle\u015ftirilmi\u015ftir. Ula\u015ft\u0131rma ve Altyap\u0131 Bakan\u0131m\u0131z Say\u0131n Abdulkadir Uralo\u011flu&#8217;nun daha \u00f6nce yapt\u0131\u011f\u0131 a\u00e7\u0131klamada da belirtti\u011fi gibi Mersin ve Adana Lojistik Limanlar\u0131n\u0131n ikisinin de \u00e7al\u0131\u015fmalar\u0131n\u0131n devam etti\u011fi ve her ikisinin de \u00c7ukurova&#8217;m\u0131za kazand\u0131raca\u011f\u0131m\u0131z\u0131 ifade etmi\u015ftir. Bu kapsamda ise; genel vaziyet plan\u0131, kesitler, yakla\u015f\u0131k maliyet haz\u0131rlamas\u0131, fizibilite raporu haz\u0131rlanmas\u0131 i\u015fleri ile ilgili s\u00fcre\u00e7ler tamamlanacakt\u0131r. \u0130\u015fin s\u00f6zle\u015fmesi imzalanm\u0131\u015f olup, \u00e7al\u0131\u015fmalara ba\u015flanm\u0131\u015ft\u0131r. B\u00f6ylece, Mersin Liman\u0131n\u0131n do\u011fu kesimine rastlayan sahil \u015feridinde en uygun alan yeni liman te\u015fkili planlanmaktad\u0131r&#8221; \u015feklinde konu\u015ftu.<\/p>\n","protected":false},"excerpt":{"rendered":"<p>AK Parti Mersin Milletvekili Ali K\u0131ratl\u0131&#8217;dan, sosyal medyada yap\u0131lan &#8220;Ana Konteyner Liman\u0131 Adana&#8217;da yap\u0131lacak&#8221; payla\u015f\u0131mlar\u0131na yalanlama geldi. K\u0131ratl\u0131, proje \u00e7al\u0131\u015fmalar\u0131n\u0131n yo\u011fun bir \u015fekilde devam etti\u011fini ve liman\u0131n hem Adana hem de Mersin&#8217;e kurulaca\u011f\u0131n\u0131 belirtti. AK Parti Mersin Milletvekili ve TBMM Kamu \u0130ktisadi Te\u015febb\u00fcsleri Komisyonu \u00dcyesi Ali K\u0131ratl\u0131, sosyal medya \u00fczerinde yap\u0131lan &#8220;Mersin Lojistik Liman\u0131 projesi [&hellip;]<\/p>\n","protected":false},"author":2,"featured_media":33986,"comment_status":"closed","ping_status":"closed","sticky":false,"template":"","format":"standard","meta":{"footnotes":""},"categories":[2,3,5],"tags":[],"class_list":["post-33985","post","type-post","status-publish","format-standard","has-post-thumbnail","hentry","category-gundem","category-manset","category-mersin"],"views":10,"_links":{"self":[{"href":"https:\/\/mersinkadingazetesi.com\/index.php?rest_route=\/wp\/v2\/posts\/33985"}],"collection":[{"href":"https:\/\/mersinkadingazetesi.com\/index.php?rest_route=\/wp\/v2\/posts"}],"about":[{"href":"https:\/\/mersinkadingazetesi.com\/index.php?rest_route=\/wp\/v2\/types\/post"}],"author":[{"embeddable":true,"href":"https:\/\/mersinkadingazetesi.com\/index.php?rest_route=\/wp\/v2\/users\/2"}],"replies":[{"embeddable":true,"href":"https:\/\/mersinkadingazetesi.com\/index.php?rest_route=%2Fwp%2Fv2%2Fcomments&post=33985"}],"version-history":[{"count":1,"href":"https:\/\/mersinkadingazetesi.com\/index.php?rest_route=\/wp\/v2\/posts\/33985\/revisions"}],"predecessor-version":[{"id":33987,"href":"https:\/\/mersinkadingazetesi.com\/index.php?rest_route=\/wp\/v2\/posts\/33985\/revisions\/33987"}],"wp:featuredmedia":[{"embeddable":true,"href":"https:\/\/mersinkadingazetesi.com\/index.php?rest_route=\/wp\/v2\/media\/33986"}],"wp:attachment":[{"href":"https:\/\/mersinkadingazetesi.com\/index.php?rest_route=%2Fwp%2Fv2%2Fmedia&parent=33985"}],"wp:term":[{"taxonomy":"category","embeddable":true,"href":"https:\/\/mersinkadingazetesi.com\/index.php?rest_route=%2Fwp%2Fv2%2Fcategories&post=33985"},{"taxonomy":"post_tag","embeddable":true,"href":"https:\/\/mersinkadingazetesi.com\/index.php?rest_route=%2Fwp%2Fv2%2Ftags&post=33985"}],"curies":[{"name":"wp","href":"https:\/\/api.w.org\/{rel}","templated":true}]}}