{"id":33991,"date":"2024-07-19T11:51:46","date_gmt":"2024-07-19T08:51:46","guid":{"rendered":"https:\/\/mersinkadingazetesi.com\/?p=33991"},"modified":"2024-07-19T11:51:47","modified_gmt":"2024-07-19T08:51:47","slug":"buyuksehirin-gulnar-cocuk-atolyesinde-minikler-sanatla-ogreniyor","status":"publish","type":"post","link":"https:\/\/mersinkadingazetesi.com\/?p=33991","title":{"rendered":"B\u00dcY\u00dcK\u015eEH\u0130R&#8217;\u0130N G\u00dcLNAR \u00c7OCUK AT\u00d6LYES\u0130&#8217;NDE M\u0130N\u0130KLER SANATLA \u00d6\u011eREN\u0130YOR"},"content":{"rendered":"\n<p>Mersin B\u00fcy\u00fck\u015fehir Belediyesi&#8217;nin k\u0131sa s\u00fcre \u00f6nce faaliyete ge\u00e7irdi\u011fi G\u00fclnar \u00c7ocuk At\u00f6lyesi&#8217;nde \u00e7ocuklara y\u00f6nelik nitelikli e\u011fitimler s\u00fcr\u00fcyor. Kad\u0131n ve Aile Hizmetleri Dairesi Ba\u015fkanl\u0131\u011f\u0131 taraf\u0131ndan G\u00fclnar&#8217;da hizmet vermeye ba\u015flayan G\u00fclnar \u00c7ocuk At\u00f6lyesi&#8217;ndeki \u00e7ocuklar, sanatla ve bilimle e\u011flenerek \u00f6\u011freniyor.<\/p>\n\n\n\n<p>Her ay bir bilim insan\u0131n\u0131n ya da sanat\u00e7\u0131n\u0131n tema olarak belirlendi\u011fi \u00c7ocuk At\u00f6lyesi&#8217;nde \u00e7ocuklar; \u015fekilleri, say\u0131lar\u0131, renkleri ve harfleri oyunlarla ve sanatla \u00f6\u011freniyor. Son olarak geometrik \u015fekillerden daireyi ressam Wassily Kandinsky&#8217;nin a\u011fac\u0131 ile \u00f6\u011frenen \u00e7ocuklar, \u00e7izdikleri daireleri renklendirerek e\u011flenceli zaman da ge\u00e7irdi.<\/p>\n\n\n\n<p><strong>Ya\u015far: &#8220;Amac\u0131m\u0131z, \u00e7ocuklara belli bir kazan\u0131m\u0131 do\u011fru bir \u015fekilde vermek&#8221;<\/strong><\/p>\n\n\n\n<p>Yak\u0131n zamanda a\u00e7\u0131lan at\u00f6lyede 36-72 ay aras\u0131 \u00e7ocuklara hizmet verdiklerini s\u00f6yleyen B\u00fcy\u00fck\u015fehir&#8217;e ba\u011fl\u0131 G\u00fclnar \u00c7ocuk At\u00f6lyesi&#8217;nde okul \u00f6ncesi \u00f6\u011fretmeni olan Fatma Ya\u015far, \u00e7ocuklara e\u011fitimi hem e\u011flenceli hem de sanatla i\u00e7 i\u00e7e \u00f6\u011frettiklerini kaydetti. Ama\u00e7lar\u0131n\u0131 anlatan Ya\u015far,&nbsp;<strong>&#8220;\u00c7ocuklara \u015fekilleri ve say\u0131lar\u0131 oyunlarla, sanat etkinlikleriyle birle\u015ftirerek \u00f6\u011fretiyoruz. Her ay belli ressamlar\u0131, bilim insanlar\u0131n\u0131 hedefliyor ve \u00e7ocuklar\u0131m\u0131za etkinlikler haz\u0131rl\u0131yoruz. Bu etkinliklerimizde amac\u0131m\u0131z; hem \u00e7ocuklar\u0131m\u0131z\u0131n s\u00fcrece aktif bir \u015fekilde kat\u0131l\u0131m\u0131n\u0131 sa\u011flamak, hem de oyun e\u015fli\u011finde belli bir kazan\u0131m\u0131 do\u011fru bir \u015fekilde vermek&#8221;&nbsp;<\/strong>s\u00f6zlerine yer verdi.<\/p>\n\n\n\n<p>Wassily Kandinsky&#8217;nin a\u011fac\u0131 ile bu ay miniklere geometrik \u015fekillerden daireyi \u00f6\u011frettiklerini belirten Ya\u015far,&nbsp;<strong>&#8220;Bir geometrik \u015fekil olan daireyi \u00f6\u011fretirken; renklerle, \u00e7izgilerle ve \u015fekillerle de duygular\u0131n\u0131 ifade etmeyi hedefliyoruz. K\u0131saca; geometrik \u015fekilleri sanatla, oyunlarla \u00f6\u011fretiyoruz&#8221;<\/strong>&nbsp;diye konu\u015ftu.<\/p>\n\n\n\n<p><strong>\u00c7ocuklar sanatla hem \u00f6\u011freniyor hem de e\u011fleniyor<\/strong><\/p>\n\n\n\n<p>Sanat etkinli\u011fi yapmay\u0131 \u00e7ok sevdi\u011fini s\u00f6yleyen at\u00f6lye \u00f6\u011frencilerinden Mehmet Efe Tekg\u00f6z,&nbsp;<strong>&#8220;Bug\u00fcn sanat etkinli\u011fi yap\u0131yoruz. Yuvarlak \u015fekiller \u00e7izdik, boyama yapt\u0131k. Wassily&#8217;in a\u011fac\u0131n\u0131 boyad\u0131k, \u00e7ok iyi ge\u00e7ti&#8221;<\/strong>&nbsp;dedi. Ressam\u0131n \u00e7izimlerini yapman\u0131n \u00e7ok keyifli oldu\u011funu kaydeden Ayb\u00fcke Bahar Ak\u00e7akuyu,&nbsp;<strong>&#8220;Yuvarlak \u015fekiller \u00e7izdik ve onu boyuyoruz. Daireyi b\u00f6yle \u00f6\u011frenmeyi \u00e7ok sevdim. Renkli boyalarla akl\u0131mda daha \u00e7ok kald\u0131&#8221;<\/strong>&nbsp;ifadelerini kulland\u0131.<\/p>\n\n\n\n<p>Daire \u00e7izmeyi \u00f6\u011frenen miniklerden Nadir Efe G\u00fcrgen,&nbsp;<strong>&#8220;Ressam\u0131n daire tablosunu \u00f6\u011frendik ve \u00e7ok e\u011flenceli ge\u00e7ti&#8221;<\/strong>&nbsp;diyerek, at\u00f6lyede olmay\u0131 \u00e7ok sevdi\u011fini kaydetti. Melisa Tekg\u00f6z ise,&nbsp;<strong>&#8220;Bug\u00fcn daireyi \u00f6\u011frendim. Daire \u00e7izip i\u00e7lerini boyad\u0131m. \u00c7ok e\u011flenceli ge\u00e7iyor. G\u00fclnar \u00c7ocuk At\u00f6lyesi&#8217;ni \u00e7ok seviyorum&#8221;<\/strong>&nbsp;\u015feklinde konu\u015ftu.<\/p>\n","protected":false},"excerpt":{"rendered":"<p>Mersin B\u00fcy\u00fck\u015fehir Belediyesi&#8217;nin k\u0131sa s\u00fcre \u00f6nce faaliyete ge\u00e7irdi\u011fi G\u00fclnar \u00c7ocuk At\u00f6lyesi&#8217;nde \u00e7ocuklara y\u00f6nelik nitelikli e\u011fitimler s\u00fcr\u00fcyor. Kad\u0131n ve Aile Hizmetleri Dairesi Ba\u015fkanl\u0131\u011f\u0131 taraf\u0131ndan G\u00fclnar&#8217;da hizmet vermeye ba\u015flayan G\u00fclnar \u00c7ocuk At\u00f6lyesi&#8217;ndeki \u00e7ocuklar, sanatla ve bilimle e\u011flenerek \u00f6\u011freniyor. Her ay bir bilim insan\u0131n\u0131n ya da sanat\u00e7\u0131n\u0131n tema olarak belirlendi\u011fi \u00c7ocuk At\u00f6lyesi&#8217;nde \u00e7ocuklar; \u015fekilleri, say\u0131lar\u0131, renkleri ve harfleri [&hellip;]<\/p>\n","protected":false},"author":2,"featured_media":33992,"comment_status":"closed","ping_status":"closed","sticky":false,"template":"","format":"standard","meta":{"footnotes":""},"categories":[2,3,5],"tags":[],"class_list":["post-33991","post","type-post","status-publish","format-standard","has-post-thumbnail","hentry","category-gundem","category-manset","category-mersin"],"views":6,"_links":{"self":[{"href":"https:\/\/mersinkadingazetesi.com\/index.php?rest_route=\/wp\/v2\/posts\/33991"}],"collection":[{"href":"https:\/\/mersinkadingazetesi.com\/index.php?rest_route=\/wp\/v2\/posts"}],"about":[{"href":"https:\/\/mersinkadingazetesi.com\/index.php?rest_route=\/wp\/v2\/types\/post"}],"author":[{"embeddable":true,"href":"https:\/\/mersinkadingazetesi.com\/index.php?rest_route=\/wp\/v2\/users\/2"}],"replies":[{"embeddable":true,"href":"https:\/\/mersinkadingazetesi.com\/index.php?rest_route=%2Fwp%2Fv2%2Fcomments&post=33991"}],"version-history":[{"count":1,"href":"https:\/\/mersinkadingazetesi.com\/index.php?rest_route=\/wp\/v2\/posts\/33991\/revisions"}],"predecessor-version":[{"id":33993,"href":"https:\/\/mersinkadingazetesi.com\/index.php?rest_route=\/wp\/v2\/posts\/33991\/revisions\/33993"}],"wp:featuredmedia":[{"embeddable":true,"href":"https:\/\/mersinkadingazetesi.com\/index.php?rest_route=\/wp\/v2\/media\/33992"}],"wp:attachment":[{"href":"https:\/\/mersinkadingazetesi.com\/index.php?rest_route=%2Fwp%2Fv2%2Fmedia&parent=33991"}],"wp:term":[{"taxonomy":"category","embeddable":true,"href":"https:\/\/mersinkadingazetesi.com\/index.php?rest_route=%2Fwp%2Fv2%2Fcategories&post=33991"},{"taxonomy":"post_tag","embeddable":true,"href":"https:\/\/mersinkadingazetesi.com\/index.php?rest_route=%2Fwp%2Fv2%2Ftags&post=33991"}],"curies":[{"name":"wp","href":"https:\/\/api.w.org\/{rel}","templated":true}]}}