{"id":33997,"date":"2024-07-19T11:56:27","date_gmt":"2024-07-19T08:56:27","guid":{"rendered":"https:\/\/mersinkadingazetesi.com\/?p=33997"},"modified":"2024-07-19T11:56:28","modified_gmt":"2024-07-19T08:56:28","slug":"baskan-tuncer-depremde-ailesini-kaybeden-ogrencilerle-moral-etkinliginde-bulustu","status":"publish","type":"post","link":"https:\/\/mersinkadingazetesi.com\/?p=33997","title":{"rendered":"BA\u015eKAN TUNCER DEPREMDE A\u0130LES\u0130N\u0130 KAYBEDEN \u00d6\u011eRENC\u0130LERLE MORAL ETK\u0130NL\u0130\u011e\u0130NDE BULU\u015eTU"},"content":{"rendered":"\n<p>Mezitli Belediye Ba\u015fkan\u0131 Ahmet Serkan Tuncer, Kad\u0131n Hekimler E\u011fitime Destek Vakf\u0131 (KAHEV) i\u015f birli\u011fiyle depremde ailelerini kaybeden \u00fcniversite \u00f6\u011frencilerine psikolojik destek sa\u011flamak i\u00e7in Mezitli Belediyesi Aquapark\u0131&#8217;nda d\u00fczenlenen moral etkinli\u011fine kat\u0131ld\u0131.<\/p>\n\n\n\n<p>Ba\u015fkan Tuncer depremde ailelerini kaybeden \u00fcniversite \u00f6\u011frencileri ile bir araya gelerek vakit ge\u00e7irdi. Ba\u015fkan Tuncer, etkinlik s\u0131ras\u0131nda yapt\u0131\u011f\u0131 konu\u015fmada depremzedelere desteklerinin s\u00fcrece\u011fini vurgulayarak \u015funlar\u0131 dile getirdi: &#8220;<strong>Mezitli&#8217;yi her zaman eviniz gibi g\u00f6rmelisiniz, kap\u0131m\u0131z size daima a\u00e7\u0131k. Ben her zaman yan\u0131n\u0131zday\u0131m<\/strong>.&#8221; dedi.<\/p>\n\n\n\n<p>Ba\u015fkan Tuncer&#8217;e desteklerinden \u00f6t\u00fcr\u00fc plaket takdiminin de yap\u0131ld\u0131\u011f\u0131 etkinlikte \u00f6\u011frenciler doyas\u0131ya e\u011flendi, Aquapark&#8217;\u0131n tad\u0131n\u0131 \u00e7\u0131kard\u0131. Ba\u015fkan Tuncer, etkinlik boyunca bireysel olarak \u00f6\u011frencilerle ilgilenip sohbet etti ve destek mesajlar\u0131n\u0131 iletti.<\/p>\n","protected":false},"excerpt":{"rendered":"<p>Mezitli Belediye Ba\u015fkan\u0131 Ahmet Serkan Tuncer, Kad\u0131n Hekimler E\u011fitime Destek Vakf\u0131 (KAHEV) i\u015f birli\u011fiyle depremde ailelerini kaybeden \u00fcniversite \u00f6\u011frencilerine psikolojik destek sa\u011flamak i\u00e7in Mezitli Belediyesi Aquapark\u0131&#8217;nda d\u00fczenlenen moral etkinli\u011fine kat\u0131ld\u0131. Ba\u015fkan Tuncer depremde ailelerini kaybeden \u00fcniversite \u00f6\u011frencileri ile bir araya gelerek vakit ge\u00e7irdi. Ba\u015fkan Tuncer, etkinlik s\u0131ras\u0131nda yapt\u0131\u011f\u0131 konu\u015fmada depremzedelere desteklerinin s\u00fcrece\u011fini vurgulayarak \u015funlar\u0131 dile [&hellip;]<\/p>\n","protected":false},"author":2,"featured_media":33998,"comment_status":"closed","ping_status":"closed","sticky":false,"template":"","format":"standard","meta":{"footnotes":""},"categories":[2,3],"tags":[],"class_list":["post-33997","post","type-post","status-publish","format-standard","has-post-thumbnail","hentry","category-gundem","category-manset"],"views":5,"_links":{"self":[{"href":"https:\/\/mersinkadingazetesi.com\/index.php?rest_route=\/wp\/v2\/posts\/33997"}],"collection":[{"href":"https:\/\/mersinkadingazetesi.com\/index.php?rest_route=\/wp\/v2\/posts"}],"about":[{"href":"https:\/\/mersinkadingazetesi.com\/index.php?rest_route=\/wp\/v2\/types\/post"}],"author":[{"embeddable":true,"href":"https:\/\/mersinkadingazetesi.com\/index.php?rest_route=\/wp\/v2\/users\/2"}],"replies":[{"embeddable":true,"href":"https:\/\/mersinkadingazetesi.com\/index.php?rest_route=%2Fwp%2Fv2%2Fcomments&post=33997"}],"version-history":[{"count":1,"href":"https:\/\/mersinkadingazetesi.com\/index.php?rest_route=\/wp\/v2\/posts\/33997\/revisions"}],"predecessor-version":[{"id":33999,"href":"https:\/\/mersinkadingazetesi.com\/index.php?rest_route=\/wp\/v2\/posts\/33997\/revisions\/33999"}],"wp:featuredmedia":[{"embeddable":true,"href":"https:\/\/mersinkadingazetesi.com\/index.php?rest_route=\/wp\/v2\/media\/33998"}],"wp:attachment":[{"href":"https:\/\/mersinkadingazetesi.com\/index.php?rest_route=%2Fwp%2Fv2%2Fmedia&parent=33997"}],"wp:term":[{"taxonomy":"category","embeddable":true,"href":"https:\/\/mersinkadingazetesi.com\/index.php?rest_route=%2Fwp%2Fv2%2Fcategories&post=33997"},{"taxonomy":"post_tag","embeddable":true,"href":"https:\/\/mersinkadingazetesi.com\/index.php?rest_route=%2Fwp%2Fv2%2Ftags&post=33997"}],"curies":[{"name":"wp","href":"https:\/\/api.w.org\/{rel}","templated":true}]}}