{"id":34000,"date":"2024-07-19T11:59:24","date_gmt":"2024-07-19T08:59:24","guid":{"rendered":"https:\/\/mersinkadingazetesi.com\/?p=34000"},"modified":"2024-07-19T11:59:25","modified_gmt":"2024-07-19T08:59:25","slug":"milletvekili-bozan-akpli-vekillere-ana-konteyner-limanini-sordu-hanginiz-dogru-soyluyor","status":"publish","type":"post","link":"https:\/\/mersinkadingazetesi.com\/?p=34000","title":{"rendered":"Milletvekili Bozan, AKP&#8217;li vekillere ana konteyner liman\u0131n\u0131 sordu: Hanginiz do\u011fru s\u00f6yl\u00fcyor?"},"content":{"rendered":"\n<blockquote class=\"wp-block-quote is-layout-flow wp-block-quote-is-layout-flow\">\n<p>DEM Parti Mersin Milletvekili Ali Bozan, Mersin\u2019e yap\u0131lmas\u0131 planlanan ancak daha sonra Adana\u2019ya tahsisi yap\u0131ld\u0131\u011f\u0131 s\u00f6ylenen ana konteyner liman\u0131 \u00fczerine AKP Adana ve Mersin Milletvekillerinin birbirleriyle \u00e7eli\u015fen a\u00e7\u0131klamalar\u0131 \u00fczerine \u201cHanginiz do\u011fru s\u00f6yl\u00fcyor\u201d diye sordu.&nbsp;<\/p>\n\n\n\n<p>AKP S\u00f6zc\u00fcs\u00fc \u00d6mer \u00c7elik\u2019in Adana\u2019ya Ana Konteyner Liman\u0131n\u0131n tahsisinin yap\u0131ld\u0131\u011f\u0131 a\u00e7\u0131klamas\u0131n\u0131n \u00fczerine Meclis\u2019te Mersin\u2019in konteyner hakk\u0131n\u0131n iptal olmad\u0131\u011f\u0131n\u0131 s\u00f6yleyen AKP Mersin Milletvekili Ali K\u0131ratl\u0131\u2019n\u0131n konu\u015fmas\u0131 kafalar\u0131 kar\u0131\u015ft\u0131rd\u0131. Konuya dair konu\u015fan Halklar\u0131n E\u015fitlik ve Demokrasi Partisi (DEM Parti) Mersin Milletvekili Ali Bozan, \u201cHanginiz do\u011fru s\u00f6yl\u00fcyor\u201d diye sordu.&nbsp;<\/p>\n\n\n\n<p>\u201cMERS\u0130NL\u0130LER ADINA SORUYORUM: HANG\u0130N\u0130Z DO\u011eRU S\u00d6YL\u00dcYOR?\u201d<\/p>\n\n\n\n<p>Milletvekili Bozan\u2019\u0131n konu\u015fmas\u0131 \u015f\u00f6yle;<\/p>\n\n\n\n<p>&nbsp;\u201cBug\u00fcn genel kurul a\u00e7\u0131l\u0131\u015f\u0131nda Mersinin farkl\u0131 partilere mensup vekilleri Mersin ana konteyner liman\u0131n\u0131 g\u00fcndeme getirdiler.&nbsp;<\/p>\n\n\n\n<p>\u0130ktidar partisinin vekili ise Mersin Lojistik Liman\u0131n\u0131n iptal olmad\u0131\u011f\u0131n\u0131 iddia etti.&nbsp;<\/p>\n\n\n\n<p>\u015eimdi Mersinliler ad\u0131na soruyorum.&nbsp;<\/p>\n\n\n\n<p>Bu konuda Yani AKP s\u00f6zc\u00fcs\u00fc ve Adana vekili \u00d6mer \u00c7elik mi do\u011fru s\u00f6yl\u00fcyor? AKP\u2019li vekil mi?&nbsp;<\/p>\n\n\n\n<p>Mersin\u2019e neyin cezas\u0131n kesiyorsunuz?<\/p>\n\n\n\n<p>Ana konteyner liman\u0131 Mersin\u2019in, Mersinlilerin hakk\u0131d\u0131r. Mersine \u00fcvey evlat muamelesi yapmaktan vazge\u00e7in\u201d.<\/p>\n<\/blockquote>\n","protected":false},"excerpt":{"rendered":"<p>DEM Parti Mersin Milletvekili Ali Bozan, Mersin\u2019e yap\u0131lmas\u0131 planlanan ancak daha sonra Adana\u2019ya tahsisi yap\u0131ld\u0131\u011f\u0131 s\u00f6ylenen ana konteyner liman\u0131 \u00fczerine AKP Adana ve Mersin Milletvekillerinin birbirleriyle \u00e7eli\u015fen a\u00e7\u0131klamalar\u0131 \u00fczerine \u201cHanginiz do\u011fru s\u00f6yl\u00fcyor\u201d diye sordu.&nbsp; AKP S\u00f6zc\u00fcs\u00fc \u00d6mer \u00c7elik\u2019in Adana\u2019ya Ana Konteyner Liman\u0131n\u0131n tahsisinin yap\u0131ld\u0131\u011f\u0131 a\u00e7\u0131klamas\u0131n\u0131n \u00fczerine Meclis\u2019te Mersin\u2019in konteyner hakk\u0131n\u0131n iptal olmad\u0131\u011f\u0131n\u0131 s\u00f6yleyen AKP Mersin [&hellip;]<\/p>\n","protected":false},"author":2,"featured_media":33983,"comment_status":"closed","ping_status":"closed","sticky":false,"template":"","format":"standard","meta":{"footnotes":""},"categories":[34,2,3,5,6],"tags":[],"class_list":["post-34000","post","type-post","status-publish","format-standard","has-post-thumbnail","hentry","category-flas-haber","category-gundem","category-manset","category-mersin","category-siyaset-2"],"views":5,"_links":{"self":[{"href":"https:\/\/mersinkadingazetesi.com\/index.php?rest_route=\/wp\/v2\/posts\/34000"}],"collection":[{"href":"https:\/\/mersinkadingazetesi.com\/index.php?rest_route=\/wp\/v2\/posts"}],"about":[{"href":"https:\/\/mersinkadingazetesi.com\/index.php?rest_route=\/wp\/v2\/types\/post"}],"author":[{"embeddable":true,"href":"https:\/\/mersinkadingazetesi.com\/index.php?rest_route=\/wp\/v2\/users\/2"}],"replies":[{"embeddable":true,"href":"https:\/\/mersinkadingazetesi.com\/index.php?rest_route=%2Fwp%2Fv2%2Fcomments&post=34000"}],"version-history":[{"count":1,"href":"https:\/\/mersinkadingazetesi.com\/index.php?rest_route=\/wp\/v2\/posts\/34000\/revisions"}],"predecessor-version":[{"id":34001,"href":"https:\/\/mersinkadingazetesi.com\/index.php?rest_route=\/wp\/v2\/posts\/34000\/revisions\/34001"}],"wp:featuredmedia":[{"embeddable":true,"href":"https:\/\/mersinkadingazetesi.com\/index.php?rest_route=\/wp\/v2\/media\/33983"}],"wp:attachment":[{"href":"https:\/\/mersinkadingazetesi.com\/index.php?rest_route=%2Fwp%2Fv2%2Fmedia&parent=34000"}],"wp:term":[{"taxonomy":"category","embeddable":true,"href":"https:\/\/mersinkadingazetesi.com\/index.php?rest_route=%2Fwp%2Fv2%2Fcategories&post=34000"},{"taxonomy":"post_tag","embeddable":true,"href":"https:\/\/mersinkadingazetesi.com\/index.php?rest_route=%2Fwp%2Fv2%2Ftags&post=34000"}],"curies":[{"name":"wp","href":"https:\/\/api.w.org\/{rel}","templated":true}]}}