{"id":34002,"date":"2024-07-19T12:18:48","date_gmt":"2024-07-19T09:18:48","guid":{"rendered":"https:\/\/mersinkadingazetesi.com\/?p=34002"},"modified":"2024-07-19T12:18:49","modified_gmt":"2024-07-19T09:18:49","slug":"limanin-mersine-ait-oldugu-soylenmisti","status":"publish","type":"post","link":"https:\/\/mersinkadingazetesi.com\/?p=34002","title":{"rendered":"&#8220;L\u0130MANIN MERS\u0130N&#8217;E A\u0130T OLDU\u011eU S\u00d6YLENM\u0130\u015eT\u0130!&#8221;"},"content":{"rendered":"\n<p>Mersin Ticaret Borsas\u0131 Ba\u015fkan\u0131 \u00d6. Abdullah \u00d6zdemir, Akdeniz&#8217;de&nbsp;yap\u0131lmas\u0131 planlanan ana konteyner liman\u0131n\u0131n Mersin&#8217;de yap\u0131lmas\u0131 gerekti\u011fini vurgulad\u0131. Konu hakk\u0131nda bir a\u00e7\u0131klama yapan \u00d6zdemir, &#8220;Son d\u00f6nemde yap\u0131lan a\u00e7\u0131klamalar, Adana-Yumurtal\u0131k\u2019ta ger\u00e7ekle\u015ftirilmesi planlanan ana konteyner liman\u0131 yat\u0131r\u0131m\u0131ndan bahsetmektedir. Ancak, bu yat\u0131r\u0131m\u0131n Mersin\u2019de yap\u0131lmas\u0131 planlanan ve t\u00fcm et\u00fctleri tamamlanm\u0131\u015f olan ana konteyner liman\u0131n\u0131n yerine mi, yoksa Mersin Ana Konteyner&nbsp;Liman\u0131&#8217;ndan&nbsp;ayr\u0131 bir yat\u0131r\u0131m olarak m\u0131 ger\u00e7ekle\u015ftirilece\u011fi konusunda net bir de\u011ferlendirme bulunmamaktad\u0131r.&#8221; dedi.<\/p>\n\n\n\n<p>&#8220;L\u0130MANIN MERS\u0130N&#8217;E A\u0130T OLDU\u011eU S\u00d6YLENM\u0130\u015eT\u0130!&#8221;<\/p>\n\n\n\n<p>1990\u2019l\u0131 y\u0131llarda projelendirilen ve 2000\u2019li y\u0131llarda fizibilite \u00e7al\u0131\u015fmalar\u0131 bitirilen Mersin Ana Konteyner Liman\u0131&#8217;n\u0131n \u00c7ED ba\u015fvuru dosyas\u0131n\u0131n, 2009 y\u0131l\u0131nda d\u00f6nemin Ula\u015ft\u0131rma Bakanl\u0131\u011f\u0131 taraf\u0131ndan nihai olarak kabul edildi\u011fini hat\u0131rlatan \u00d6zdemir, &#8220;Bu yat\u0131r\u0131m, 2013 y\u0131l\u0131nda yay\u0131nlanan 10. Kalk\u0131nma Plan\u0131&#8217;nda \u201cMersin Konteyner Liman\u0131 ve Filyos Liman\u0131&#8217;n\u0131n et\u00fcd-projeleri tamamlanm\u0131\u015f ve \u00c7andarl\u0131 Liman\u0131&#8217;n\u0131n yap\u0131m\u0131na ba\u015flanm\u0131\u015ft\u0131r\u201d a\u00e7\u0131klamas\u0131yla yer bulmu\u015ftur. Ula\u015ft\u0131rma ve Altyap\u0131 Bakanl\u0131\u011f\u0131&#8217;n\u0131n 2019 y\u0131l\u0131 performans raporunda da \u201c\u00c7andarl\u0131 Konteyner Liman\u0131 tamamlanacak, Mersin Konteyner Liman\u0131 ve Filyos Liman\u0131&#8217;n\u0131n yap\u0131m\u0131na ba\u015flanacakt\u0131r\u201d ifadesi yer alm\u0131\u015ft\u0131r. Ba\u015fka bir ifade ile Devletimiz Akdeniz, Karadeniz ve Ege b\u00f6lgelerinde \u00fc\u00e7 ana konteyner liman\u0131 yat\u0131r\u0131m\u0131na karar vermi\u015f ve Akdeniz B\u00f6lgesi i\u00e7in Mersin\u2019i se\u00e7mi\u015ftir.&nbsp;Ancak, 2019 y\u0131l\u0131nda yay\u0131nlanan 11. Kalk\u0131nma Plan\u0131 ve 2020 Y\u0131l\u0131 Cumhurba\u015fkanl\u0131\u011f\u0131 Y\u0131ll\u0131k&nbsp;Program\u0131&#8217;nda&nbsp;\u201cMersin\u201d ifadesi \u201cDo\u011fu Akdeniz\u201d olarak de\u011fi\u015ftirilmi\u015ftir. Buna kar\u015f\u0131n, 11. Kalk\u0131nma Plan\u0131 g\u00f6r\u00fc\u015fmelerinde d\u00f6nemin Plan ve B\u00fct\u00e7e Komisyonu Ba\u015fkan\u0131 Say\u0131n L\u00fctfi Elvan konu \u00fczerine e\u011fildi\u011finde, ayn\u0131 d\u00f6nemin Cumhurba\u015fkan\u0131 Yard\u0131mc\u0131s\u0131 Say\u0131n Fuat Oktay, projenin Mersin&#8217;e ait oldu\u011funu vurgulam\u0131\u015ft\u0131r. Ayr\u0131ca Say\u0131n Oktay, ger\u00e7ekle\u015ftirdi\u011fi Mersin ziyaretinde isme tak\u0131lmamak gerekti\u011fini,&nbsp;liman\u0131n&nbsp;yerinin Mersin oldu\u011funu ifade etmi\u015ftir.&#8221; \u015feklinde konu\u015ftu.<\/p>\n\n\n\n<p>&#8220;EN DO\u011eRU YATIRIM B\u00d6LGES\u0130N\u0130 SE\u00c7MEL\u0130Y\u0130Z&#8221;<\/p>\n\n\n\n<p>\u00d6zdemir \u015f\u00f6yle devam etti;<\/p>\n\n\n\n<p>&#8220;2023 y\u0131l\u0131nda yay\u0131nlanan 12. Kalk\u0131nma Plan\u0131 ile 2021, 2022, 2023, 2024 Cumhurba\u015fkanl\u0131\u011f\u0131 Y\u0131ll\u0131k Programlar\u0131nda ifade ayn\u0131 \u015fekilde \u201cDo\u011fu Akdeniz\u201d olarak muhafaza edilmi\u015f olup, son Cumhurba\u015fkanl\u0131\u011f\u0131 Y\u0131ll\u0131k Program\u0131nda \u201cAna liman&nbsp;in\u015fas\u0131&nbsp;i\u00e7in yer tespiti ve fizibilite \u00e7al\u0131\u015fmalar\u0131 tamamlanacakt\u0131r.\u201d \u015feklinde yer alm\u0131\u015ft\u0131r.&nbsp;Sonu\u00e7 olarak, uzun y\u0131llard\u0131r Mersinlilerin g\u00fcndeminde bulunan ve Mersin ile b\u00f6lge ekonomisine ivme kazand\u0131racak olan bu yat\u0131r\u0131m, t\u00fcm haz\u0131rl\u0131klar\u0131 tamamlanm\u0131\u015f olmas\u0131na ra\u011fmen halen rafta beklemektedir. Ayn\u0131 d\u00f6nemde yat\u0131r\u0131m karar\u0131 al\u0131nan Filyos ve \u00c7andarl\u0131 limanlar\u0131 belirli bir a\u015famaya ula\u015fmas\u0131na kar\u015f\u0131n, Mersin bu yat\u0131r\u0131mdan mahrum kalm\u0131\u015ft\u0131r. \u00dcstelik yetkililer taraf\u0131ndan yap\u0131lan \u201cAdana Konteyner Liman\u0131&#8217;n\u0131n yer tahsisinin onayland\u0131\u011f\u0131\u201d a\u00e7\u0131klamalar\u0131, zihinlerde soru i\u015faretleri olu\u015fturarak teredd\u00fctlere neden olmaktad\u0131r.&nbsp;Bu s\u00fcreci \u015fehirleraras\u0131 bir rekabet ya da yar\u0131\u015fma olarak de\u011fil, \u00fclkemiz a\u00e7\u0131s\u0131ndan en az maliyetle en y\u00fcksek verimin sa\u011flanaca\u011f\u0131 bir yat\u0131r\u0131m olarak g\u00f6rmekteyiz. Dolay\u0131s\u0131yla kaynaklar\u0131m\u0131z\u0131 etkin kullanmal\u0131 ve b\u00f6ylesi b\u00fcy\u00fck \u00f6l\u00e7ekli bir yat\u0131r\u0131m i\u00e7in en do\u011fru ve en uygun yat\u0131r\u0131m b\u00f6lgesini se\u00e7meliyiz.&#8221;<\/p>\n\n\n\n<p>&#8220;SORU \u0130\u015eARETLER\u0130N\u0130 KALDIRACAK B\u0130R A\u00c7IKLAMA GEREKL\u0130&#8221;<\/p>\n\n\n\n<p>&#8220;Mersin, bir liman kentidir ve konteyner elle\u00e7lemede T\u00fcrkiye\u2019nin en b\u00fcy\u00fck \u00fc\u00e7\u00fcnc\u00fc liman\u0131d\u0131r. Liman kenti olman\u0131n gerektirdi\u011fi altyap\u0131ya, \u00fcstyap\u0131ya, yerle\u015fmi\u015f bir liman i\u015fletmecili\u011fi ve ticaret k\u00fclt\u00fcr\u00fcne sahiptir. Serbest b\u00f6lgesi, g\u00fcmr\u00fck antrepolar\u0131, demiryolu ve karayolu ba\u011flant\u0131lar\u0131 ve g\u00fc\u00e7l\u00fc lojistik firmalar\u0131 ile bu co\u011frafyada ta\u015f\u0131mac\u0131l\u0131\u011f\u0131n merkez \u00fcss\u00fc konumundad\u0131r. Dolay\u0131s\u0131yla teknik, ekonomik ve maliyet a\u00e7\u0131s\u0131ndan bu yat\u0131r\u0131m i\u00e7in en uygun adrestir. \u00dcstelik, b\u00f6yle bir yat\u0131r\u0131m yabanc\u0131 yat\u0131r\u0131mc\u0131lar kanal\u0131yla ger\u00e7ekle\u015fecekse, her a\u00e7\u0131dan haz\u0131r, daha donan\u0131ml\u0131 ve her t\u00fcrl\u00fc imkana sahip olan Mersin, yat\u0131r\u0131mc\u0131lar i\u00e7in daha cazip bir tercih olacakt\u0131r.&nbsp;Son d\u00f6nemde yetkililer taraf\u0131ndan yap\u0131lan a\u00e7\u0131klamalar \u00e7er\u00e7evesinde, Devletimizden beklentimiz, Mersinlilerin zihinlerinde olu\u015fan soru i\u015faretlerini ve teredd\u00fctleri ortadan kald\u0131racak net bir a\u00e7\u0131klama ile bizleri&nbsp;ayd\u0131nlatmas\u0131d\u0131r. Bu yat\u0131r\u0131m baz\u0131 kesimlerin s\u00f6yledi\u011fi gibi hem Mersin hem de Adana\u2019da ayr\u0131 ayr\u0131 yap\u0131lacaksa e\u011fer, Ula\u015ft\u0131rma ve Altyap\u0131 Bakan\u0131m\u0131z taraf\u0131ndan a\u00e7\u0131klanmal\u0131d\u0131r. Mersin Milletvekillerimizden beklentimiz ise, aralar\u0131nda isti\u015fare ve i\u015f birli\u011fi i\u00e7erisinde bu hususta ilgili mercilerden bilgi almalar\u0131 ve Mersin kamuoyu ile&nbsp;payla\u015fmalar\u0131d\u0131r. Daha \u00f6nce kalk\u0131nma plan\u0131nda, lojistik ana planlar\u0131nda ve performans raporlar\u0131nda Mersin Ana Konteyner Liman\u0131 olarak yer alan, \u00fcstelik d\u00f6nemin Cumhurba\u015fkan\u0131 Yard\u0131mc\u0131s\u0131 Say\u0131n Fuat Oktay taraf\u0131ndan da yat\u0131r\u0131m\u0131n yeri olarak g\u00f6sterilen Mersin\u2019de bu yat\u0131r\u0131m\u0131n ivedilikle hayata ge\u00e7irilmesi ortak arzumuzdur.&#8221;<\/p>\n","protected":false},"excerpt":{"rendered":"<p>Mersin Ticaret Borsas\u0131 Ba\u015fkan\u0131 \u00d6. Abdullah \u00d6zdemir, Akdeniz&#8217;de&nbsp;yap\u0131lmas\u0131 planlanan ana konteyner liman\u0131n\u0131n Mersin&#8217;de yap\u0131lmas\u0131 gerekti\u011fini vurgulad\u0131. Konu hakk\u0131nda bir a\u00e7\u0131klama yapan \u00d6zdemir, &#8220;Son d\u00f6nemde yap\u0131lan a\u00e7\u0131klamalar, Adana-Yumurtal\u0131k\u2019ta ger\u00e7ekle\u015ftirilmesi planlanan ana konteyner liman\u0131 yat\u0131r\u0131m\u0131ndan bahsetmektedir. Ancak, bu yat\u0131r\u0131m\u0131n Mersin\u2019de yap\u0131lmas\u0131 planlanan ve t\u00fcm et\u00fctleri tamamlanm\u0131\u015f olan ana konteyner liman\u0131n\u0131n yerine mi, yoksa Mersin Ana Konteyner&nbsp;Liman\u0131&#8217;ndan&nbsp;ayr\u0131 bir [&hellip;]<\/p>\n","protected":false},"author":2,"featured_media":11879,"comment_status":"closed","ping_status":"closed","sticky":false,"template":"","format":"standard","meta":{"footnotes":""},"categories":[8,1,2,3,5],"tags":[],"class_list":["post-34002","post","type-post","status-publish","format-standard","has-post-thumbnail","hentry","category-ekonomi","category-genel","category-gundem","category-manset","category-mersin"],"views":18,"_links":{"self":[{"href":"https:\/\/mersinkadingazetesi.com\/index.php?rest_route=\/wp\/v2\/posts\/34002"}],"collection":[{"href":"https:\/\/mersinkadingazetesi.com\/index.php?rest_route=\/wp\/v2\/posts"}],"about":[{"href":"https:\/\/mersinkadingazetesi.com\/index.php?rest_route=\/wp\/v2\/types\/post"}],"author":[{"embeddable":true,"href":"https:\/\/mersinkadingazetesi.com\/index.php?rest_route=\/wp\/v2\/users\/2"}],"replies":[{"embeddable":true,"href":"https:\/\/mersinkadingazetesi.com\/index.php?rest_route=%2Fwp%2Fv2%2Fcomments&post=34002"}],"version-history":[{"count":1,"href":"https:\/\/mersinkadingazetesi.com\/index.php?rest_route=\/wp\/v2\/posts\/34002\/revisions"}],"predecessor-version":[{"id":34003,"href":"https:\/\/mersinkadingazetesi.com\/index.php?rest_route=\/wp\/v2\/posts\/34002\/revisions\/34003"}],"wp:featuredmedia":[{"embeddable":true,"href":"https:\/\/mersinkadingazetesi.com\/index.php?rest_route=\/wp\/v2\/media\/11879"}],"wp:attachment":[{"href":"https:\/\/mersinkadingazetesi.com\/index.php?rest_route=%2Fwp%2Fv2%2Fmedia&parent=34002"}],"wp:term":[{"taxonomy":"category","embeddable":true,"href":"https:\/\/mersinkadingazetesi.com\/index.php?rest_route=%2Fwp%2Fv2%2Fcategories&post=34002"},{"taxonomy":"post_tag","embeddable":true,"href":"https:\/\/mersinkadingazetesi.com\/index.php?rest_route=%2Fwp%2Fv2%2Ftags&post=34002"}],"curies":[{"name":"wp","href":"https:\/\/api.w.org\/{rel}","templated":true}]}}