{"id":34007,"date":"2024-07-20T22:13:47","date_gmt":"2024-07-20T19:13:47","guid":{"rendered":"https:\/\/mersinkadingazetesi.com\/?p=34007"},"modified":"2024-07-20T22:13:48","modified_gmt":"2024-07-20T19:13:48","slug":"buyuksehir-sayesinde-mersin-sokaklarindan-cocuk-kahkahalari-yukseliyor","status":"publish","type":"post","link":"https:\/\/mersinkadingazetesi.com\/?p=34007","title":{"rendered":"B\u00dcY\u00dcK\u015eEH\u0130R SAYES\u0130NDE, MERS\u0130N SOKAKLARINDAN \u00c7OCUK KAHKAHALARI Y\u00dcKSEL\u0130YOR"},"content":{"rendered":"\n<p>Mersin B\u00fcy\u00fck\u015fehir Belediyesi Kad\u0131n ve Aile Hizmetleri Dairesi, mahalle muhtarlar\u0131 ile i\u015f birli\u011fi i\u00e7erisinde \u00e7ocuklar i\u00e7in \u00e7e\u015fitli etkinlikler ger\u00e7ekle\u015ftiriyor. Mahalle muhtar\u0131 ve b\u00f6lge \u00e7ocuklar\u0131n\u0131n talep ve istekleri \u00fczerine hareket eden Kad\u0131n ve Aile Hizmetleri Dairesi Ba\u015fkanl\u0131\u011f\u0131 ekipleri, e\u011flenceli i\u00e7eriklerle Mersin&#8217;in d\u00f6rt bir yan\u0131ndan \u00e7ocuk kahkahalar\u0131 y\u00fckselmesini sa\u011fl\u0131yor. Son olarak Fuat Morel Mahallesi&#8217;nde ger\u00e7ekle\u015ftirilen duvar boyama etkinli\u011fi de onlardan bir tanesiydi.<\/p>\n\n\n\n<p>Fuat Morel Mahalle Muhtar\u0131 Didem Cevriye Demir&#8217;in mahallesinde bulunan bir binan\u0131n renklenmesi ad\u0131na B\u00fcy\u00fck\u015fehir Belediyesi&#8217;ne talebini iletmesi \u00fczerine ger\u00e7ekle\u015ftirilen etkinlikte \u00e7ocuklar doyas\u0131ya e\u011flendi. B\u00fcy\u00fck\u015fehir Belediyesi ekiplerinin m\u0131s\u0131r ikram\u0131, y\u00fcz boyama etkinli\u011fi ve palya\u00e7o g\u00f6sterisi ile e\u011flenen \u00e7ocuklar, renkli boyalarla mahallelerinde bulunan bir yap\u0131n\u0131n duvar\u0131na el bask\u0131s\u0131 yapt\u0131lar. B\u00fct\u00fcn mahalle \u00e7ocuklar\u0131n\u0131n \u015fark\u0131lar e\u015fli\u011finde e\u011flenerek ger\u00e7ekle\u015ftirdi\u011fi bask\u0131larla bina, reng\u00e2renk bir g\u00f6r\u00fcnt\u00fcye kavu\u015ftu. Daha \u00f6nce ho\u015f olmayan yaz\u0131lar\u0131n oldu\u011fu binan\u0131n d\u0131\u015f cephesi mahalle \u00e7ocuklar\u0131n\u0131n unutamayaca\u011f\u0131 bir an\u0131ya d\u00f6n\u00fc\u015ft\u00fc. Aileler de etkinlikten son derece memnun kald\u0131.<\/p>\n\n\n\n<p><strong>&#8220;D\u0131\u015f cephede \u00e7ocuklar\u0131n el izleri olsun istedik&#8221;<\/strong><\/p>\n\n\n\n<p>Fuat Moral Mahallesi Muhtar\u0131 Didem Cevriye Demir, etkinli\u011fin \u00e7\u0131k\u0131\u015f noktas\u0131ndan bahsederek,&nbsp;<strong>&#8220;Etkinli\u011fimize buradaki zarar g\u00f6rm\u00fc\u015f d\u0131\u015f cepheye el bask\u0131s\u0131 yapmakla ba\u015flad\u0131k. K\u00fcf\u00fcrler ve hakaretler yaz\u0131yordu. Bunu kapatmak istedik&#8221;<\/strong>&nbsp;dedi. Binan\u0131n renklenmesinde \u00e7ocuklar\u0131n da katk\u0131s\u0131 olmas\u0131n\u0131 istediklerini s\u00f6zlerine ekleyen Demir,&nbsp;<strong>&#8220;Amac\u0131m\u0131z \u00e7ocuklarla birlikte g\u00fczel bir \u015feyler yapmakt\u0131. Asl\u0131nda bu d\u0131\u015f cephede \u00e7ocuklar\u0131n el izleri olsun istedik ki kimse bir daha zarar vermek istemesin. \u00c7ocuklar ileriki ya\u015flar\u0131nda d\u00f6n\u00fcp&nbsp;<em>&#8216;bu benim el izimdi&#8217;<\/em>&nbsp;diyebilsinler diye onlarla birlikte bir etkinlik yapmak istedik&#8221;<\/strong>&nbsp;diye belirtti.<\/p>\n\n\n\n<p><strong>&#8220;B\u00fcy\u00fck\u015fehir Belediyemiz her zaman arkam\u0131zda&#8221;<\/strong><\/p>\n\n\n\n<p>Etkinlik i\u00e7in te\u015fekk\u00fcrlerini ileten Demir,&nbsp;<strong>&#8220;Uzun s\u00fcredir bu etkinli\u011fi plan\u0131n\u0131 yap\u0131yorduk. B\u00fcy\u00fck\u015fehir Belediyemiz sa\u011f olsun her zaman arkam\u0131zda. Biz bir \u015feylere karar verdi\u011fimizde b\u00fct\u00fcn ekip elinden ne geliyorsa yap\u0131yor. Desteklerini ve varl\u0131klar\u0131n\u0131 hissettiriyorlar. Hepsine can\u0131 g\u00f6n\u00fclden te\u015fekk\u00fcr ederiz&#8221;<\/strong>&nbsp;ifadelerini kulland\u0131.<\/p>\n\n\n\n<p><strong>&nbsp;&#8220;Aileler ve \u00e7ocuklar etkinlikten \u00e7ok memnun&#8221;<\/strong><\/p>\n\n\n\n<p>Kad\u0131n ve Aile Hizmetleri Daire Ba\u015fkanl\u0131\u011f\u0131&#8217;nda g\u00f6rev yapan Nazmiye Alt\u0131nba\u015fak, etkinlikle ilgili bilgi vererek,&nbsp;<strong>&#8220;Kad\u0131n muhtarlar\u0131m\u0131zla birlikte \u00e7ocuk etkinlikleri d\u00fczenliyoruz. Bug\u00fcnk\u00fc dura\u011f\u0131m\u0131z Fuat Morel Mahallesi. Buradaki \u00e7ocuklar\u0131m\u0131zla birlikte \u00e7e\u015fitli etkinlikler yapt\u0131k. Bu etkinliklerimizden bir tanesi duvar boyama etkinli\u011fi oldu. \u00c7ocuk \u015fark\u0131lar\u0131 e\u015fli\u011finde \u00e7ocuklar\u0131m\u0131za m\u0131s\u0131r ikram\u0131nda bulunduk. Keyifli vakit ge\u00e7irdiler. Aileler ve \u00e7ocuklar \u00e7ok memnun. G\u00fczel bir g\u00fcn ge\u00e7irmi\u015f olduk. Di\u011fer muhtarlar\u0131m\u0131zla i\u015f birli\u011fi i\u00e7erisinde bu t\u00fcr etkinlikler yapmaya devam edece\u011fiz&#8221;<\/strong>&nbsp;dedi.<\/p>\n\n\n\n<p><strong>&#8220;G\u00fcn\u00fcm \u00e7ok g\u00fczel ge\u00e7ti&#8221;<\/strong><\/p>\n\n\n\n<p>Asya Kara duvara bask\u0131 yaparken olduk\u00e7a e\u011flenen \u00e7ocuklardan biri. Kara,&nbsp;<strong>&#8220;Ellerimi ye\u015fil ve pembe renklere boyad\u0131m, duvara bask\u0131 yapt\u0131m. \u00c7ok e\u011flendim, \u00e7ok g\u00fczel ge\u00e7ti&#8221;<\/strong>&nbsp;c\u00fcmleleriyle duygular\u0131n\u0131 ifade ederken, Ecem Su G\u00fcr ise,&nbsp;<strong>&#8220;Bug\u00fcn buraya geldim, \u00e7ok e\u011flendim. Ellerimizi, y\u00fczlerimizi boyad\u0131k. \u00c7ok g\u00fczeldi&#8221;<\/strong>&nbsp;dedi. Kuzeniyle gelen Zeynep \u00d6zdemir de duygular\u0131n\u0131,&nbsp;<strong>&#8220;\u00c7ok g\u00fczeldi. Y\u00fcz\u00fcm\u00fc boyad\u0131m, duvarlara ellerimizin bask\u0131s\u0131n\u0131 yapt\u0131k. G\u00fcn\u00fcm \u00e7ok g\u00fczel ge\u00e7ti. B\u00f6yle bir etkinli\u011fin bir daha olmas\u0131n\u0131 \u00e7ok isterdim&#8221;<\/strong>&nbsp;c\u00fcmleleriyle anlatt\u0131.<\/p>\n\n\n\n<p><strong>&#8220;\u00c7ok e\u011flendim, \u00e7ok g\u00fczel bir etkinlik olmu\u015f&#8221;<\/strong><\/p>\n\n\n\n<p>Etkinli\u011fe kuzenlerini getirdi\u011fini ancak kendisinin de \u00e7ok e\u011flendi\u011fini s\u00f6yleyen G\u00fclay \u00d6zdemir,&nbsp;<strong>&#8220;E\u011flenmeleri i\u00e7in kuzenlerimi getirdim. Y\u00fcz boyamas\u0131 yapt\u0131lar, duvara basma yapt\u0131lar. Foto\u011fraf \u00e7ekinmek ve e\u011flenmek i\u00e7in ben de yapt\u0131m. Duvarlar g\u00fczel oluyor. \u00c7ok e\u011flendim, \u00e7ok g\u00fczel bir etkinlik olmu\u015f&#8221;<\/strong>&nbsp;\u015feklinde konu\u015ftu.<\/p>\n\n\n\n<p><strong>&#8220;Bu etkinlik bana \u00e7ok e\u011flenceli geldi&#8221;<\/strong><\/p>\n\n\n\n<p>Duvara elleriyle boya bask\u0131s\u0131 yapan \u00e7ocuklardan Mira\u00e7 Saygun,&nbsp;<strong>&#8220;\u0130lk \u00f6nce elimi boyad\u0131m, duvara s\u00fcrd\u00fck. \u00c7ok g\u00fczeldi. E\u011fleniyorum&#8221;<\/strong>&nbsp;derken, Esma Tutu\u015f ise,&nbsp;<strong>&#8220;Ellerimi boyad\u0131m, duvara s\u00fcrd\u00fcm. Y\u00fcz\u00fcm\u00fc boyad\u0131m, e\u011fleniyorum. Bu etkinlik bana \u00e7ok e\u011flenceli geldi&#8221;<\/strong>&nbsp;diye konu\u015ftu.<\/p>\n","protected":false},"excerpt":{"rendered":"<p>Mersin B\u00fcy\u00fck\u015fehir Belediyesi Kad\u0131n ve Aile Hizmetleri Dairesi, mahalle muhtarlar\u0131 ile i\u015f birli\u011fi i\u00e7erisinde \u00e7ocuklar i\u00e7in \u00e7e\u015fitli etkinlikler ger\u00e7ekle\u015ftiriyor. Mahalle muhtar\u0131 ve b\u00f6lge \u00e7ocuklar\u0131n\u0131n talep ve istekleri \u00fczerine hareket eden Kad\u0131n ve Aile Hizmetleri Dairesi Ba\u015fkanl\u0131\u011f\u0131 ekipleri, e\u011flenceli i\u00e7eriklerle Mersin&#8217;in d\u00f6rt bir yan\u0131ndan \u00e7ocuk kahkahalar\u0131 y\u00fckselmesini sa\u011fl\u0131yor. Son olarak Fuat Morel Mahallesi&#8217;nde ger\u00e7ekle\u015ftirilen duvar boyama [&hellip;]<\/p>\n","protected":false},"author":2,"featured_media":34008,"comment_status":"closed","ping_status":"closed","sticky":false,"template":"","format":"standard","meta":{"footnotes":""},"categories":[2],"tags":[],"class_list":["post-34007","post","type-post","status-publish","format-standard","has-post-thumbnail","hentry","category-gundem"],"views":4,"_links":{"self":[{"href":"https:\/\/mersinkadingazetesi.com\/index.php?rest_route=\/wp\/v2\/posts\/34007"}],"collection":[{"href":"https:\/\/mersinkadingazetesi.com\/index.php?rest_route=\/wp\/v2\/posts"}],"about":[{"href":"https:\/\/mersinkadingazetesi.com\/index.php?rest_route=\/wp\/v2\/types\/post"}],"author":[{"embeddable":true,"href":"https:\/\/mersinkadingazetesi.com\/index.php?rest_route=\/wp\/v2\/users\/2"}],"replies":[{"embeddable":true,"href":"https:\/\/mersinkadingazetesi.com\/index.php?rest_route=%2Fwp%2Fv2%2Fcomments&post=34007"}],"version-history":[{"count":1,"href":"https:\/\/mersinkadingazetesi.com\/index.php?rest_route=\/wp\/v2\/posts\/34007\/revisions"}],"predecessor-version":[{"id":34009,"href":"https:\/\/mersinkadingazetesi.com\/index.php?rest_route=\/wp\/v2\/posts\/34007\/revisions\/34009"}],"wp:featuredmedia":[{"embeddable":true,"href":"https:\/\/mersinkadingazetesi.com\/index.php?rest_route=\/wp\/v2\/media\/34008"}],"wp:attachment":[{"href":"https:\/\/mersinkadingazetesi.com\/index.php?rest_route=%2Fwp%2Fv2%2Fmedia&parent=34007"}],"wp:term":[{"taxonomy":"category","embeddable":true,"href":"https:\/\/mersinkadingazetesi.com\/index.php?rest_route=%2Fwp%2Fv2%2Fcategories&post=34007"},{"taxonomy":"post_tag","embeddable":true,"href":"https:\/\/mersinkadingazetesi.com\/index.php?rest_route=%2Fwp%2Fv2%2Ftags&post=34007"}],"curies":[{"name":"wp","href":"https:\/\/api.w.org\/{rel}","templated":true}]}}