{"id":34010,"date":"2024-07-20T22:15:37","date_gmt":"2024-07-20T19:15:37","guid":{"rendered":"https:\/\/mersinkadingazetesi.com\/?p=34010"},"modified":"2024-07-20T22:15:37","modified_gmt":"2024-07-20T19:15:37","slug":"gerekirse-halkimizla-beraber-sokaklarimizi-temizleriz","status":"publish","type":"post","link":"https:\/\/mersinkadingazetesi.com\/?p=34010","title":{"rendered":"&#8220;Gerekirse halk\u0131m\u0131zla beraber sokaklar\u0131m\u0131z\u0131 temizleriz&#8221;"},"content":{"rendered":"\n<p>Toroslar Belediye Ba\u015fkan\u0131 Abdurrahman Y\u0131ld\u0131z, senelerdir yeterli temizlik hizmeti alamayan mahallelerde temizlik seferberli\u011fi ba\u015flatt\u0131. Ge\u00e7mi\u015f d\u00f6nemden kalan vergi bor\u00e7lar\u0131 nedeniyle belediyenin \u0130ller Bankas\u0131ndan gelen paylar\u0131na&nbsp;<a><\/a>el konuldu\u011funu ifade eden Ba\u015fkan Y\u0131ld\u0131z, &#8220;Ama bu bizim \u00e7al\u0131\u015fmalar\u0131m\u0131z\u0131 ve hizmet a\u015fk\u0131m\u0131z\u0131 durdurmayacak.&nbsp; Gerekirse biz halk\u0131m\u0131zla beraber sokaklar\u0131m\u0131z\u0131 temizleyece\u011fiz&#8221; dedi.<\/p>\n\n\n\n<p>31 Mart 2024&#8217;te yap\u0131lan yerel se\u00e7imlerde Toroslar Belediye Ba\u015fkan\u0131 se\u00e7ilen Abdurrahman Y\u0131ld\u0131z, \u00f6nceki d\u00f6nemlerde yeterli oranda temizlik hizmeti alamayan mahallelerde uygulanacak temizlik seferberli\u011fine Alsancak ve Demirta\u015f mahallelerinden ba\u015flad\u0131.<\/p>\n\n\n\n<p>\u00c7ok say\u0131da temizlik i\u015f\u00e7isi ve temizlik arac\u0131 sabah erken saatlerden itibaren her iki mahallenin t\u00fcm sokaklar\u0131na girdi, adeta dipk\u00f6\u015fe temizlik yapt\u0131.<\/p>\n\n\n\n<p>Toroslar Belediye Ba\u015fkan\u0131 Abdurrahman Y\u0131ld\u0131z da hem mahalle sakinleri aras\u0131nda fark\u0131ndal\u0131k yaratmak hem de belediyenin \u0130ller Bankas\u0131ndan gelen paras\u0131na Maliye Bakanl\u0131\u011f\u0131nca el konulmas\u0131na dikkat \u00e7ekmek i\u00e7in temizlik \u00e7al\u0131\u015fmalar\u0131na kat\u0131ld\u0131.<\/p>\n\n\n\n<p>Ba\u015fkan Y\u0131ld\u0131z, enc\u00fcmen ve meclis \u00fcyeleriyle birlikte eldivenlerini takt\u0131,&nbsp; sokak aralar\u0131nda at\u0131klar\u0131n toplanmas\u0131na yard\u0131m etti ve vatanda\u015flara \u00e7evreyi temiz tutmalar\u0131, \u00e7\u00f6p konteynerlerini kullanmalar\u0131 konusunda payla\u015f\u0131mda bulundu.<\/p>\n\n\n\n<p>Ba\u015fkan Y\u0131ld\u0131z, etkinli\u011fin ard\u0131ndan mahalle sakinleriyle sohbet etti ve neden b\u00f6yle bir temizlik seferberli\u011fi ba\u015flatt\u0131klar\u0131n\u0131 anlatt\u0131.<\/p>\n\n\n\n<p>Ba\u015fkan Y\u0131ld\u0131z,&nbsp; &#8220;Bu mahallelerde bug\u00fcne kadar, belediyemiz kuruldu\u011fu g\u00fcnden bug\u00fcne kadar yeteri kadar vermesi gereken standart belediyecilik hizmetini vermemi\u015f. Zaten buraya girdi\u011fimizde de vatanda\u015flardan bu sitemleri duyuyoruz&#8221; dedi.<\/p>\n\n\n\n<p>Vatanda\u015flar\u0131n temizlik konusunda daha hassas olmas\u0131n\u0131 isteyen Ba\u015fkan Y\u0131ld\u0131z, &#8220;Temiz olabilmenin birinci ko\u015fullu asl\u0131nda temiz b\u0131rakmaktan ge\u00e7iyor. \u00c7\u00f6plerin mutlaka po\u015fetlenerek konteyn\u0131rlara at\u0131lmas\u0131 gerekiyor. Mahallemizdeki kontenynir bir k\u0131s\u0131m koku vesaire yay\u0131yor olabilir bunlarla ilgili belediyemiz bir \u00e7al\u0131\u015fma yap\u0131yor. \u00d6zellikle Alsancak ve Demirta\u015f&#8217;taki konteyn\u0131rlar\u0131m\u0131z\u0131n tamam\u0131n\u0131 yenilemek \u00fczere bir \u00e7al\u0131\u015fma yapt\u0131k. \u00d6n\u00fcm\u00fczdeki 2 hafta i\u00e7erisinde buraya yeni s\u0131f\u0131r kontenyn\u0131rler\u0131 getirip b\u0131rakaca\u011f\u0131z. Halk\u0131m\u0131z\u0131n da mutlaka \u00e7\u00f6plerini bu konteyn\u0131rlara paketlenmi\u015f bir \u015fekilde atmalar\u0131n\u0131 rica ediyorum. \u00c7\u00fcnk\u00fc bunlar\u0131n i\u00e7indeki organik at\u0131klar\u0131, yani yemek at\u0131klar\u0131m\u0131z vesaire sa\u011fa sola veya bo\u015f arsalara b\u0131rakt\u0131\u011f\u0131m\u0131zda hemen ard\u0131ndan mahalledeki hayvanlar taraf\u0131ndan par\u00e7alan\u0131yor ve bu organik \u00e7\u00f6p b\u00fct\u00fcn mahalleye yay\u0131l\u0131yor. Bu sinek yap\u0131yor bu koku yap\u0131yor. Dolay\u0131s\u0131yla halk\u0131m\u0131z\u0131n da temizlik konusunda hassas olmas\u0131 gerekti\u011fi kanaatindeyim ve ben bunu bilhassa kendilerinden rica ediyorum&#8221; dedi.<\/p>\n\n\n\n<p><strong>&#8220;\u0130LLER BANKASI PAYIMIZIN B\u00dcY\u00dcK KISMINA EL KONULDU AMA H\u0130ZMET\u0130 AKSATMAYACA\u011eIZ&#8221;<\/strong><\/p>\n\n\n\n<p>Merkezi h\u00fck\u00fcmetin, belediyelerin gelirlerine toplu \u015fekilde bloke koymas\u0131 uygulamas\u0131na da de\u011finen Ba\u015fkan Y\u0131ld\u0131z,&nbsp; &#8220;Belediyelerimizin gelirleri \u00f6nemli oranda ge\u00e7mi\u015f d\u00f6nem ve y\u0131llardan vergi ve sigorta bor\u00e7lar\u0131 nedeniyle kesilmeye ba\u015fland\u0131. Ama bu bizim \u00e7al\u0131\u015fmalar\u0131m\u0131z\u0131 ve hizmet a\u015fk\u0131m\u0131z\u0131 durdurmayacak. Defaatla s\u00f6yledik, yine s\u00f6yl\u00fcyoruz. Gerekirse biz kendi halk\u0131m\u0131zla beraber hep beraber sokaklar\u0131m\u0131z\u0131 temizleyece\u011fiz. B\u00fct\u00fcn b\u00fct\u00e7e tasarruflar\u0131na ra\u011fmen,&nbsp; param\u0131z\u0131n \u00f6nemli k\u0131sm\u0131na \u0130ller Bankas\u0131 taraf\u0131ndan el konulmu\u015f olmas\u0131na ra\u011fmen biz gerekirse halk\u0131m\u0131zla beraber, personellerimizle beraber, belediye meclis \u00fcyelerimizle, mahalle muhtarlar\u0131m\u0131zla birlikte kendi mahallelerimizi ba\u015ftan a\u015fa\u011f\u0131ya temizleyece\u011fiz. Yani Toroslar halk\u0131, burada mutlaka hak etti\u011fi hizmeti alacak. Temiz bir mahallede hep beraber ya\u015fayaca\u011f\u0131z.&nbsp; Temiz bir ortamda ya\u015famaya devam edece\u011fiz ama kesinlikle ve kesinlikle hizmetleri durdurmayaca\u011f\u0131z&#8221; dedi.<\/p>\n\n\n\n<p>Demirta\u015f Mahalle Muhtar\u0131 Abdulselam Aksu, mahallelerde ba\u015flat\u0131lan kapsaml\u0131 temizlik \u00e7al\u0131\u015fmas\u0131n\u0131n Toroslar halk\u0131 ad\u0131na \u00f6nemli bir hizmet oldu\u011funa dikkat \u00e7ekerek, &#8220;Toroslar Belediye Ba\u015fkan\u0131m\u0131z Abdurrahman Y\u0131ld\u0131z&#8217;a te\u015fekk\u00fcr ederim. Belediye Ba\u015fkan\u0131m\u0131z\u0131n bu \u00e7al\u0131\u015fmas\u0131yla daha g\u00fczel bir Demirta\u015f Mahallesi&#8217;nde ya\u015fayaca\u011f\u0131z&#8221; dedi.<\/p>\n\n\n\n<p>Alsancak Mahalle Muhtar\u0131 Mustafa Ata\u015f da Ba\u015fkan Y\u0131ld\u0131z&#8217;a ve ekibine te\u015fekk\u00fcr ederek, &#8220;Geleneksel hale gelecek olan temizlik seferberli\u011fi uygulamas\u0131ndan dolay\u0131 Ba\u015fkan\u0131m\u0131za te\u015fekk\u00fcr ediyoruz. Mahallemiz in\u015fallah daha da temiz olacak&#8221; ifadelerini kulland\u0131.<\/p>\n\n\n\n<p>Mahalle sakinleri de en g\u00fczel temizli\u011fin kirletmemek oldu\u011funu s\u00f6yleyerek, el ele verip sokaklar\u0131n daha temiz kalmas\u0131 i\u00e7in t\u00fcm vatanda\u015flar\u0131n gayret g\u00f6stermesi gerekti\u011fine vurgu yapt\u0131.<\/p>\n","protected":false},"excerpt":{"rendered":"<p>Toroslar Belediye Ba\u015fkan\u0131 Abdurrahman Y\u0131ld\u0131z, senelerdir yeterli temizlik hizmeti alamayan mahallelerde temizlik seferberli\u011fi ba\u015flatt\u0131. Ge\u00e7mi\u015f d\u00f6nemden kalan vergi bor\u00e7lar\u0131 nedeniyle belediyenin \u0130ller Bankas\u0131ndan gelen paylar\u0131na&nbsp;el konuldu\u011funu ifade eden Ba\u015fkan Y\u0131ld\u0131z, &#8220;Ama bu bizim \u00e7al\u0131\u015fmalar\u0131m\u0131z\u0131 ve hizmet a\u015fk\u0131m\u0131z\u0131 durdurmayacak.&nbsp; Gerekirse biz halk\u0131m\u0131zla beraber sokaklar\u0131m\u0131z\u0131 temizleyece\u011fiz&#8221; dedi. 31 Mart 2024&#8217;te yap\u0131lan yerel se\u00e7imlerde Toroslar Belediye Ba\u015fkan\u0131 se\u00e7ilen [&hellip;]<\/p>\n","protected":false},"author":2,"featured_media":34011,"comment_status":"closed","ping_status":"closed","sticky":false,"template":"","format":"standard","meta":{"footnotes":""},"categories":[2,3,5],"tags":[],"class_list":["post-34010","post","type-post","status-publish","format-standard","has-post-thumbnail","hentry","category-gundem","category-manset","category-mersin"],"views":6,"_links":{"self":[{"href":"https:\/\/mersinkadingazetesi.com\/index.php?rest_route=\/wp\/v2\/posts\/34010"}],"collection":[{"href":"https:\/\/mersinkadingazetesi.com\/index.php?rest_route=\/wp\/v2\/posts"}],"about":[{"href":"https:\/\/mersinkadingazetesi.com\/index.php?rest_route=\/wp\/v2\/types\/post"}],"author":[{"embeddable":true,"href":"https:\/\/mersinkadingazetesi.com\/index.php?rest_route=\/wp\/v2\/users\/2"}],"replies":[{"embeddable":true,"href":"https:\/\/mersinkadingazetesi.com\/index.php?rest_route=%2Fwp%2Fv2%2Fcomments&post=34010"}],"version-history":[{"count":1,"href":"https:\/\/mersinkadingazetesi.com\/index.php?rest_route=\/wp\/v2\/posts\/34010\/revisions"}],"predecessor-version":[{"id":34012,"href":"https:\/\/mersinkadingazetesi.com\/index.php?rest_route=\/wp\/v2\/posts\/34010\/revisions\/34012"}],"wp:featuredmedia":[{"embeddable":true,"href":"https:\/\/mersinkadingazetesi.com\/index.php?rest_route=\/wp\/v2\/media\/34011"}],"wp:attachment":[{"href":"https:\/\/mersinkadingazetesi.com\/index.php?rest_route=%2Fwp%2Fv2%2Fmedia&parent=34010"}],"wp:term":[{"taxonomy":"category","embeddable":true,"href":"https:\/\/mersinkadingazetesi.com\/index.php?rest_route=%2Fwp%2Fv2%2Fcategories&post=34010"},{"taxonomy":"post_tag","embeddable":true,"href":"https:\/\/mersinkadingazetesi.com\/index.php?rest_route=%2Fwp%2Fv2%2Ftags&post=34010"}],"curies":[{"name":"wp","href":"https:\/\/api.w.org\/{rel}","templated":true}]}}