{"id":34013,"date":"2024-07-20T22:16:58","date_gmt":"2024-07-20T19:16:58","guid":{"rendered":"https:\/\/mersinkadingazetesi.com\/?p=34013"},"modified":"2024-07-20T22:16:59","modified_gmt":"2024-07-20T19:16:59","slug":"secim-sonuclari-emegin-ve-halkin-yaninda-olmanin-urunudur","status":"publish","type":"post","link":"https:\/\/mersinkadingazetesi.com\/?p=34013","title":{"rendered":"&#8220;SE\u00c7\u0130M SONU\u00c7LARI, EME\u011e\u0130N VE HALKIN YANINDA OLMANIN \u00dcR\u00dcN\u00dcD\u00dcR&#8221;"},"content":{"rendered":"\n<p>Mersin B\u00fcy\u00fck\u015fehir Belediye Ba\u015fkan\u0131 Vahap Se\u00e7er, Cumhuriyet Halk Partisi (CHP) Mersin Kad\u0131n Kollar\u0131 \u0130l Kongresi&#8217;ne kat\u0131ld\u0131.<\/p>\n\n\n\n<p>Mersin B\u00fcy\u00fck\u015fehir Belediyesi Kongre Merkezi&#8217;nde d\u00fczenlenen kongreye Ba\u015fkan Se\u00e7er&#8217;in yan\u0131 s\u0131ra, Ayd\u0131nc\u0131k Belediye Ba\u015fkan\u0131 \u00d6zkan K\u0131l\u0131\u00e7arpa, CHP Mersin Milletvekilleri G\u00fclcan K\u0131\u015f, Talat Din\u00e7er ve Hasan Ufuk \u00c7ak\u0131r, CHP Mersin \u0130l Ba\u015fkan\u0131 Koral \u00d6m\u00fcr, CHP Mersin \u0130l Kad\u0131n Kollar\u0131 Ba\u015fkan\u0131 G\u00fcl\u015fah Y\u0131ld\u0131r\u0131m Gen\u00e7, CHP \u00f6nceki d\u00f6nem Kad\u0131n Kollar\u0131 Genel Ba\u015fkan\u0131 Fatma K\u00f6se, il ve il\u00e7e y\u00f6neticileri ve partililer kat\u0131ld\u0131.<\/p>\n\n\n\n<p><strong>&#8220;CHP&#8217;nin herkesin yan\u0131 ba\u015f\u0131nda oldu\u011fu ger\u00e7e\u011fi g\u00f6r\u00fclmeye ba\u015fland\u0131&#8221;<\/strong><\/p>\n\n\n\n<p>CHP Mersin \u0130l Kad\u0131n Kollar\u0131 se\u00e7iminde konu\u015fan Ba\u015fkan Se\u00e7er, \u00f6nce K\u0131br\u0131s Bar\u0131\u015f Harekat\u0131&#8217;n\u0131n y\u0131l d\u00f6n\u00fcm\u00fc olan 20 Temmuz Bar\u0131\u015f ve \u00d6zg\u00fcrl\u00fck Bayram\u0131&#8217;n\u0131 kutlad\u0131. Partililere seslenen Ba\u015fkan Se\u00e7er, 2023 genel se\u00e7imi s\u00fcreci ve sonras\u0131nda kad\u0131n kollar\u0131 il ve il\u00e7e te\u015fkilatlar\u0131n\u0131n yorucu bir s\u00fcre\u00e7ten ge\u00e7ti\u011fini ifade ederken, ba\u015far\u0131 i\u00e7in \u00e7ok \u00e7al\u0131\u015fman\u0131n ve ge\u00e7mi\u015fi geride b\u0131rakarak ileriye bakman\u0131n \u00f6nemli oldu\u011funa de\u011findi.<\/p>\n\n\n\n<p>CHP oylar\u0131nda rakamsal bir y\u00fckseli\u015fin oldu\u011funu vurgulayan ve iktidara ramak kald\u0131\u011f\u0131n\u0131 hat\u0131rlatan Se\u00e7er, Mersin \u00f6zelinde de merkezin d\u0131\u015f\u0131ndaki il\u00e7elerde oy y\u00fckseli\u015finin oldu\u011funu kaydetti. Se\u00e7er,&nbsp;<strong>&#8220;CHP&#8217;li belediyenin ve belediye ba\u015fkan\u0131n\u0131n Anamur&#8217;dan Mut&#8217;a, \u00c7aml\u0131yayla&#8217;dan Tarsus&#8217;a kadar da art\u0131k ses getirdi\u011fi; \u00e7ocu\u011fun, ya\u015fl\u0131n\u0131n, gencin, \u00e7ift\u00e7inin, esnaf\u0131n, i\u015f insan\u0131n\u0131n, i\u015f\u00e7inin, \u00f6\u011frencinin yan\u0131 ba\u015f\u0131nda oldu\u011fu ger\u00e7e\u011fi de art\u0131k g\u00f6r\u00fclmeye ba\u015flam\u0131\u015ft\u0131r&#8221;<\/strong>&nbsp;diye belirtti.<\/p>\n\n\n\n<p><strong>&#8220;Se\u00e7im sonu\u00e7lar\u0131, eme\u011fin ve halk\u0131n yan\u0131nda olman\u0131n \u00fcr\u00fcn\u00fcd\u00fcr&#8221;<\/strong><\/p>\n\n\n\n<p>2024 se\u00e7imi sonu\u00e7lar\u0131n\u0131n tesad\u00fcf olmad\u0131\u011f\u0131n\u0131 s\u00f6zlerine ekleyen Se\u00e7er,&nbsp;<strong><em>&#8220;&#8216;2024 yerel se\u00e7imlerinde Mersin&#8217;de, B\u00fcy\u00fck\u015fehir&#8217;de \u00e7\u0131kan rekor oy genel anlamda konjonkt\u00fcreldir, kazanan 7 belediye ba\u015fkan\u0131 konjonkt\u00fcrel bir geli\u015fmedir&#8217;<\/em>&nbsp;diyen siyasal hata i\u00e7ine d\u00fc\u015fer, yanl\u0131\u015f s\u00f6yler. Eme\u011fin, do\u011fru siyasetin, do\u011fru insanlarla y\u00fcr\u00fcmenin, do\u011fru politikalar\u0131n, halka gitmenin ve hizmetin \u00fcr\u00fcn\u00fc. \u0130nsanlar\u0131, \u00e7ocu\u011fu, genci, ya\u015fl\u0131y\u0131, engelliyi sevmenin; yani halk\u0131n yan\u0131nda olman\u0131n \u00fcr\u00fcn\u00fcd\u00fcr. Bu se\u00e7imin sonucu budur&#8221;<\/strong>&nbsp;dedi.<\/p>\n\n\n\n<p>Bu sonu\u00e7lara ra\u011fmen ma\u011frur davran\u0131lmamas\u0131 ve siyasal oyunlar\u0131n i\u00e7erisine girilmemesi gerekti\u011finin alt\u0131n\u0131 \u00e7izen Se\u00e7er,&nbsp;<strong>&#8220;Bizim amac\u0131m\u0131z art\u0131k Mersin B\u00fcy\u00fck\u015fehir Belediyesi&#8217;ni ve il\u00e7e belediyeleri kazanman\u0131n \u00f6tesinde olmal\u0131. Kazand\u0131k, zaten ba\u015far\u0131l\u0131 olaca\u011f\u0131z. Hi\u00e7bir endi\u015femiz yok. Ayd\u0131nc\u0131k&#8217;ta, Tarsus&#8217;ta, Anamur&#8217;da, Silifke&#8217;de, y\u0131llar sonra zafer kazand\u0131\u011f\u0131m\u0131z Toroslar&#8217;da tarih yazaca\u011f\u0131z. Nas\u0131l ki Mezitli ve Yeni\u015fehir&#8217;i sosyal demokratik anlay\u0131\u015ftaki CHP&#8217;nin belediye ba\u015fkanlar\u0131 y\u00f6netiyorsa 13 il\u00e7eyi de sosyal demokrat anlay\u0131\u015f y\u00f6netsin istiyoruz&#8221;<\/strong>&nbsp;ifadelerini kulland\u0131.<\/p>\n\n\n\n<p><strong>&#8220;Bize oy veren de vermeyen de memnun ve mutlu&#8221;<\/strong><\/p>\n\n\n\n<p>Se\u00e7er, Mersin&#8217;in art\u0131k mutlu bir kent oldu\u011funa de\u011finerek,&nbsp;<strong>&#8220;Bize oy veren de vermeyen de memnun ve mutlu. Mersin&#8217;deki tablo bu. \u00c7\u00fcnk\u00fc insanlar \u015funu g\u00f6rd\u00fc; partizanl\u0131k, ayr\u0131mc\u0131l\u0131k, mezhep\u00e7ilik yapmadan, dini inan\u00e7 fark\u0131 g\u00f6zetmeden de bir y\u00f6netici halk\u0131n\u0131 kucaklayabilir, t\u0131pk\u0131 Ulu \u00d6nder Mustafa Kemal Atat\u00fcrk gibi. Biz Atat\u00fcrk&#8217;\u00fcn \u00e7izgisindeyiz, o anlay\u0131\u015ftay\u0131z. Bu b\u00f6yledir, b\u00f6yle de kalacakt\u0131r. Yolumuza devam edece\u011fiz&#8221;<\/strong>&nbsp;dedi.&nbsp;&nbsp;&nbsp;&nbsp;&nbsp;&nbsp;&nbsp;&nbsp;&nbsp;<\/p>\n\n\n\n<p>Bug\u00fcn oturulan koltuklar\u0131n CHP sayesinde kazan\u0131lan koltuklar oldu\u011funu s\u00f6yleyen Ba\u015fkan Se\u00e7er,&nbsp;<strong>&#8220;CHP kimsenin de\u011fil, T\u00fcrk halk\u0131n\u0131n tapulu mal\u0131d\u0131r, hepimizindir CHP&#8217;nin hepimize eme\u011fi vard\u0131r. Bug\u00fcn oturdu\u011fumuz koltuklar CHP sayesinde kazand\u0131\u011f\u0131m\u0131z koltuklard\u0131r. Bizim \u00f6l\u00fcnceye kadar de\u011fil sonsuza kadar borcumuz CHP&#8217;yi y\u00fcceltmek olmal\u0131d\u0131r. Bu bilin\u00e7le \u00e7al\u0131\u015faca\u011f\u0131z. Hi\u00e7 kimsenin endi\u015fesi olmas\u0131n, biz buraday\u0131z, halk\u0131m\u0131z\u0131n i\u00e7indeyiz. Anamur&#8217;day\u0131z, Toroslar&#8217;\u0131n tepesinde ve ovas\u0131nday\u0131z. Serac\u0131n\u0131n, \u00fcz\u00fcmc\u00fcn\u00fcn, i\u015f\u00e7inin yan\u0131nday\u0131z, fabrikaday\u0131z, her yerdeyiz. Bunu beraberce ba\u015far\u0131yoruz&#8221;<\/strong>&nbsp;diye konu\u015ftu.<\/p>\n\n\n\n<p>Se\u00e7er, ba\u015fta kad\u0131n kollar\u0131 olmak \u00fczere t\u00fcm partililere se\u00e7im s\u00fcrecindeki emekleri dolay\u0131s\u0131yla te\u015fekk\u00fcrlerini ileterek,&nbsp;<strong>&#8220;Elinize, y\u00fcre\u011finize sa\u011fl\u0131k. B\u00f6yle devam edece\u011fiz. Her noktaya gidece\u011fiz. Kad\u0131n kollar\u0131m\u0131z 2019 \u00f6ncesi ko\u015fullardan daha farkl\u0131 \u015fartlarda \u00e7al\u0131\u015fmalar yap\u0131yor. O d\u00f6nemlerde yine kad\u0131n kollar\u0131m\u0131zda ya da di\u011fer kademelerde \u00e7al\u0131\u015fan partili arkada\u015flar\u0131m bilir; anlataca\u011f\u0131n\u0131z bir \u00f6yk\u00fcn\u00fcz, bir hikayeniz, bir hizmet konunuz yoktu. \u00c7\u00fcnk\u00fc iktidar de\u011filiz ama 2019&#8217;dan sonra her noktaya gitti\u011finizde, o b\u00f6lge ile ilgili her konuya m\u00fcdahil olabilirsiniz. Sizler \u00f6nemlisiniz, de\u011ferlisiniz&#8221;<\/strong>&nbsp;dedi.<\/p>\n\n\n\n<p><strong>&#8220;Mersin B\u00fcy\u00fck\u015fehir Belediyesi r\u00fc\u015ft\u00fcn\u00fc ispatlam\u0131\u015ft\u0131r&#8221;<\/strong><\/p>\n\n\n\n<p>Mersin B\u00fcy\u00fck\u015fehir Belediyesi&#8217;nin r\u00fc\u015ft\u00fcn\u00fc ispatlam\u0131\u015f bir belediye oldu\u011funu ve hizmetlerine durmadan, duraksamadan devam edece\u011fini s\u00f6yleyen Se\u00e7er,&nbsp;<strong>&#8220;Mersin B\u00fcy\u00fck\u015fehir Belediyesi, Mersin&#8217;i \u00e7ok daha iyi noktalara getirmek i\u00e7in bir \u00f6nceki d\u00f6nemden \u00e7ok daha fazla \u00e7al\u0131\u015facak, \u00e7ok daha fazla gayret edecektir&#8221;<\/strong>&nbsp;dedi.<\/p>\n\n\n\n<p><strong>&#8220;Genel se\u00e7imde de ayn\u0131 ba\u015far\u0131y\u0131 g\u00f6stermek zorunday\u0131z&#8221;<\/strong><\/p>\n\n\n\n<p>Ba\u015far\u0131n\u0131n, ki\u015fi ve kurumlar\u0131n birbirini k\u0131skanmas\u0131 ile de\u011fil, birle\u015ferek hareket edilmesi sayesinde yakalanabilece\u011fine dikkat \u00e7eken Se\u00e7er,&nbsp;&nbsp;<strong>&#8220;Ba\u015far\u0131 birbirimizi k\u0131skanarak, a\u015fa\u011f\u0131 \u00e7ekerek de\u011fil, \u00f6rnek olarak, kalben yard\u0131mc\u0131 olarak, onun i\u015fini yolunu a\u00e7arak elde edilir. Biz birle\u015fe, birle\u015fe kazanaca\u011f\u0131z. Biz zaten r\u00fc\u015ft\u00fcn\u00fc ispatlam\u0131\u015f bir belediyeyiz. Halkla sorunumuz yok, sokakta rahat geziyoruz. Biz siyaseti yemek masalar\u0131nda yapm\u0131yoruz, halk\u0131n i\u00e7inde, sokakta, evde yap\u0131yoruz. Bizim bir kayg\u0131m\u0131z yok. Sesimiz daha da g\u00fcr \u00e7\u0131kacak. T\u00fcrkiye elden gidiyor. Bunu lafla s\u00f6zle de\u011fil, emekle, al\u0131n teriyle d\u00f6nd\u00fcrmemiz laz\u0131m. Nas\u0131l Mersin&#8217;i, Ad\u0131yaman&#8217;\u0131, U\u015fak&#8217;\u0131, K\u00fctahya&#8217;y\u0131 d\u00f6nd\u00fcrd\u00fcysek, T\u00fcrkiye&#8217;yi d\u00f6nd\u00fcrd\u00fcysek, genel se\u00e7imde de ayn\u0131 ba\u015far\u0131y\u0131 g\u00f6stermek zorunday\u0131z&#8221;<\/strong>&nbsp;ifadelerini kulland\u0131.&nbsp;<\/p>\n\n\n\n<p>T\u00fcrkiye&#8217;nin ilk Kad\u0131n ve Aile Hizmetleri Dairesi Ba\u015fkanl\u0131\u011f\u0131&#8217;n\u0131 kuran belediyenin Mersin B\u00fcy\u00fck\u015fehir Belediyesi oldu\u011funu hat\u0131rlatan Se\u00e7er, ayn\u0131 zamanda Yerel E\u015fitlik Eylem Plan\u0131&#8217;n\u0131 da hakk\u0131yla yapan, denetlenebilir ve izlenebilir yapan ilk belediyenin de yine Mersin B\u00fcy\u00fck\u015fehir Belediyesi oldu\u011funu kaydetti. Se\u00e7er,&nbsp;<strong>&#8220;Herkes yap\u0131yor ama biz yapt\u0131\u011f\u0131m\u0131z i\u015flerinde kalitesinden bahsedece\u011fiz. Tevazu g\u00f6stermeyece\u011fiz. Do\u011fru, g\u00fczel, kuvvetli yapt\u0131\u011f\u0131m\u0131z i\u015fleri bast\u0131rarak s\u00f6yleyece\u011fiz. Hatal\u0131 oldu\u011fumuz i\u015fleri de s\u00f6yleyece\u011fiz, bunu da s\u00f6yl\u00fcyoruz&#8221;<\/strong>&nbsp;diye konu\u015ftu.<\/p>\n\n\n\n<p>Kad\u0131nlar\u0131n ekonomik hayata dahil olabilmeleri ad\u0131na hayata ge\u00e7irdikleri projelerden s\u00f6z eden Se\u00e7er, Evimiz At\u00f6lye, \u00dcretici Kad\u0131n Stantlar\u0131, Kooperatifler, Kad\u0131n ve \u00c7ocuk At\u00f6lyeleri, Kad\u0131n Konuk Evi, Kad\u0131n Dan\u0131\u015fma Merkezi, \u00c7ocuk Geli\u015fim Merkezleri, Han\u0131m Evleri, Hamile Bak\u0131m S\u00fct\u00fc, Silifke Gazi \u00c7iftli\u011fi, Tarsus Gen\u00e7lik Kamp\u0131 gibi projeler ile Mersin&#8217;de ya\u015fayan her kesimden t\u00fcm kad\u0131nlara hizmet sunman\u0131n gayreti i\u00e7erisinde olduklar\u0131n\u0131 belirterek&nbsp;<strong>&#8220;Her \u015fey sizler i\u00e7in, her \u015fey vatanda\u015flar\u0131m\u0131z, yurtta\u015flar\u0131m\u0131z i\u00e7in&#8221;<\/strong>&nbsp;dedi.<\/p>\n\n\n\n<p><strong>&#8220;Beraber \u00e7al\u0131\u015faca\u011f\u0131z, beraber ba\u015faraca\u011f\u0131z&#8221;<\/strong><\/p>\n\n\n\n<p>Konu\u015fmas\u0131n\u0131n sonunda, CHP Mersin \u0130l Kad\u0131n Kollar\u0131 Ba\u015fkan\u0131 G\u00fcl\u015fah Y\u0131ld\u0131r\u0131m Gen\u00e7 ve ekibine hizmet ve katk\u0131lar\u0131ndan \u00f6t\u00fcr\u00fc te\u015fekk\u00fcr eden Se\u00e7er, yeni se\u00e7ilen ba\u015fkan ve ekibine de ba\u015far\u0131 temennisinde bulundu. Se\u00e7er,&nbsp;<strong>&#8220;S\u00f6ylememe gerek yok, ben her zaman yan\u0131n\u0131zday\u0131m, buraday\u0131m. Biz beraber \u00e7al\u0131\u015faca\u011f\u0131z, beraber ba\u015faraca\u011f\u0131z, zorluklar\u0131 beraber yenece\u011fiz. A\u011flayacaksak beraber a\u011flayacak, g\u00fcleceksek de beraber g\u00fclece\u011fiz. Ya hep beraber ya hi\u00e7birimiz&#8221;<\/strong>&nbsp;diyerek s\u00f6zlerini tamamlad\u0131.<\/p>\n\n\n\n<p>CHP Mersin \u0130l Ba\u015fkan\u0131 Koral \u00d6m\u00fcr, CHP Mersin Milletvekilleri G\u00fclcan K\u0131\u015f, Talat Din\u00e7er ve Hasan Ufuk \u00c7ak\u0131r&#8217;\u0131n da k\u0131sa birer konu\u015fma yapt\u0131\u011f\u0131 kongre \u00fcyelerin oy kullanmas\u0131 ile sona erdi.<\/p>\n","protected":false},"excerpt":{"rendered":"<p>Mersin B\u00fcy\u00fck\u015fehir Belediye Ba\u015fkan\u0131 Vahap Se\u00e7er, Cumhuriyet Halk Partisi (CHP) Mersin Kad\u0131n Kollar\u0131 \u0130l Kongresi&#8217;ne kat\u0131ld\u0131. Mersin B\u00fcy\u00fck\u015fehir Belediyesi Kongre Merkezi&#8217;nde d\u00fczenlenen kongreye Ba\u015fkan Se\u00e7er&#8217;in yan\u0131 s\u0131ra, Ayd\u0131nc\u0131k Belediye Ba\u015fkan\u0131 \u00d6zkan K\u0131l\u0131\u00e7arpa, CHP Mersin Milletvekilleri G\u00fclcan K\u0131\u015f, Talat Din\u00e7er ve Hasan Ufuk \u00c7ak\u0131r, CHP Mersin \u0130l Ba\u015fkan\u0131 Koral \u00d6m\u00fcr, CHP Mersin \u0130l Kad\u0131n Kollar\u0131 Ba\u015fkan\u0131 [&hellip;]<\/p>\n","protected":false},"author":2,"featured_media":34014,"comment_status":"closed","ping_status":"closed","sticky":false,"template":"","format":"standard","meta":{"footnotes":""},"categories":[2,3,5],"tags":[],"class_list":["post-34013","post","type-post","status-publish","format-standard","has-post-thumbnail","hentry","category-gundem","category-manset","category-mersin"],"views":3,"_links":{"self":[{"href":"https:\/\/mersinkadingazetesi.com\/index.php?rest_route=\/wp\/v2\/posts\/34013"}],"collection":[{"href":"https:\/\/mersinkadingazetesi.com\/index.php?rest_route=\/wp\/v2\/posts"}],"about":[{"href":"https:\/\/mersinkadingazetesi.com\/index.php?rest_route=\/wp\/v2\/types\/post"}],"author":[{"embeddable":true,"href":"https:\/\/mersinkadingazetesi.com\/index.php?rest_route=\/wp\/v2\/users\/2"}],"replies":[{"embeddable":true,"href":"https:\/\/mersinkadingazetesi.com\/index.php?rest_route=%2Fwp%2Fv2%2Fcomments&post=34013"}],"version-history":[{"count":1,"href":"https:\/\/mersinkadingazetesi.com\/index.php?rest_route=\/wp\/v2\/posts\/34013\/revisions"}],"predecessor-version":[{"id":34015,"href":"https:\/\/mersinkadingazetesi.com\/index.php?rest_route=\/wp\/v2\/posts\/34013\/revisions\/34015"}],"wp:featuredmedia":[{"embeddable":true,"href":"https:\/\/mersinkadingazetesi.com\/index.php?rest_route=\/wp\/v2\/media\/34014"}],"wp:attachment":[{"href":"https:\/\/mersinkadingazetesi.com\/index.php?rest_route=%2Fwp%2Fv2%2Fmedia&parent=34013"}],"wp:term":[{"taxonomy":"category","embeddable":true,"href":"https:\/\/mersinkadingazetesi.com\/index.php?rest_route=%2Fwp%2Fv2%2Fcategories&post=34013"},{"taxonomy":"post_tag","embeddable":true,"href":"https:\/\/mersinkadingazetesi.com\/index.php?rest_route=%2Fwp%2Fv2%2Ftags&post=34013"}],"curies":[{"name":"wp","href":"https:\/\/api.w.org\/{rel}","templated":true}]}}