{"id":34016,"date":"2024-07-20T22:20:32","date_gmt":"2024-07-20T19:20:32","guid":{"rendered":"https:\/\/mersinkadingazetesi.com\/?p=34016"},"modified":"2024-07-20T22:20:33","modified_gmt":"2024-07-20T19:20:33","slug":"akdenizin-ilk-halk-plaji-karaduvarda-acildi","status":"publish","type":"post","link":"https:\/\/mersinkadingazetesi.com\/?p=34016","title":{"rendered":"AKDEN\u0130Z\u2019\u0130N \u0130LK HALK PLAJI KARADUVAR\u2019DA A\u00c7ILDI"},"content":{"rendered":"\n<p>Akdeniz Belediyesi, b\u00f6lge sakinlerinin talebi \u00fczerine, her g\u00fcn y\u00fczlerce insan\u0131n u\u011frak sahillerinden olan Karaduvar Mahallesi\u2019ne \u2018Halk Plaj\u0131\u2019 a\u00e7t\u0131. Vatanda\u015flar\u0131n \u00fccretsiz kullanabilece\u011fi sahile \u015fezlong ve \u015femsiyeler, du\u015f ve soyunma odalar\u0131 yerle\u015ftirildi. Bir cankurtaran\u0131n da hizmet verece\u011fi plaja voleybol ve futbol sahalar\u0131 yap\u0131ld\u0131.<\/p>\n\n\n\n<p>Ge\u00e7en haftalarda, lazerli makine deste\u011fiyle ba\u015ftan sona temizlenip at\u0131k, \u00e7\u00f6p ve ta\u015flardan ar\u0131nd\u0131r\u0131lan Karaduvar sahiline kazand\u0131r\u0131lan halk plaj\u0131na gelen Akdeniz Belediyesi E\u015f Ba\u015fkanlar\u0131 Nuriye Arslan ile Ho\u015fyar Sar\u0131y\u0131ld\u0131z, vatanda\u015flar\u0131n s\u0131cak ilgisiyle kar\u015f\u0131la\u015ft\u0131. E\u015f Ba\u015fkanlar, Karaduvar ve civar mahallelerde ya\u015fayan vatanda\u015flar\u0131 y\u00fcz\u00fcp e\u011flenebilecekleri, ailece piknik yapabilecekleri halk plaj\u0131na davet etti. Mahallelerine kazand\u0131r\u0131lan her y\u00f6n\u00fcyle modern ve \u00fccretsiz halk plaj\u0131 i\u00e7in sevin\u00e7 ve memnuniyetlerini dile vatanda\u015flar da Akdeniz Belediyesi\u2019ne te\u015fekk\u00fcr etti.<\/p>\n\n\n\n<p>\u201cHalk\u0131m\u0131z\u0131n bu konuda bizden yo\u011fun talebi vard\u0131\u201d<\/p>\n\n\n\n<p>Sahilde yap\u0131lan yenileme \u00e7al\u0131\u015fmalar\u0131n\u0131 incelemesinin ard\u0131ndan bir de\u011ferlendirme yapan Akdeniz Belediyesi E\u015f Ba\u015fkan\u0131 Nuriye Arslan; \u201cYakla\u015f\u0131k 10 g\u00fcn \u00f6nce ekiplerimiz, bu sahilimizde yo\u011fun bir temizlik ve bak\u0131m \u00e7al\u0131\u015fmas\u0131 ger\u00e7ekle\u015ftirdi. Tabi halk\u0131m\u0131z\u0131n bizden bir talebi, beklentisi de vard\u0131.<\/p>\n\n\n\n<p>Y\u00f6netim olarak Karaduvar sahilimizi daha iyi de\u011ferlendirmek amac\u0131yla toplant\u0131lar yaparak ortak bir karar ald\u0131k. Nihayetinde bu b\u00f6lge ile ilgili \u00e7ok g\u00fczel bir proje geli\u015fti ve hayata ge\u00e7ti. Tabi se\u00e7im s\u00fcrecinde de bu konuya dikkat \u00e7ekiyorduk. G\u00f6reve geldi\u011fimizde insanlar\u0131m\u0131za istedikleri ve hak ettikleri hizmetleri sunaca\u011f\u0131m\u0131za s\u00f6z vermi\u015ftik. Sahilimizin haz\u0131rlanmas\u0131nda eme\u011fi ge\u00e7en b\u00fct\u00fcn mesai arkada\u015flar\u0131m\u0131za te\u015fekk\u00fcr ediyor, halk\u0131m\u0131za hay\u0131rl\u0131 olmas\u0131n\u0131 diliyorum\u201d dedi.<\/p>\n\n\n\n<p>\u201cT\u00fcm Mersinlileri, bu g\u00fczel sahilimize davet ediyoruz\u201d<\/p>\n\n\n\n<p>E\u015f Ba\u015fkan Ho\u015fyar Sar\u0131y\u0131ld\u0131z da a\u00e7\u0131klamas\u0131nda, se\u00e7im s\u00fcrecinde b\u00f6lgede ya\u015fayan vatanda\u015flarla yapt\u0131klar\u0131 ziyaret ve g\u00f6r\u00fc\u015fmelerde, b\u00f6lgeye bir halk plaj\u0131 a\u00e7\u0131lmas\u0131 y\u00f6n\u00fcnde bir talep ve istekle s\u0131k s\u0131k kar\u015f\u0131la\u015ft\u0131klar\u0131n\u0131 vurgulad\u0131. \u201cKaraduvar ve civardaki mahalleli insanlar\u0131m\u0131z, t\u0131pk\u0131 di\u011fer il\u00e7elerimizde oldu\u011fu gibi denize girebilecekleri, dinlenebilecekleri g\u00fczel bir plajlar\u0131n\u0131n olmas\u0131n\u0131 istiyordu.<\/p>\n\n\n\n<p>Bizler de bu kapsamda, sahilimizde gerek \u015fezlong ve \u015femsiyeler, gerekse de portatif giyinme odalar\u0131, du\u015f ve tuvaletler haz\u0131rlad\u0131k. B\u00f6ylece insanlar\u0131m\u0131z rahat bir \u015fekilde denize girebilecek hem de sonras\u0131nda dinlenebilecekleri bir alan yaratma konusunda arkada\u015flar\u0131m\u0131zla g\u00f6r\u00fc\u015fmeler yapt\u0131k.<\/p>\n\n\n\n<p>Dileyen vatanda\u015flar\u0131m\u0131z, sahilde futbol veya voleybol gibi sporlar da yapabilecek. Belediyemizin t\u00fcm birimleri bu konuda imkanlar\u0131n\u0131 seferber etmi\u015f durumda. Ba\u015fta bu b\u00f6lgede ya\u015fayan vatanda\u015flar\u0131m\u0131z olmak \u00fczere t\u00fcm Mersinlileri, bu g\u00fczel denizimizden ve yeniledi\u011fimiz sahilimizden faydalanmalar\u0131 i\u00e7in Karaduvar halk plaj\u0131na davet ediyorum\u201d diye konu\u015ftu.<\/p>\n","protected":false},"excerpt":{"rendered":"<p>Akdeniz Belediyesi, b\u00f6lge sakinlerinin talebi \u00fczerine, her g\u00fcn y\u00fczlerce insan\u0131n u\u011frak sahillerinden olan Karaduvar Mahallesi\u2019ne \u2018Halk Plaj\u0131\u2019 a\u00e7t\u0131. Vatanda\u015flar\u0131n \u00fccretsiz kullanabilece\u011fi sahile \u015fezlong ve \u015femsiyeler, du\u015f ve soyunma odalar\u0131 yerle\u015ftirildi. Bir cankurtaran\u0131n da hizmet verece\u011fi plaja voleybol ve futbol sahalar\u0131 yap\u0131ld\u0131. Ge\u00e7en haftalarda, lazerli makine deste\u011fiyle ba\u015ftan sona temizlenip at\u0131k, \u00e7\u00f6p ve ta\u015flardan ar\u0131nd\u0131r\u0131lan Karaduvar [&hellip;]<\/p>\n","protected":false},"author":2,"featured_media":34017,"comment_status":"closed","ping_status":"closed","sticky":false,"template":"","format":"standard","meta":{"footnotes":""},"categories":[2,3],"tags":[],"class_list":["post-34016","post","type-post","status-publish","format-standard","has-post-thumbnail","hentry","category-gundem","category-manset"],"views":24,"_links":{"self":[{"href":"https:\/\/mersinkadingazetesi.com\/index.php?rest_route=\/wp\/v2\/posts\/34016"}],"collection":[{"href":"https:\/\/mersinkadingazetesi.com\/index.php?rest_route=\/wp\/v2\/posts"}],"about":[{"href":"https:\/\/mersinkadingazetesi.com\/index.php?rest_route=\/wp\/v2\/types\/post"}],"author":[{"embeddable":true,"href":"https:\/\/mersinkadingazetesi.com\/index.php?rest_route=\/wp\/v2\/users\/2"}],"replies":[{"embeddable":true,"href":"https:\/\/mersinkadingazetesi.com\/index.php?rest_route=%2Fwp%2Fv2%2Fcomments&post=34016"}],"version-history":[{"count":1,"href":"https:\/\/mersinkadingazetesi.com\/index.php?rest_route=\/wp\/v2\/posts\/34016\/revisions"}],"predecessor-version":[{"id":34018,"href":"https:\/\/mersinkadingazetesi.com\/index.php?rest_route=\/wp\/v2\/posts\/34016\/revisions\/34018"}],"wp:featuredmedia":[{"embeddable":true,"href":"https:\/\/mersinkadingazetesi.com\/index.php?rest_route=\/wp\/v2\/media\/34017"}],"wp:attachment":[{"href":"https:\/\/mersinkadingazetesi.com\/index.php?rest_route=%2Fwp%2Fv2%2Fmedia&parent=34016"}],"wp:term":[{"taxonomy":"category","embeddable":true,"href":"https:\/\/mersinkadingazetesi.com\/index.php?rest_route=%2Fwp%2Fv2%2Fcategories&post=34016"},{"taxonomy":"post_tag","embeddable":true,"href":"https:\/\/mersinkadingazetesi.com\/index.php?rest_route=%2Fwp%2Fv2%2Ftags&post=34016"}],"curies":[{"name":"wp","href":"https:\/\/api.w.org\/{rel}","templated":true}]}}