{"id":34024,"date":"2024-07-22T12:02:23","date_gmt":"2024-07-22T09:02:23","guid":{"rendered":"https:\/\/mersinkadingazetesi.com\/?p=34024"},"modified":"2024-07-22T12:02:23","modified_gmt":"2024-07-22T09:02:23","slug":"baskan-yildiz-ithal-degil-yerli-gida-tuketmek-istiyoruz","status":"publish","type":"post","link":"https:\/\/mersinkadingazetesi.com\/?p=34024","title":{"rendered":"BA\u015eKAN YILDIZ: \u0130THAL DE\u011e\u0130L, YERL\u0130 GIDA T\u00dcKETMEK \u0130ST\u0130YORUZ"},"content":{"rendered":"\n<p>Toroslar Belediyesinin, \u00c7elebili ve Musal\u0131 mahalle muhtarl\u0131klar\u0131yla birlikte d\u00fczenledi\u011fi \u00dcz\u00fcm Hasat Etkinli\u011fi \u00fcreticilerle Mersin&#8217;in farkl\u0131 yerlerinden gelen yurtta\u015flar\u0131 bulu\u015fturdu. Etkinlikte konu\u015fan Toroslar Belediye Ba\u015fkan\u0131 Abdurrahman Y\u0131ld\u0131z, &#8220;\u00dcretmezsek t\u00fckeniriz. Biz \u00fcretti\u011fimiz alanlarda, k\u00f6ylerimizde ya\u015famak istiyoruz. Biz t\u00fcketti\u011fimiz b\u00fct\u00fcn g\u0131da \u00fcr\u00fcnlerinin \u00fclkemizin milli de\u011ferleri olmas\u0131n\u0131 istiyoruz. Biz art\u0131k ithal edilmi\u015f bu\u011fdaydan yap\u0131lm\u0131\u015f ekmek, ithal meyve yemek istemiyoruz&#8221; dedi.<\/p>\n\n\n\n<p>Toroslar Belediyesi farkl\u0131 \u00fcr\u00fcn desenlerine sahip k\u0131rsal mahallelerde \u00fcreticilerin hasat sevincine ortak oluyor. Bu kapsamda ilk etkinlik, beyaz \u00fcz\u00fcm\u00fcyle me\u015fhur \u00c7elebili ve Musal\u0131 mahalleleri i\u00e7in ortakla\u015fa yap\u0131lan \u00dcz\u00fcm Hasat Etkinli\u011fi oldu.<\/p>\n\n\n\n<p>\u00c7elebili Mahallesi meydan\u0131nda yap\u0131lan etkinli\u011fe Toroslar Belediye Ba\u015fkan\u0131 Abdurrahman Y\u0131ld\u0131z&#8217;\u0131n yan\u0131 s\u0131ra CHP Mersin Milletvekili Hasan Ufuk \u00c7ak\u0131r, Akdeniz Belediyesi E\u015f Ba\u015fkanlar\u0131 Nuriye Arslan ve Ho\u015fyar Sar\u0131y\u0131ld\u0131z, Ziraat Odas\u0131 Ba\u015fkan\u0131 Musa Y\u0131lmaz ile muhtarlar, y\u00f6re mahallelerinden ve Mersin&#8217;in farkl\u0131 yerlerinden gelen yurtta\u015flar kat\u0131ld\u0131.<\/p>\n\n\n\n<p><strong>&#8220;K\u00d6YLERDE \u00c7ALI\u015eAN 5 K\u0130\u015e\u0130, 95 K\u0130\u015e\u0130Y\u0130 DE DOYURMAK ZORUNDA&#8221;<\/strong><\/p>\n\n\n\n<p>Etkinlikte bir konu\u015fma yapan Toroslar Belediye Ba\u015fkan\u0131 Abdurrahman Y\u0131ld\u0131z, &#8220;K\u00f6ylerde hasat \u015fenli\u011fi&#8221; \u00f6nerisi geldi\u011finde, &#8220;H\u00e2l\u00e2 bizim k\u00f6ylerimizde hasat edilen \u00fcr\u00fcnlerimiz varsa biz bir kere i\u015fi g\u00fcc\u00fc b\u0131rak\u0131p biz bu i\u015fin pe\u015finden ko\u015fmal\u0131y\u0131z&#8221; dedi\u011fini kaydetti.<\/p>\n\n\n\n<p>T\u00fcrkiye ba\u015fta olmak \u00fczere d\u00fcnya h\u0131zla bir g\u0131da krizine do\u011fru gitti\u011fine i\u015faret eden Y\u0131ld\u0131z, &#8220;Bizim \u00fcretim tekni\u011fimiz, k\u00f6ylerimizdeki aile \u00e7ift\u00e7iliklerinden olu\u015fuyor. Yani milletimizin efendisi olan k\u00f6yl\u00fclerin \u00fcretti\u011fi \u00fcr\u00fcnlerle biz besleniyoruz. Ama \u00f6yle bir \u015fey ya\u015fad\u0131k ki biz son 40 y\u0131ld\u0131r. 1980&#8217;li y\u0131llar\u0131n ortas\u0131nda k\u00f6yl\u00fclerin toplam n\u00fcfusa oran\u0131 y\u00fczde 37, 38 idi. \u015eimdi y\u00fczde 5&#8217;in alt\u0131na d\u00fc\u015fm\u00fc\u015f, y\u00fczde 4,7. Yani T\u00fcrkiye&#8217;de k\u00f6ylerde \u00e7al\u0131\u015fan her 5 ki\u015fi hem 95 ki\u015finin karn\u0131n\u0131 doyurmak zorunda hem de kendi karn\u0131n\u0131 doyurmak zorunda. Bu da m\u00fcmk\u00fcn olmad\u0131\u011f\u0131 i\u00e7in malumunuz, \u00fclkemiz \u00e7ok ciddi bir g\u0131da kriziyle kar\u015f\u0131 kar\u015f\u0131ya. B\u00fct\u00fcn g\u0131da t\u00fcketimimizin neredeyse tamam\u0131na yak\u0131n\u0131n\u0131 biz ithal etmi\u015f durumunday\u0131z. H\u0131zla bu kanaldan \u00e7\u0131kmal\u0131y\u0131z. H\u0131zla yeniden aile \u00e7ift\u00e7iliklerimizi kurmam\u0131z laz\u0131m. Bunlar\u0131n \u00fcretime ge\u00e7mesi laz\u0131m&#8221; dedi.<\/p>\n\n\n\n<p><strong>&#8220;PANDEM\u0130DEN BU YANA GIDA ENFLASYONU YA\u015eIYORUZ&#8221;<\/strong><\/p>\n\n\n\n<p>K\u00f6yl\u00fclerin k\u00f6ylerinde kalmas\u0131n\u0131, \u00fcretime devam etmesini sa\u011flayacak bir tar\u0131m ve ekonomi politikas\u0131 uygulanmas\u0131 gerekti\u011fine de\u011finen Ba\u015fkan Y\u0131ld\u0131z, &#8220;Biz her ge\u00e7en g\u00fcn \u00fcretimden uzakla\u015fan, en stratejik \u00fcr\u00fcnlerini bile, yani ekme\u011fini elde etti\u011fi bu\u011fday\u0131 bile, hayvanlar\u0131na verdi\u011fi saman\u0131 bile ithal eden bir \u00fclke durumuna d\u00fc\u015ft\u00fck ve h\u00e2l\u00e2 bu derinle\u015ferek devam ediyor. D\u00fcnyan\u0131n bir\u00e7ok \u00fclkesinde, \u00f6rne\u011fin Avrupa&#8217;n\u0131n t\u00fcm \u00fclkelerinde son 2 y\u0131ld\u0131r, g\u0131da enflasyonu hi\u00e7 de\u011fi\u015fmezken hatta eksi g\u0131da enflasyonu ya\u015fan\u0131rken, \u00fclkenizde pandemiden bu yana g\u0131da enflasyonu yakla\u015f\u0131k y\u00fczde 80&#8217;e \u00e7\u0131km\u0131\u015f durumda. Ne demek bu? Diyelim ki bir paket makarnay\u0131 bu sene 10 liraya al\u0131yorsak bir sene sonra 18&#8217;e al\u0131yoruz. Bir sene sonra 35 liraya almaya ba\u015fl\u0131yoruz. Dolay\u0131s\u0131yla bunlar\u0131n temel sebebi \u00fclkedeki tar\u0131m politikalar\u0131n\u0131n hatalar\u0131ndan kaynakl\u0131. Yani bu \u00fclkede neredeyse \u00fcreten insanlar su\u00e7lu durumuna gelmi\u015f durumda&#8221; ifadelerini kulland\u0131.<\/p>\n\n\n\n<p><strong>&#8220;\u00dcRET\u0130C\u0130 K\u00d6YLER\u0130 TERK ED\u0130YOR. BUNA DUR DEMEM\u0130Z LAZIM&#8221;<\/strong><\/p>\n\n\n\n<p>Mersin y\u00f6resinde bu y\u0131l \u00fcz\u00fcm \u00fcreticisinin fiyat istikrar\u0131 yakalad\u0131\u011f\u0131n\u0131 ve \u00fcr\u00fcn\u00fcn\u00fc satabildi\u011fini ifade eden Ba\u015fkan Y\u0131ld\u0131z, kiraz ve \u015feftali \u00fcretiminde ise s\u0131k\u0131nt\u0131l\u0131 bir s\u00fcre\u00e7 ya\u015fand\u0131\u011f\u0131n\u0131, bu meyve gruplar\u0131nda kurt ve ha\u015fereyle m\u00fccadele etmek zorunda kalan \u00e7ift\u00e7inin sezonu zararla kapatt\u0131\u011f\u0131n\u0131 kaydetti.<\/p>\n\n\n\n<p>Ba\u015fkan Y\u0131ld\u0131z konu\u015fmas\u0131nda kurakl\u0131k ve su krizi uyar\u0131s\u0131nda da bulunarak s\u00f6zlerini \u015f\u00f6yle s\u00fcrd\u00fcrd\u00fc:<\/p>\n\n\n\n<p>&#8220;Art\u0131k bah\u00e7elerimizi sulayacak su kalmad\u0131. Bir di\u011fer mesele her ge\u00e7en g\u00fcn; iklim ve ekolojik krizinden kaynakl\u0131, memleketimizde kurakl\u0131k her ge\u00e7en g\u00fcn fazlala\u015f\u0131yor. Art\u0131k bah\u00e7elerimizi sulayabilece\u011fimiz suyumuz bitme noktas\u0131na geldi. Neredeyse i\u00e7me suyumuz bile s\u0131k\u0131nt\u0131l\u0131 hale gelmi\u015f durumda. Dolay\u0131s\u0131yla evvela bizler kendi ya\u015fam tarz\u0131m\u0131 de\u011fi\u015ftirerek ba\u015flamal\u0131y\u0131z i\u015fe. Yani suyumuzu, havam\u0131z\u0131, topra\u011f\u0131m\u0131z\u0131 kullan\u0131rken ba\u015fka, yeni bir metodu denemeliyiz. Yoksa her y\u0131l \u00fcretti\u011fimiz \u00fcr\u00fcnlerin miktar\u0131 azal\u0131yor, \u00fcretmek daha zor hale gelmeye ba\u015fl\u0131yor. O kadar ila\u00e7 ve g\u00fcbre vermek zorunda kal\u0131yoruz ki; zaten ila\u00e7 ve g\u00fcbrelerin tamam\u0131 ithal, bizim \u00fcr\u00fcnden elde etti\u011fimiz paran\u0131n nerdeyse yar\u0131s\u0131ndan fazlas\u0131n\u0131 biz bu ila\u00e7 ve g\u00fcbrelere harcamak zorunda kal\u0131yoruz. Biz \u00fcretemezsek t\u00fckenmeye ba\u015fl\u0131yoruz. Bak\u0131n k\u00f6ylerimiz t\u00fckeniyor. Toroslar&#8217;\u0131n 32 k\u00f6y\u00fc var. Bu 32 k\u00f6yde ya\u015fayan ve burada hayat\u0131n\u0131 ge\u00e7indiren, \u00e7ocuklar\u0131n\u0131n gelece\u011fini sa\u011flayan insanlar\u0131n y\u00fczde 80&#8217;i bundan ma\u011fdur olmu\u015f durumda. Yani buralar\u0131 terk etmi\u015f. Buna birilerinin dur demesi gerekiyor. Bunun i\u00e7in de do\u011fru bir tar\u0131m ve ekonomi politikas\u0131n\u0131n hayata ge\u00e7irilmesi gerekiyor. Biz \u00fcretti\u011fimiz alanlarda k\u00f6ylerimizde ya\u015famak istiyoruz. Biz t\u00fcketicimiz b\u00fct\u00fcn g\u0131da \u00fcr\u00fcnlerinin \u00fclkemizin milli de\u011ferleri olmas\u0131n\u0131 istiyoruz. Biz art\u0131k ithal edilmi\u015f bu\u011fdaydan yap\u0131lm\u0131\u015f ekmek, ithal meyve yemek istemiyoruz. Kendi \u00fcr\u00fcnlerimizin k\u0131ymet g\u00f6rmesini, \u00fcretim yap\u0131lan yerlerin insanlar\u0131n karn\u0131n\u0131 doyurabilecekleri duruma gelmesini ve bunun s\u00fcrd\u00fcr\u00fclebilir hale gelmesini istiyoruz.&#8221;<\/p>\n\n\n\n<p>Daha sonra konu\u015fan CHP Mersin Milletvekili Hasan Ufuk \u00c7ak\u0131r, Akdeniz Belediyesi E\u015f Ba\u015fkanlar\u0131 Nuriye Arslan ve Ho\u015fyar Sar\u0131y\u0131ld\u0131z, Mersin Ziraat Odas\u0131 Ba\u015fkan\u0131 Musa Y\u0131lmaz, Toroslar Muhtarlar Derne\u011fi Ba\u015fkan\u0131 Ali Y\u0131lmaz ve mahalle muhtarlar\u0131 H\u00fcseyin Tek ile \u00dcmit Duru da kat\u0131l\u0131mc\u0131lar\u0131 selamlayarak, tar\u0131ma ve \u00fcreticiye destek veren Toroslar Belediye Ba\u015fkan\u0131 Abdurrahman Y\u0131ld\u0131z&#8217;a te\u015fekk\u00fcr ettiler.<\/p>\n","protected":false},"excerpt":{"rendered":"<p>Toroslar Belediyesinin, \u00c7elebili ve Musal\u0131 mahalle muhtarl\u0131klar\u0131yla birlikte d\u00fczenledi\u011fi \u00dcz\u00fcm Hasat Etkinli\u011fi \u00fcreticilerle Mersin&#8217;in farkl\u0131 yerlerinden gelen yurtta\u015flar\u0131 bulu\u015fturdu. Etkinlikte konu\u015fan Toroslar Belediye Ba\u015fkan\u0131 Abdurrahman Y\u0131ld\u0131z, &#8220;\u00dcretmezsek t\u00fckeniriz. Biz \u00fcretti\u011fimiz alanlarda, k\u00f6ylerimizde ya\u015famak istiyoruz. Biz t\u00fcketti\u011fimiz b\u00fct\u00fcn g\u0131da \u00fcr\u00fcnlerinin \u00fclkemizin milli de\u011ferleri olmas\u0131n\u0131 istiyoruz. Biz art\u0131k ithal edilmi\u015f bu\u011fdaydan yap\u0131lm\u0131\u015f ekmek, ithal meyve yemek istemiyoruz&#8221; [&hellip;]<\/p>\n","protected":false},"author":2,"featured_media":34025,"comment_status":"closed","ping_status":"closed","sticky":false,"template":"","format":"standard","meta":{"footnotes":""},"categories":[2,3,5],"tags":[],"class_list":["post-34024","post","type-post","status-publish","format-standard","has-post-thumbnail","hentry","category-gundem","category-manset","category-mersin"],"views":3,"_links":{"self":[{"href":"https:\/\/mersinkadingazetesi.com\/index.php?rest_route=\/wp\/v2\/posts\/34024"}],"collection":[{"href":"https:\/\/mersinkadingazetesi.com\/index.php?rest_route=\/wp\/v2\/posts"}],"about":[{"href":"https:\/\/mersinkadingazetesi.com\/index.php?rest_route=\/wp\/v2\/types\/post"}],"author":[{"embeddable":true,"href":"https:\/\/mersinkadingazetesi.com\/index.php?rest_route=\/wp\/v2\/users\/2"}],"replies":[{"embeddable":true,"href":"https:\/\/mersinkadingazetesi.com\/index.php?rest_route=%2Fwp%2Fv2%2Fcomments&post=34024"}],"version-history":[{"count":1,"href":"https:\/\/mersinkadingazetesi.com\/index.php?rest_route=\/wp\/v2\/posts\/34024\/revisions"}],"predecessor-version":[{"id":34026,"href":"https:\/\/mersinkadingazetesi.com\/index.php?rest_route=\/wp\/v2\/posts\/34024\/revisions\/34026"}],"wp:featuredmedia":[{"embeddable":true,"href":"https:\/\/mersinkadingazetesi.com\/index.php?rest_route=\/wp\/v2\/media\/34025"}],"wp:attachment":[{"href":"https:\/\/mersinkadingazetesi.com\/index.php?rest_route=%2Fwp%2Fv2%2Fmedia&parent=34024"}],"wp:term":[{"taxonomy":"category","embeddable":true,"href":"https:\/\/mersinkadingazetesi.com\/index.php?rest_route=%2Fwp%2Fv2%2Fcategories&post=34024"},{"taxonomy":"post_tag","embeddable":true,"href":"https:\/\/mersinkadingazetesi.com\/index.php?rest_route=%2Fwp%2Fv2%2Ftags&post=34024"}],"curies":[{"name":"wp","href":"https:\/\/api.w.org\/{rel}","templated":true}]}}