{"id":34027,"date":"2024-07-22T12:04:55","date_gmt":"2024-07-22T09:04:55","guid":{"rendered":"https:\/\/mersinkadingazetesi.com\/?p=34027"},"modified":"2024-07-22T12:04:55","modified_gmt":"2024-07-22T09:04:55","slug":"baskan-secer-ve-meral-secer-3-esenli-uzum-senligine-katildi","status":"publish","type":"post","link":"https:\/\/mersinkadingazetesi.com\/?p=34027","title":{"rendered":"BA\u015eKAN SE\u00c7ER VE MERAL SE\u00c7ER, &#8216;3. ESENL\u0130 \u00dcZ\u00dcM \u015eENL\u0130\u011e\u0130&#8217;NE KATILDI"},"content":{"rendered":"\n<p>Mersin B\u00fcy\u00fck\u015fehir Belediye Ba\u015fkan\u0131 Vahap Se\u00e7er, e\u015fi Meral Se\u00e7er ile birlikte Akdeniz Belediyesi taraf\u0131ndan d\u00fczenlenen&nbsp;<strong>&#8216;3. Esenli \u00dcz\u00fcm \u015eenli\u011fi&#8217;<\/strong>ne kat\u0131ld\u0131.<\/p>\n\n\n\n<p>Esenli k\u00f6y meydan\u0131nda d\u00fczenlenen ve vatanda\u015flar\u0131n yo\u011fun ilgi g\u00f6sterdi\u011fi \u015fenlik, sayg\u0131 duru\u015fu ve \u0130stiklal Mar\u015f\u0131&#8217;n\u0131n ard\u0131ndan ger\u00e7ekle\u015ftirilen protokol konu\u015fmalar\u0131yla ba\u015flad\u0131.<\/p>\n\n\n\n<p><strong>&#8220;Mersin&#8217;de karde\u015fli\u011fi, huzuru tesis ettik&#8221;<\/strong><\/p>\n\n\n\n<p>Konu\u015fmas\u0131na insan sevgisinin \u00f6neminden s\u00f6z ederek ba\u015flayan Ba\u015fkan Se\u00e7er, \u00f6z\u00fcnde asaletli ki\u015filerin insanlar\u0131 birbirinden ayr\u0131 g\u00f6rmeyip tepeden bakmayaca\u011f\u0131n\u0131, onlar\u0131n kalbine girecek davran\u0131\u015flar sergileyece\u011fini s\u00f6yledi. B\u00fcy\u00fck\u015fehir Belediye Ba\u015fkan\u0131 olarak se\u00e7ildi\u011fi 2019 y\u0131l\u0131nda Mersin&#8217;de b\u00f6yle bir d\u00f6nemi ba\u015flatacaklar\u0131n\u0131 s\u00f6ylediklerini hat\u0131rlatan Se\u00e7er,&nbsp;<strong>&#8220;\u0130\u015fte o d\u00f6nem bu anlay\u0131\u015fla ba\u015flad\u0131. 5 y\u0131ld\u0131r Mersin B\u00fcy\u00fck\u015fehir Belediyesi ya da Ba\u015fkan\u0131 yol, tar\u0131msal destekler yapt\u0131, sosyal politikalar uygulad\u0131. Hepsini bir kenara koyun. Bana&nbsp;<em>&#8216;Ba\u015fkan 5 y\u0131ld\u0131r yapt\u0131\u011f\u0131n ne ile \u00f6v\u00fcn\u00fcyorsun?&#8217;<\/em>&nbsp;diye sorarsan\u0131z, karde\u015fli\u011fi, huzuru, birli\u011fi ve beraberli\u011fi, tesis ettik, insanlar\u0131n y\u00fcz\u00fcn\u00fc g\u00fcld\u00fcrd\u00fck, kendine g\u00fcvenini art\u0131rd\u0131k, kendini iyi hissetmesini sa\u011flad\u0131k, cevab\u0131m bu olur&#8221;<\/strong>&nbsp;dedi.<\/p>\n\n\n\n<p>T\u00fcrkiye&#8217;yi sevdiklerini ve hi\u00e7 kimsenin \u00fclke sevgisinin \u00f6l\u00e7\u00fclemeyece\u011fini dile getiren Se\u00e7er,&nbsp;<strong>&#8220;Hi\u00e7 kimsenin insan sevgisi de bizden fazla de\u011fildir. Bunu test edecek bir makine yok. Ama bak\u0131n Atat\u00fcrk&#8217;\u00fcn \u015fu veciz s\u00f6z\u00fc vard\u0131r;&nbsp;<em>&#8216;Vatan\u0131n\u0131, milletini en \u00e7ok vazifesini en iyi yapand\u0131r&#8217;<\/em>&nbsp;Biz de vazifemizi en iyi \u015fekilde yap\u0131yoruz&#8221;<\/strong>&nbsp;diye konu\u015ftu.<\/p>\n\n\n\n<p>Toroslar Belediye Ba\u015fkan\u0131 Abdurrahman Y\u0131ld\u0131z ile Akdeniz Belediyesi E\u015f Ba\u015fkanlar\u0131 Nuriye Arslan ve Ho\u015fyar Sar\u0131y\u0131ld\u0131z&#8217;\u0131nda konu\u015fmalar\u0131nda birlik, beraberlik ve karde\u015flikten s\u00f6z etmelerini dikkatle dinledi\u011fini aktaran Se\u00e7er,&nbsp;<strong>&#8220;Hepimiz karde\u015fiz Anadolu topraklar\u0131nda. Do\u011fudan bat\u0131ya, kuzeyden g\u00fcneye. Mustafa Kemal Atat\u00fcrk, yedi d\u00fcvele kar\u015f\u0131 m\u00fccadeleyi Anadolu insan\u0131yla yapt\u0131, ay\u0131rmadan yapt\u0131.&nbsp;<em>&#8216;Sen do\u011fulusun, bat\u0131l\u0131s\u0131n, kuzeylisin, g\u00fcneylisin&#8217;&nbsp;<\/em>demedi. Hep beraber Kuvay\u0131 Milliye olarak yedi d\u00fcvele ve emperyalizme kar\u015f\u0131 bu kadim topraklar\u0131 boyunduruktan kurtard\u0131. Laik Cumhuriyet&#8217;i kurdu. Demokrasinin geli\u015fmesi i\u00e7in T\u00fcrkiye siyasi tarihi boyunca her t\u00fcrl\u00fc tedbiri ald\u0131&#8221;<\/strong>&nbsp;ifadelerini kulland\u0131.<\/p>\n\n\n\n<p><strong>&#8220;Bu topraklar\u0131 daha zengin hale getirece\u011fiz&#8221;<\/strong><\/p>\n\n\n\n<p>Demokrasinin t\u0131pk\u0131 bir \u00e7ocuk gibi bak\u0131m ve sevgi istedi\u011fine vurgu yapan Se\u00e7er,&nbsp;<strong>&#8220;Demokrasi bak\u0131m, sevgi, sab\u0131r ve zaman ister. Y\u00fczy\u0131llard\u0131r bu topraklarda daha demokratik bir toplum ya\u015fatal\u0131m diye ya\u015f\u0131yoruz. Umar\u0131m bizler de katk\u0131 sunaca\u011f\u0131z. Bu topraklar\u0131 daha zengin hale getirece\u011fiz. \u00dclkemizin refah d\u00fczeyini art\u0131raca\u011f\u0131z. \u0130\u015fte bu \u015fenli\u011fin temel ama\u00e7lar\u0131ndan biri de bu olmal\u0131&#8221;<\/strong>&nbsp;s\u00f6zlerine yer verdi.<\/p>\n\n\n\n<p><strong>&#8220;Yoksul \u00e7ift\u00e7i, kad\u0131n var, onlara bakmak laz\u0131m, hedef kitlemizin onlar olmas\u0131 laz\u0131m&#8221;<\/strong><\/p>\n\n\n\n<p>Tar\u0131m\u0131n Mersin i\u00e7in \u00f6nemli oldu\u011funu belirten Se\u00e7er, B\u00fcy\u00fck\u015fehir olarak k\u00fc\u00e7\u00fck \u00fcreticileri, \u00f6zellikle de \u00fcretici kad\u0131nlar\u0131 \u00f6ncelediklerine dikkat \u00e7ekti. Se\u00e7er,&nbsp;<strong>&#8220;Zengin \u00e7ift\u00e7i zaten zengin. Tar\u0131m Bakanl\u0131\u011f\u0131; destekleri zengin \u00e7ift\u00e7i \u00fczerine kurgulam\u0131\u015f. Ama yoksul \u00e7ift\u00e7i var, kad\u0131n var, onlara bakmak laz\u0131m, hedef kitlemizin onlar olmas\u0131 laz\u0131m. \u00d6zellikle kad\u0131nlar; desteklerimiz daha \u00e7ok bu kitlelere y\u00f6nelik. Hayvanc\u0131l\u0131ktan fide, fidan deste\u011fine ve alet, ekipman deste\u011fine kadar&#8221;<\/strong>&nbsp;dedi.<\/p>\n\n\n\n<p><strong>&#8220;Akdeniz Meyve Sine\u011fi ile ilgili m\u00fccadelede katk\u0131 yapaca\u011f\u0131z&#8221;<\/strong><\/p>\n\n\n\n<p>B\u00fcy\u00fck\u015fehir olarak \u00fcreticilerin ya\u015fad\u0131\u011f\u0131 Akdeniz Meyve Sine\u011fi sorununa kar\u015f\u0131 m\u00fccadeleye katk\u0131 yapacaklar\u0131n\u0131 da s\u00f6zlerine ekleyen Se\u00e7er \u015funlar\u0131 kaydetti:&nbsp;<strong>&#8220;G\u00fcn\u00fcm\u00fcz\u00fcn bir sorunu var, Akdeniz Meyve Sine\u011fi. Biz de tar\u0131ma katk\u0131 yapal\u0131m Belediye olarak. Bununla m\u00fccadele yapal\u0131m. Bir\u00e7ok meyveyi Akdeniz Meyve Sine\u011fi vurdu. \u015eimdi insanlar&nbsp;<em>&#8216;Bir dahaki y\u0131l\u0131n \u00fcr\u00fcn\u00fcn\u00fc nas\u0131l yeti\u015ftirece\u011fim&#8217;<\/em>&nbsp;diye kara kara d\u00fc\u015f\u00fcn\u00fcyor. En az\u0131ndan narenciye d\u00f6nemine \u015fimdiden m\u00fccadeleye destek olal\u0131m. B\u00fcy\u00fck\u015fehir olarak \u00f6zellikle k\u00fc\u00e7\u00fck narenciye \u00fcreticilerine Akdeniz Meyve Sine\u011fi ile ilgili m\u00fccadelede katk\u0131 yapaca\u011f\u0131z.&#8221;<\/strong><\/p>\n\n\n\n<p><strong>&#8220;Tar\u0131m ve \u00fcretim insanl\u0131k i\u00e7in \u00f6nemli&#8221;<\/strong><\/p>\n\n\n\n<p>B\u00fcy\u00fck\u015fehir olarak \u00f6n\u00fcm\u00fczdeki s\u00fcrecin \u00f6nemli projelerinden biri olan&nbsp;<strong>&#8216;K\u00f6y\u00fcm\u00fcz At\u00f6lye&#8217;<\/strong>&nbsp;projesi hakk\u0131nda da kat\u0131l\u0131mc\u0131lara bilgi veren Se\u00e7er,&nbsp;<strong>&#8220;B\u00f6lgede, k\u00f6yde, o k\u00f6y\u00fcn maruf olan, en \u00e7ok yeti\u015ftirilen, memleket\u00e7e bilinen \u00fcr\u00fcn\u00fc ne ise onun \u00fcretiminden paketlenmesine, co\u011frafi i\u015faretine, uluslararas\u0131 pazara sunulmas\u0131na kadar \u00fcreticilerimizle bu konuda i\u015f birli\u011fi yapaca\u011f\u0131z. Di\u011feri de sulama kooperatiflerine g\u00fcne\u015f enerji santrali kurmalar\u0131 durumunda proje deste\u011fi. Bu da \u00f6nemsedi\u011fimiz projelerden bir tanesi. Tar\u0131m \u00f6nemli, \u00fcretim \u00f6nemli. \u0130nsanl\u0131k i\u00e7in, gelecek nesillerin sa\u011fl\u0131kl\u0131 olmas\u0131, ya\u015fam\u0131m\u0131z\u0131n devam etmesi, ekonomimiz ve her \u015feyimiz i\u00e7in \u00f6nemli&#8221;<\/strong>&nbsp;diye konu\u015ftu.<\/p>\n\n\n\n<p><strong>&#8220;Amac\u0131m, umudum ve dile\u011fim Mersin&#8217;de belediyeler aras\u0131nda siyasi parti fark\u0131 g\u00f6zetmeksizin, i\u015fbirli\u011fini geli\u015ftirmek&#8221;<\/strong><\/p>\n\n\n\n<p>Konu\u015fmas\u0131n\u0131n son b\u00f6l\u00fcm\u00fcnde birlik ve beraberlik vurgusu yapan Se\u00e7er,&nbsp;<strong>&#8220;\u00d6n\u00fcm\u00fczdeki 5 y\u0131ll\u0131k s\u00fcre i\u00e7erisinde amac\u0131m, umudum ve dile\u011fim; Mersin&#8217;de belediyeler aras\u0131nda siyasi parti fark\u0131 g\u00f6zetmeksizin, i\u015f birli\u011fini geli\u015ftirmektir. Gelece\u011fe umutla, samimiyetle, halisane duygularla bakaca\u011f\u0131z. Bak\u0131n bakal\u0131m ba\u015far\u0131, birlik ve karde\u015flik oluyor mu olmuyor mu? Hep beraber g\u00f6rece\u011fiz&#8221;<\/strong>&nbsp;diyerek s\u00f6zlerini tamamlad\u0131.<\/p>\n\n\n\n<p>Cumhuriyet Halk Partisi (CHP) Mersin Milletvekilleri G\u00fclcan K\u0131\u015f, Hasan Ufuk \u00c7ak\u0131r, Akdeniz Belediyesi E\u015f Ba\u015fkanlar\u0131 Nuriye Arslan ve Ho\u015fyar Sar\u0131y\u0131ld\u0131z, Toroslar Belediye Ba\u015fkan\u0131 Abdurrahman Y\u0131ld\u0131z, Akdeniz Ziraat Odas\u0131 Ba\u015fkan\u0131 Musa Y\u0131lmaz ve Esenli Mahallesi Muhtar\u0131 Feyyaz G\u00f6rg\u00fcl\u00fc&#8217;n\u00fcn de birer konu\u015fma yapt\u0131\u011f\u0131 3. Esenli \u00dcz\u00fcm \u015eenli\u011fi&#8217;nde Ba\u015fkan Se\u00e7er, En \u0130yi \u00dcz\u00fcm Yeti\u015ftiricili\u011fi Yar\u0131\u015fmas\u0131&#8217;nda 1. olan Osman Budakl\u0131 isimli \u00fcreticiye \u00f6d\u00fcl\u00fc teslim etti.<\/p>\n","protected":false},"excerpt":{"rendered":"<p>Mersin B\u00fcy\u00fck\u015fehir Belediye Ba\u015fkan\u0131 Vahap Se\u00e7er, e\u015fi Meral Se\u00e7er ile birlikte Akdeniz Belediyesi taraf\u0131ndan d\u00fczenlenen&nbsp;&#8216;3. Esenli \u00dcz\u00fcm \u015eenli\u011fi&#8217;ne kat\u0131ld\u0131. Esenli k\u00f6y meydan\u0131nda d\u00fczenlenen ve vatanda\u015flar\u0131n yo\u011fun ilgi g\u00f6sterdi\u011fi \u015fenlik, sayg\u0131 duru\u015fu ve \u0130stiklal Mar\u015f\u0131&#8217;n\u0131n ard\u0131ndan ger\u00e7ekle\u015ftirilen protokol konu\u015fmalar\u0131yla ba\u015flad\u0131. &#8220;Mersin&#8217;de karde\u015fli\u011fi, huzuru tesis ettik&#8221; Konu\u015fmas\u0131na insan sevgisinin \u00f6neminden s\u00f6z ederek ba\u015flayan Ba\u015fkan Se\u00e7er, \u00f6z\u00fcnde asaletli [&hellip;]<\/p>\n","protected":false},"author":2,"featured_media":34028,"comment_status":"closed","ping_status":"closed","sticky":false,"template":"","format":"standard","meta":{"footnotes":""},"categories":[34,2,3],"tags":[],"class_list":["post-34027","post","type-post","status-publish","format-standard","has-post-thumbnail","hentry","category-flas-haber","category-gundem","category-manset"],"views":11,"_links":{"self":[{"href":"https:\/\/mersinkadingazetesi.com\/index.php?rest_route=\/wp\/v2\/posts\/34027"}],"collection":[{"href":"https:\/\/mersinkadingazetesi.com\/index.php?rest_route=\/wp\/v2\/posts"}],"about":[{"href":"https:\/\/mersinkadingazetesi.com\/index.php?rest_route=\/wp\/v2\/types\/post"}],"author":[{"embeddable":true,"href":"https:\/\/mersinkadingazetesi.com\/index.php?rest_route=\/wp\/v2\/users\/2"}],"replies":[{"embeddable":true,"href":"https:\/\/mersinkadingazetesi.com\/index.php?rest_route=%2Fwp%2Fv2%2Fcomments&post=34027"}],"version-history":[{"count":1,"href":"https:\/\/mersinkadingazetesi.com\/index.php?rest_route=\/wp\/v2\/posts\/34027\/revisions"}],"predecessor-version":[{"id":34029,"href":"https:\/\/mersinkadingazetesi.com\/index.php?rest_route=\/wp\/v2\/posts\/34027\/revisions\/34029"}],"wp:featuredmedia":[{"embeddable":true,"href":"https:\/\/mersinkadingazetesi.com\/index.php?rest_route=\/wp\/v2\/media\/34028"}],"wp:attachment":[{"href":"https:\/\/mersinkadingazetesi.com\/index.php?rest_route=%2Fwp%2Fv2%2Fmedia&parent=34027"}],"wp:term":[{"taxonomy":"category","embeddable":true,"href":"https:\/\/mersinkadingazetesi.com\/index.php?rest_route=%2Fwp%2Fv2%2Fcategories&post=34027"},{"taxonomy":"post_tag","embeddable":true,"href":"https:\/\/mersinkadingazetesi.com\/index.php?rest_route=%2Fwp%2Fv2%2Ftags&post=34027"}],"curies":[{"name":"wp","href":"https:\/\/api.w.org\/{rel}","templated":true}]}}