{"id":34033,"date":"2024-07-22T12:08:36","date_gmt":"2024-07-22T09:08:36","guid":{"rendered":"https:\/\/mersinkadingazetesi.com\/?p=34033"},"modified":"2024-07-22T12:08:36","modified_gmt":"2024-07-22T09:08:36","slug":"aydincik-sahili-yaz-dostum-konseriyle-renklendi","status":"publish","type":"post","link":"https:\/\/mersinkadingazetesi.com\/?p=34033","title":{"rendered":"AYDINCIK SAH\u0130L\u0130 &#8216;YAZ DOSTUM&#8217; KONSER\u0130YLE RENKLEND\u0130"},"content":{"rendered":"\n<p>Mersin B\u00fcy\u00fck\u015fehir Belediyesi K\u00fclt\u00fcr ve Sosyal \u0130\u015fler Dairesi b\u00fcnyesinde her yaz ger\u00e7ekle\u015fen&nbsp;<strong>&#8216;Yaz Dostum&#8217;<\/strong>&nbsp;konserleri, hem Mersinlilere hem de Mersin&#8217;e tatile gelen yerli turistlere renkli ve m\u00fczik dolu ak\u015famlar ya\u015fat\u0131yor. K\u0131sa s\u00fcre \u00f6nce kent merkezinde ba\u015flayan ve kentin d\u00f6rt bir noktas\u0131ndan y\u00fckselen m\u00fczik seslerinin yeni adresi Ayd\u0131nc\u0131k il\u00e7esi oldu.<\/p>\n\n\n\n<p><strong>&#8216;Yaz Dostum&#8217;<\/strong>&nbsp;konserleri kapsam\u0131nda Ayd\u0131nc\u0131k sahilinde ger\u00e7ekle\u015fen Kent Orkestras\u0131 Pop Konseri il\u00e7e halk\u0131na ve tatile gelen turistlere keyifli bir ak\u015fam ya\u015fatt\u0131. Ayd\u0131nc\u0131k&#8217;\u0131n yaz ak\u015fam\u0131na renk katan konseri duyanlar sahile ko\u015ftu. Pop m\u00fczi\u011fin sevilen sanat\u00e7\u0131lar\u0131n\u0131n \u015fark\u0131lar\u0131n\u0131n seslendirildi\u011fi konserden gen\u00e7, ya\u015fl\u0131 herkes mutlu ayr\u0131ld\u0131. Vatanda\u015flar, sahilde ger\u00e7ekle\u015fen ve il\u00e7eye hareketlilik katan konserlerin daha s\u0131k ger\u00e7ekle\u015ftirilmesini istiyor.<\/p>\n\n\n\n<p><strong>K\u0131l\u0131\u00e7arpa: &#8220;Halk\u0131m\u0131z \u00e7ok memnun, rahatlamaya ihtiyac\u0131 vard\u0131&#8221;<\/strong><\/p>\n\n\n\n<p>Konsere kat\u0131lan ve vatanda\u015flarla birlikte e\u011flenen Ayd\u0131nc\u0131k Belediye Ba\u015fkan\u0131 \u00d6zkan K\u0131l\u0131\u00e7arpa, etkinli\u011fin il\u00e7elerine renk katt\u0131\u011f\u0131n\u0131 s\u00f6yleyerek,&nbsp;<strong>&#8220;Vahap Ba\u015fkan\u0131m\u0131n yapt\u0131\u011f\u0131 bu organizasyondan Ayd\u0131nc\u0131k halk\u0131m\u0131z \u00e7ok memnun. Bu etkinli\u011fi Ayd\u0131nc\u0131k&#8217;ta planlad\u0131\u011f\u0131 i\u00e7in Vahap Ba\u015fkan\u0131ma \u00e7ok te\u015fekk\u00fcr ediyoruz. \u0130nsanlar\u0131n rahatlamaya ihtiyac\u0131 vard\u0131. Bu organizasyon iyi ki Ayd\u0131nc\u0131k&#8217;ta da yap\u0131ld\u0131&#8221;<\/strong>&nbsp;dedi.<\/p>\n\n\n\n<p><strong>Narin: &#8220;Etkinliklerimiz yaz boyunca devam edecek&#8221;<\/strong><\/p>\n\n\n\n<p>Konseri ger\u00e7ekle\u015ftiren Mersin B\u00fcy\u00fck\u015fehir Belediyesi Kent Orkestras\u0131 sanat\u00e7\u0131lar\u0131ndan \u0130smail Caner Narin, kentin farkl\u0131 noktalar\u0131nda ger\u00e7ekle\u015ftirdikleri konserlerin harika ge\u00e7ti\u011fini belirterek,&nbsp;<strong>&#8220;Bizim i\u00e7in her konser, yeni heyecan, yeni deneyim. Halk\u0131m\u0131zla bulu\u015fmay\u0131 \u00e7ok seviyoruz. Onlara enerji vermeyi, hep beraber e\u011flenmeyi \u00e7ok seviyoruz. Bizim i\u00e7in \u00e7ok g\u00fczeldi. B\u00fct\u00fcn \u015fehri geziyoruz. B\u00fct\u00fcn il\u00e7elerimizde var olmaya \u00e7al\u0131\u015f\u0131yoruz. Halk\u0131m\u0131zla biriz. Onlar \u00e7ok mutlu ve enerjikler. Biz de onlara enerjiyle yakla\u015f\u0131yoruz. Yaz boyunca etkinliklerimiz devam edecek. Vatanda\u015flar\u0131m\u0131z, etkinliklerimizi K\u00fclt\u00fcr ve Sosyal \u0130\u015fler Dairemizin sosyal medya hesaplar\u0131ndan takip edebilirler&#8221;<\/strong>&nbsp;dedi.<\/p>\n\n\n\n<p><strong>&#8220;Herkes i\u00e7in g\u00fczel bir e\u011flence oldu&#8221;<\/strong><\/p>\n\n\n\n<p>Konsere kat\u0131lan gen\u00e7lerden Cavit Emre \u015eim\u015fek, konserlerin yinelenmesini istedi\u011fini ifade ederek,&nbsp;<strong>&#8220;Gayet e\u011flenceli ve g\u00fczel bir etkinlik. Umar\u0131m devam\u0131 gelir. \u00c7ok e\u011fleniyorum&#8221;<\/strong>&nbsp;diye konu\u015ftu.<\/p>\n\n\n\n<p>Konserin ak\u015famlar\u0131na renk katt\u0131\u011f\u0131n\u0131 s\u00f6yleyen vatanda\u015flardan G\u00fcl \u00d6zbek de<strong>&nbsp;&#8220;\u00c7ok g\u00fczel bir etkinlik. Vahap Ba\u015fkan\u0131m\u0131za ve Ayd\u0131nc\u0131k Belediye Ba\u015fkan\u0131m\u0131za da \u00e7ok te\u015fekk\u00fcr ediyoruz. \u00c7ok mutluyuz. \u00c7ocuk, b\u00fcy\u00fck, ya\u015fl\u0131 fark etmez herkes i\u00e7in g\u00fczel bir e\u011flence oldu&#8221;<\/strong>&nbsp;ifadelerini kulland\u0131. Gen\u00e7lerden Furkan ise,&nbsp;<strong>&#8220;Hava g\u00fczel, ortam g\u00fczel. Bu ortam\u0131 sa\u011flad\u0131\u011f\u0131 i\u00e7in Vahap Ba\u015fkan&#8217;a te\u015fekk\u00fcrlerimi iletiyorum&#8221;<\/strong>&nbsp;diye belirtti. \u0130l\u00e7e sakini gen\u00e7lerden Song\u00fcl Ceviz,&nbsp;<strong>&#8220;\u00c7ok mutluyuz, \u00e7ok e\u011flendik&#8221;<\/strong>&nbsp;c\u00fcmleleriyle konseri de\u011ferlendirdi.<\/p>\n\n\n\n<p><strong>&#8220;Biz bunlara hasret kalm\u0131\u015f\u0131z&#8221;<\/strong><\/p>\n\n\n\n<p>\u015eanl\u0131urfa&#8217;dan tatile gelen ve Ayd\u0131nc\u0131k&#8217;ta yap\u0131lan konsere kat\u0131lan Ey\u00fcphan \u00d6ztun\u00e7 ise&nbsp;<strong>&#8220;Mersin B\u00fcy\u00fck\u015fehir Belediyesi&#8217;nin yapt\u0131\u011f\u0131 bu etkinli\u011fi tebrik ediyorum ve kutluyorum. Biz bunlara hasret kalm\u0131\u015f\u0131z. Bu g\u00fczelim sahilin canlanmas\u0131 i\u00e7in bu t\u00fcr etkinliklerin daha da fazla olmas\u0131n\u0131 talep ediyorum&#8221;<\/strong>&nbsp;\u015feklinde konu\u015ftu.<\/p>\n\n\n\n<p>Kahramanmara\u015f&#8217;tan Ayd\u0131nc\u0131k&#8217;a tatile gelen H\u00fcseyin Alp Ta\u015fkale ise m\u00fczi\u011fi duyar duymaz sahile geldiklerini s\u00f6yleyerek,&nbsp;<strong>&#8220;Tatile geldi\u011fimde b\u00f6yle bir etkinlikle kar\u015f\u0131la\u015ft\u0131m. Bu tarz etkinliklerin daha \u00e7ok olmas\u0131n\u0131 isteriz&#8221;<\/strong>&nbsp;dedi. Konsere birlikte geldi\u011fi arkada\u015f\u0131 Gizem Durak da etkinli\u011fi<strong>, &#8220;\u00c7ok g\u00fczel bir etkinlik g\u00f6rd\u00fck, kat\u0131lmak istedik. Ba\u015fkan\u0131m\u0131za te\u015fekk\u00fcr ederiz. Gayet g\u00fczel ge\u00e7iyor, e\u011fleniyoruz&#8221;<\/strong>&nbsp;c\u00fcmleleriyle ifade etti.<\/p>\n","protected":false},"excerpt":{"rendered":"<p>Mersin B\u00fcy\u00fck\u015fehir Belediyesi K\u00fclt\u00fcr ve Sosyal \u0130\u015fler Dairesi b\u00fcnyesinde her yaz ger\u00e7ekle\u015fen&nbsp;&#8216;Yaz Dostum&#8217;&nbsp;konserleri, hem Mersinlilere hem de Mersin&#8217;e tatile gelen yerli turistlere renkli ve m\u00fczik dolu ak\u015famlar ya\u015fat\u0131yor. K\u0131sa s\u00fcre \u00f6nce kent merkezinde ba\u015flayan ve kentin d\u00f6rt bir noktas\u0131ndan y\u00fckselen m\u00fczik seslerinin yeni adresi Ayd\u0131nc\u0131k il\u00e7esi oldu. &#8216;Yaz Dostum&#8217;&nbsp;konserleri kapsam\u0131nda Ayd\u0131nc\u0131k sahilinde ger\u00e7ekle\u015fen Kent Orkestras\u0131 [&hellip;]<\/p>\n","protected":false},"author":2,"featured_media":34034,"comment_status":"closed","ping_status":"closed","sticky":false,"template":"","format":"standard","meta":{"footnotes":""},"categories":[34,1,2,3],"tags":[],"class_list":["post-34033","post","type-post","status-publish","format-standard","has-post-thumbnail","hentry","category-flas-haber","category-genel","category-gundem","category-manset"],"views":16,"_links":{"self":[{"href":"https:\/\/mersinkadingazetesi.com\/index.php?rest_route=\/wp\/v2\/posts\/34033"}],"collection":[{"href":"https:\/\/mersinkadingazetesi.com\/index.php?rest_route=\/wp\/v2\/posts"}],"about":[{"href":"https:\/\/mersinkadingazetesi.com\/index.php?rest_route=\/wp\/v2\/types\/post"}],"author":[{"embeddable":true,"href":"https:\/\/mersinkadingazetesi.com\/index.php?rest_route=\/wp\/v2\/users\/2"}],"replies":[{"embeddable":true,"href":"https:\/\/mersinkadingazetesi.com\/index.php?rest_route=%2Fwp%2Fv2%2Fcomments&post=34033"}],"version-history":[{"count":1,"href":"https:\/\/mersinkadingazetesi.com\/index.php?rest_route=\/wp\/v2\/posts\/34033\/revisions"}],"predecessor-version":[{"id":34035,"href":"https:\/\/mersinkadingazetesi.com\/index.php?rest_route=\/wp\/v2\/posts\/34033\/revisions\/34035"}],"wp:featuredmedia":[{"embeddable":true,"href":"https:\/\/mersinkadingazetesi.com\/index.php?rest_route=\/wp\/v2\/media\/34034"}],"wp:attachment":[{"href":"https:\/\/mersinkadingazetesi.com\/index.php?rest_route=%2Fwp%2Fv2%2Fmedia&parent=34033"}],"wp:term":[{"taxonomy":"category","embeddable":true,"href":"https:\/\/mersinkadingazetesi.com\/index.php?rest_route=%2Fwp%2Fv2%2Fcategories&post=34033"},{"taxonomy":"post_tag","embeddable":true,"href":"https:\/\/mersinkadingazetesi.com\/index.php?rest_route=%2Fwp%2Fv2%2Ftags&post=34033"}],"curies":[{"name":"wp","href":"https:\/\/api.w.org\/{rel}","templated":true}]}}