{"id":34058,"date":"2024-07-24T12:18:18","date_gmt":"2024-07-24T09:18:18","guid":{"rendered":"https:\/\/mersinkadingazetesi.com\/?p=34058"},"modified":"2024-07-24T12:18:19","modified_gmt":"2024-07-24T09:18:19","slug":"yorukluk-turistik-hale-geldi","status":"publish","type":"post","link":"https:\/\/mersinkadingazetesi.com\/?p=34058","title":{"rendered":"&#8220;Y\u00d6R\u00dcKL\u00dcK TUR\u0130ST\u0130K HALE GELD\u0130&#8221;"},"content":{"rendered":"\n<p><strong>Toroslar Belediye Ba\u015fkan\u0131 Abdurrahman Y\u0131ld\u0131z, Tarsus Y\u00f6r\u00fckleri Derne\u011fi&#8217;nin geleneksel olarak d\u00fczenledi\u011fi Y\u00f6r\u00fck \u015eenli\u011fi&#8217;nin misafiri oldu.<\/strong><\/p>\n\n\n\n<p>Toros da\u011flar\u0131n\u0131n zirvesinde bulunan Cocak Vadisi, Kuzuluk mevkiinde yap\u0131lan etkinlikte y\u00f6r\u00fck vatanda\u015flar\u0131n yo\u011fun ilgisi ve sevgisiyle kar\u015f\u0131lanan Ba\u015fkan Y\u0131ld\u0131z, Y\u00f6r\u00fck k\u00fclt\u00fcr\u00fcn\u00fc ya\u015fatmak i\u00e7in birliklerin, vak\u0131flar\u0131n ve derneklerin daha fazla \u00e7aba g\u00f6stermesi gerekti\u011fini s\u00f6yledi.<\/p>\n\n\n\n<p>Ba\u015fkan Y\u0131ld\u0131z, &#8220;Y\u00f6r\u00fck k\u00fclt\u00fcr\u00fcn\u00fc ya\u015fatmak i\u00e7in sadece folklorik etkinlikler yetmez. Ekonomik olarak da ya\u015fatmam\u0131z laz\u0131m. Y\u00f6r\u00fckl\u00fck, et, s\u00fct, peynir ve ya\u015fam demektir. E\u011fer bu k\u00fclt\u00fcr\u00fc s\u00fcrd\u00fcremezsek, \u00e7ocuklar\u0131m\u0131z peyniri r\u00fcyalar\u0131nda g\u00f6recek&#8221; dedi.<\/p>\n\n\n\n<p>Burada kamuoyuna seslenen Ba\u015fkan Y\u0131ld\u0131z, Y\u00f6r\u00fck k\u00fclt\u00fcr\u00fcn\u00fcn kar\u015f\u0131 kar\u015f\u0131ya kald\u0131\u011f\u0131 tehlikelere dikkat \u00e7ekti. Ba\u015fkan Y\u0131ld\u0131z, &#8220;Ya\u015far Kemal&#8217;e soruyorlar, &#8216;Y\u00f6r\u00fck kim?&#8217; diye. \u0130ki kelimeyle cevap veriyor: &#8216;Y\u00f6r\u00fck, sofras\u0131 yerden kalkmayan, mezar\u0131n\u0131n yeri belli olmayan insand\u0131r.&#8217; Bu s\u00f6zler, Y\u00f6r\u00fcklerin ya\u015fam felsefesini ve k\u00fclt\u00fcr\u00fcn\u00fc \u00f6zetliyor&#8221; ifadelerini kulland\u0131.<\/p>\n\n\n\n<p>Ba\u015fkan Y\u0131ld\u0131z, konu\u015fmas\u0131nda Y\u00f6r\u00fck k\u00fclt\u00fcr\u00fcn\u00fcn ekonomik ve k\u00fclt\u00fcrel bask\u0131lar alt\u0131nda yok olma tehlikesiyle kar\u015f\u0131 kar\u015f\u0131ya oldu\u011funu da vurgulayarak,&nbsp; &#8220;\u00c7ocuklu\u011fum G\u00fcneykuyu&#8217;da ge\u00e7ti. O zamanlar orada en az 6-7 \u00e7ad\u0131r, binlerce hayvan vard\u0131. \u00c7ete Osman&#8217;\u0131 ziyaret etti\u011fimde K\u00f6rkuyu&#8217;da, Anakuyu&#8217;da y\u00fczlerce \u00e7ad\u0131r vard\u0131. Binlerce insan, on binlerce hayvan vard\u0131. Ancak art\u0131k Y\u00f6r\u00fckl\u00fck turistik hale geldi&#8221; \u015feklinde konu\u015ftu.<\/p>\n\n\n\n<p><strong>&#8220;G\u0131da Sorununun Sebebi Y\u00f6r\u00fck K\u00fclt\u00fcr\u00fcn\u00fcn Yok Olu\u015fudur&#8221;<\/strong><\/p>\n\n\n\n<p>Ba\u015fkan Y\u0131ld\u0131z, Y\u00f6r\u00fck k\u00fclt\u00fcr\u00fcn\u00fcn yok olmas\u0131n\u0131n, g\u0131da sorununa ve yoksullu\u011fa yol a\u00e7t\u0131\u011f\u0131n\u0131 belirtti ve \u015f\u00f6yle konu\u015ftu, &#8220;Art\u0131k ovalar\u0131m\u0131zda, yurtlar\u0131m\u0131zda, kuyular\u0131m\u0131zda su akm\u0131yor. \u00c7ad\u0131rlar\u0131m\u0131z\u0131n bacas\u0131 t\u00fctm\u00fcyor. Koyunlar\u0131m\u0131z, ke\u00e7ilerimiz otlaklarda mele\u015fmiyor. K\u00fclt\u00fcrel ve ekonomik varl\u0131\u011f\u0131m\u0131z ortadan kald\u0131r\u0131l\u0131yor. Her birimiz yurtlar\u0131m\u0131z\u0131 terk edip kentlerde zorlu ko\u015fullarda ya\u015famaya mahkum ediliyoruz.&#8221;<\/p>\n\n\n\n<p><strong>&nbsp;&#8220;K\u00fclt\u00fcrel ve Ekonomik K\u0131r\u0131m&#8221;<\/strong><\/p>\n\n\n\n<p>Y\u00f6r\u00fcklerin tarih boyunca ya\u015fad\u0131klar\u0131 zorluklar\u0131 da anlatan Ba\u015fkan Y\u0131ld\u0131z, &#8220;1980&#8217;lerin ba\u015f\u0131nda akrabalar\u0131m Tarsus&#8217;un k\u00f6ylerine inerdi. 1980&#8217;lerin sonlar\u0131na do\u011fru &#8216;Art\u0131k bu meralara gelmeyin&#8217; dediler. 1993&#8217;te dedem vefat etti. Ancak birka\u00e7 y\u0131l sonra oradan da \u00e7\u0131kmam\u0131z gerekti. Binlerce Y\u00f6r\u00fck k\u00fclt\u00fcr\u00fcn\u00fc terk etmek zorunda kald\u0131&#8221; \u015feklinde konu\u015ftu.<\/p>\n\n\n\n<p><strong>&#8220;G\u0131da Fiyatlar\u0131 Art\u0131yor&#8221;<\/strong><\/p>\n\n\n\n<p>Y\u00f6r\u00fck k\u00fclt\u00fcr\u00fcn\u00fcn yok olmas\u0131n\u0131n g\u0131da fiyatlar\u0131n\u0131 da art\u0131rd\u0131\u011f\u0131n\u0131 belirten Ba\u015fkan Y\u0131ld\u0131z, &#8220;Etin kilosu 700 lira, peynirin kilosu 500 lira, s\u00fct\u00fcn kilosu 100 lira oldu. E\u011fer bu k\u0131r\u0131m ya\u015fanmasayd\u0131, \u00e7ocuklar\u0131m\u0131z peynire bu kadar zor ula\u015fmazd\u0131. S\u00fct ve ete daha kolay ula\u015f\u0131rd\u0131&#8221; dedi.<\/p>\n\n\n\n<p><strong>&#8220;Y\u00f6r\u00fckl\u00fck Folklorik De\u011fildir&#8221;<\/strong><\/p>\n\n\n\n<p>Ba\u015fkan Y\u0131ld\u0131z, konu\u015fmas\u0131n\u0131 &#8220;Y\u00f6r\u00fckl\u00fck folklorik bir \u015fey de\u011fildir. Buras\u0131 bir ya\u015fam alan\u0131d\u0131r. E\u011fer bu bacalar\u0131 t\u00fctt\u00fcremezsek, sadece bir k\u00fclt\u00fcr\u00fc de\u011fil, ya\u015fam\u0131 kaybedece\u011fiz. Hepinizi sayg\u0131yla, sevgiyle selaml\u0131yorum&#8221; diye tamamlad\u0131.<\/p>\n","protected":false},"excerpt":{"rendered":"<p>Toroslar Belediye Ba\u015fkan\u0131 Abdurrahman Y\u0131ld\u0131z, Tarsus Y\u00f6r\u00fckleri Derne\u011fi&#8217;nin geleneksel olarak d\u00fczenledi\u011fi Y\u00f6r\u00fck \u015eenli\u011fi&#8217;nin misafiri oldu. Toros da\u011flar\u0131n\u0131n zirvesinde bulunan Cocak Vadisi, Kuzuluk mevkiinde yap\u0131lan etkinlikte y\u00f6r\u00fck vatanda\u015flar\u0131n yo\u011fun ilgisi ve sevgisiyle kar\u015f\u0131lanan Ba\u015fkan Y\u0131ld\u0131z, Y\u00f6r\u00fck k\u00fclt\u00fcr\u00fcn\u00fc ya\u015fatmak i\u00e7in birliklerin, vak\u0131flar\u0131n ve derneklerin daha fazla \u00e7aba g\u00f6stermesi gerekti\u011fini s\u00f6yledi. Ba\u015fkan Y\u0131ld\u0131z, &#8220;Y\u00f6r\u00fck k\u00fclt\u00fcr\u00fcn\u00fc ya\u015fatmak i\u00e7in sadece [&hellip;]<\/p>\n","protected":false},"author":2,"featured_media":34059,"comment_status":"closed","ping_status":"closed","sticky":false,"template":"","format":"standard","meta":{"footnotes":""},"categories":[34,2,3,5],"tags":[],"class_list":["post-34058","post","type-post","status-publish","format-standard","has-post-thumbnail","hentry","category-flas-haber","category-gundem","category-manset","category-mersin"],"views":5,"_links":{"self":[{"href":"https:\/\/mersinkadingazetesi.com\/index.php?rest_route=\/wp\/v2\/posts\/34058"}],"collection":[{"href":"https:\/\/mersinkadingazetesi.com\/index.php?rest_route=\/wp\/v2\/posts"}],"about":[{"href":"https:\/\/mersinkadingazetesi.com\/index.php?rest_route=\/wp\/v2\/types\/post"}],"author":[{"embeddable":true,"href":"https:\/\/mersinkadingazetesi.com\/index.php?rest_route=\/wp\/v2\/users\/2"}],"replies":[{"embeddable":true,"href":"https:\/\/mersinkadingazetesi.com\/index.php?rest_route=%2Fwp%2Fv2%2Fcomments&post=34058"}],"version-history":[{"count":1,"href":"https:\/\/mersinkadingazetesi.com\/index.php?rest_route=\/wp\/v2\/posts\/34058\/revisions"}],"predecessor-version":[{"id":34060,"href":"https:\/\/mersinkadingazetesi.com\/index.php?rest_route=\/wp\/v2\/posts\/34058\/revisions\/34060"}],"wp:featuredmedia":[{"embeddable":true,"href":"https:\/\/mersinkadingazetesi.com\/index.php?rest_route=\/wp\/v2\/media\/34059"}],"wp:attachment":[{"href":"https:\/\/mersinkadingazetesi.com\/index.php?rest_route=%2Fwp%2Fv2%2Fmedia&parent=34058"}],"wp:term":[{"taxonomy":"category","embeddable":true,"href":"https:\/\/mersinkadingazetesi.com\/index.php?rest_route=%2Fwp%2Fv2%2Fcategories&post=34058"},{"taxonomy":"post_tag","embeddable":true,"href":"https:\/\/mersinkadingazetesi.com\/index.php?rest_route=%2Fwp%2Fv2%2Ftags&post=34058"}],"curies":[{"name":"wp","href":"https:\/\/api.w.org\/{rel}","templated":true}]}}