{"id":34064,"date":"2024-07-24T12:23:46","date_gmt":"2024-07-24T09:23:46","guid":{"rendered":"https:\/\/mersinkadingazetesi.com\/?p=34064"},"modified":"2024-07-24T12:23:48","modified_gmt":"2024-07-24T09:23:48","slug":"il-baskani-taner-isikbay-ekonomik-kriz-buyuyor-acil-cozum-sart","status":"publish","type":"post","link":"https:\/\/mersinkadingazetesi.com\/?p=34064","title":{"rendered":"\u0130l Ba\u015fkan\u0131 Taner I\u015f\u0131kbay: &#8220;Ekonomik Kriz B\u00fcy\u00fcyor, Acil \u00c7\u00f6z\u00fcm \u015eart!&#8221;"},"content":{"rendered":"\n<p>Demokrasi ve At\u0131l\u0131m Partisi (DEVA) Mersin \u0130l Ba\u015fkan\u0131 Taner I\u015f\u0131kbay, T\u00fcrkiye&#8217;nin mevcut ekonomik durumu ve h\u00fck\u00fcmetin ekonomi politikalar\u0131n\u0131 sert bir \u015fekilde ele\u015ftirerek, milyonlarca insan\u0131n zor durumda oldu\u011funu vurgulad\u0131. I\u015f\u0131kbay, yapt\u0131\u011f\u0131 a\u00e7\u0131klamada, vergi sisteminin k\u00fc\u00e7\u00fck esnaf\u0131 ve i\u015fletmeleri bo\u011facak noktaya geldi\u011fini belirtti.<\/p>\n\n\n\n<p>I\u015f\u0131kbay, &#8220;Vergi sistemini, ekonomik faaliyeti bo\u011facak noktaya getirmemeniz gerekiyor. K\u00e2\u011f\u0131t \u00fczerinde yapt\u0131\u011f\u0131n\u0131z hi\u00e7bir hesap tutmaz. K\u00fc\u00e7\u00fck esnafla, berberle, bakkalla, manavla, kasapla u\u011fra\u015fmay\u0131n ya. As\u0131l b\u00fcy\u00fcklere gidin, b\u00fcy\u00fcklere. \u0130mar rantlar\u0131na gidin. As\u0131l paran\u0131n b\u00fcy\u00fc\u011f\u00fc orada,&#8221; dedi.<\/p>\n\n\n\n<p>&#8220;K\u00fc\u00e7\u00fck Esnaf ve \u0130\u015fletmeler Zorda&#8221;<\/p>\n\n\n\n<p>Sokaklar\u0131 bir il ba\u015fkan\u0131 olarak gezdi\u011fini ve halk\u0131n durumunu yak\u0131ndan g\u00f6zlemledi\u011fini ifade eden I\u015f\u0131kbay, &#8220;Sokak yani M\u0130LLET a\u00e7. Esnaf umutsuz, i\u015fveren moralsiz, vatanda\u015f ge\u00e7im derdinde. Esnaf kredisini bile veremiyor, kredisi diyorlar veren yok. K\u00fc\u00e7\u00fck esnaf hep zorda, i\u015fsizlik had safhada. \u0130sraf tam gaz devam ediyor, hizmet imdat veriyor. Acilen \u00e7\u00f6z\u00fcm \u015fart,&#8221; diye konu\u015ftu.<\/p>\n\n\n\n<p>&#8220;\u0130ktidar, Halk\u0131n \u00c7\u0131\u011fl\u0131\u011f\u0131n\u0131 Duymuyor&#8221;<\/p>\n\n\n\n<p>I\u015f\u0131kbay, h\u00fck\u00fcmetin halk\u0131n \u00e7\u0131\u011fl\u0131klar\u0131n\u0131 duymas\u0131 gerekti\u011fini belirterek, &#8220;Milyonlarca insan\u0131n \u00e7\u0131\u011fl\u0131\u011f\u0131n\u0131 duyup, gere\u011fini yapmayacaksa, iktidar ne i\u00e7in var? Asgari \u00fccretli peri\u015fan, i\u015fveren zorda! Emekli s\u00fcr\u00fcn\u00fcyor, \u00e7ift\u00e7i, k\u00fc\u00e7\u00fck esnaf can \u00e7eki\u015fiyor. Adaletsizlik diz boyu!&#8221; dedi.<\/p>\n\n\n\n<p>&#8220;\u0130ktidar\u0131n Yanl\u0131\u015f Ekonomi Y\u00f6netimi&#8221;<\/p>\n\n\n\n<p>I\u015f\u0131kbay, h\u00fck\u00fcmetin ekonomi y\u00f6netimini sert bir \u015fekilde ele\u015ftirerek, &#8220;\u0130ktidar\u0131n yanl\u0131\u015f ekonomi y\u00f6netimi sayesinde kimse halinden memnun de\u011fil. Temmuz&#8217;da ek zam ve refah pay\u0131 \u00e7a\u011fr\u0131lar\u0131na suskun kalan iktidar, 22 y\u0131ll\u0131k beceriksizliklerinin sorumlulu\u011funu muhalefete y\u0131kmak istiyor. Se\u00e7im meydanlar\u0131nda; &#8216;Siz bu karde\u015finize verin yetkiyi enflasyonla, faizle, kurla nas\u0131l m\u00fccadele edilir g\u00f6r\u00fcn&#8217; diyen Cumhurba\u015fkan\u0131 Erdo\u011fan, art\u0131k \u00fclke ekonomisinin &#8216;\u015eim\u015fek&#8217; kararlar\u0131yla d\u00fczelece\u011fine kendisi de inanm\u0131yor. Farkl\u0131 polemikler yaratarak halk\u0131n sabr\u0131n\u0131 test ediyor ve g\u00fcndemi de\u011fi\u015ftirmeye \u00e7al\u0131\u015f\u0131yor. Ancak g\u00fcndem de\u011fi\u015fmiyor. Akaryak\u0131ta, elektri\u011fe gelen y\u00fcksek zamlar, a\u011f\u0131r vergi y\u00fck\u00fc, a\u015f\u0131r\u0131 pahal\u0131l\u0131k vatanda\u015f\u0131 bezdirdi, can\u0131na tak etti. Her ge\u00e7en g\u00fcn homurtular daha da y\u00fckseliyor,&#8221; ifadelerini kulland\u0131.<\/p>\n\n\n\n<p>&#8220;Bu \u0130\u015f B\u00f6yle Gitmez&#8221;<\/p>\n\n\n\n<p>I\u015f\u0131kbay, halk\u0131n ve h\u00fck\u00fcmetin mevcut durumun s\u00fcrd\u00fcr\u00fclemez oldu\u011funu bildi\u011fini belirterek, &#8220;Herkes biliyor, halk biliyor, iktidar da biliyor; bu i\u015f b\u00f6yle gitmez,&#8221; dedi.<\/p>\n\n\n\n<p>DEVA Partisi Mersin \u0130l Ba\u015fkan\u0131 Taner I\u015f\u0131kbay, a\u00e7\u0131klamalar\u0131n\u0131 \u015fu s\u00f6zlerle sonland\u0131rd\u0131: &#8220;T\u00fcrkiye&#8217;nin gelece\u011fi i\u00e7in acilen yap\u0131sal reformlara ihtiya\u00e7 var. Ekonominin d\u00fczelmesi i\u00e7in samimi ve kal\u0131c\u0131 ad\u0131mlar at\u0131lmal\u0131d\u0131r. Halk\u0131n refah\u0131n\u0131 ve huzurunu sa\u011flamak i\u00e7in her t\u00fcrl\u00fc fedak\u00e2rl\u0131\u011f\u0131 yapmaya haz\u0131r\u0131z.&#8221;<\/p>\n","protected":false},"excerpt":{"rendered":"<p>Demokrasi ve At\u0131l\u0131m Partisi (DEVA) Mersin \u0130l Ba\u015fkan\u0131 Taner I\u015f\u0131kbay, T\u00fcrkiye&#8217;nin mevcut ekonomik durumu ve h\u00fck\u00fcmetin ekonomi politikalar\u0131n\u0131 sert bir \u015fekilde ele\u015ftirerek, milyonlarca insan\u0131n zor durumda oldu\u011funu vurgulad\u0131. I\u015f\u0131kbay, yapt\u0131\u011f\u0131 a\u00e7\u0131klamada, vergi sisteminin k\u00fc\u00e7\u00fck esnaf\u0131 ve i\u015fletmeleri bo\u011facak noktaya geldi\u011fini belirtti. I\u015f\u0131kbay, &#8220;Vergi sistemini, ekonomik faaliyeti bo\u011facak noktaya getirmemeniz gerekiyor. K\u00e2\u011f\u0131t \u00fczerinde yapt\u0131\u011f\u0131n\u0131z hi\u00e7bir hesap [&hellip;]<\/p>\n","protected":false},"author":2,"featured_media":34065,"comment_status":"closed","ping_status":"closed","sticky":false,"template":"","format":"standard","meta":{"footnotes":""},"categories":[2,3],"tags":[],"class_list":["post-34064","post","type-post","status-publish","format-standard","has-post-thumbnail","hentry","category-gundem","category-manset"],"views":4,"_links":{"self":[{"href":"https:\/\/mersinkadingazetesi.com\/index.php?rest_route=\/wp\/v2\/posts\/34064"}],"collection":[{"href":"https:\/\/mersinkadingazetesi.com\/index.php?rest_route=\/wp\/v2\/posts"}],"about":[{"href":"https:\/\/mersinkadingazetesi.com\/index.php?rest_route=\/wp\/v2\/types\/post"}],"author":[{"embeddable":true,"href":"https:\/\/mersinkadingazetesi.com\/index.php?rest_route=\/wp\/v2\/users\/2"}],"replies":[{"embeddable":true,"href":"https:\/\/mersinkadingazetesi.com\/index.php?rest_route=%2Fwp%2Fv2%2Fcomments&post=34064"}],"version-history":[{"count":1,"href":"https:\/\/mersinkadingazetesi.com\/index.php?rest_route=\/wp\/v2\/posts\/34064\/revisions"}],"predecessor-version":[{"id":34066,"href":"https:\/\/mersinkadingazetesi.com\/index.php?rest_route=\/wp\/v2\/posts\/34064\/revisions\/34066"}],"wp:featuredmedia":[{"embeddable":true,"href":"https:\/\/mersinkadingazetesi.com\/index.php?rest_route=\/wp\/v2\/media\/34065"}],"wp:attachment":[{"href":"https:\/\/mersinkadingazetesi.com\/index.php?rest_route=%2Fwp%2Fv2%2Fmedia&parent=34064"}],"wp:term":[{"taxonomy":"category","embeddable":true,"href":"https:\/\/mersinkadingazetesi.com\/index.php?rest_route=%2Fwp%2Fv2%2Fcategories&post=34064"},{"taxonomy":"post_tag","embeddable":true,"href":"https:\/\/mersinkadingazetesi.com\/index.php?rest_route=%2Fwp%2Fv2%2Ftags&post=34064"}],"curies":[{"name":"wp","href":"https:\/\/api.w.org\/{rel}","templated":true}]}}