{"id":34067,"date":"2024-07-24T12:24:57","date_gmt":"2024-07-24T09:24:57","guid":{"rendered":"https:\/\/mersinkadingazetesi.com\/?p=34067"},"modified":"2024-07-24T12:24:58","modified_gmt":"2024-07-24T09:24:58","slug":"baskan-secerden-lozan-baris-antlasmasinin-yil-donumu-mesaji","status":"publish","type":"post","link":"https:\/\/mersinkadingazetesi.com\/?p=34067","title":{"rendered":"BA\u015eKAN SE\u00c7ER&#8217;DEN LOZAN BARI\u015e ANTLA\u015eMASI&#8217;NIN YIL D\u00d6N\u00dcM\u00dc MESAJI"},"content":{"rendered":"\n<p>Mersin B\u00fcy\u00fck\u015fehir Belediye Ba\u015fkan\u0131 Vahap Se\u00e7er, Lozan Bar\u0131\u015f Antla\u015fmas\u0131&#8217;n\u0131n 101. y\u0131l d\u00f6n\u00fcm\u00fc dolay\u0131s\u0131yla bir mesaj yay\u0131nlad\u0131.<\/p>\n\n\n\n<p>Ba\u015fkan Se\u00e7er mesaj\u0131nda \u015fu ifadelere yer verdi:<\/p>\n\n\n\n<p><strong>&#8220;\u00dclkemizin ba\u011f\u0131ms\u0131zl\u0131\u011f\u0131 i\u00e7in verilen her t\u00fcrl\u00fc m\u00fccadelenin, bu do\u011frultuda \u00f6denen t\u00fcm bedellerin kar\u015f\u0131l\u0131\u011f\u0131n\u0131 ald\u0131\u011f\u0131m\u0131z, diplomasi tarihimizin en b\u00fcy\u00fck zaferinin, Lozan Bar\u0131\u015f Antla\u015fmas\u0131&#8217;n\u0131n 101. Y\u0131l d\u00f6n\u00fcm\u00fcndeyiz.<\/strong><\/p>\n\n\n\n<p><strong>Cumhuriyetimizin kurucusu Atat\u00fcrk&#8217;\u00fcn Lozan Bar\u0131\u015f Antla\u015fmas\u0131na dair s\u00f6ylemi\u015f oldu\u011fu;&nbsp;<em>&#8216;Bu antla\u015fma, T\u00fcrk ulusuna kar\u015f\u0131 y\u00fczy\u0131llardan beri haz\u0131rlanm\u0131\u015f ve Sevr Antla\u015fmas\u0131 ile tamamland\u0131\u011f\u0131 san\u0131lm\u0131\u015f b\u00fcy\u00fck bir yok etme giri\u015fiminin y\u0131k\u0131l\u0131\u015f\u0131n\u0131 bildirir bir belgedir. Benzeri g\u00f6r\u00fclmemi\u015f siyasi bir zafer eseridir&#8217;<\/em>&nbsp;s\u00f6zleri \u0131\u015f\u0131\u011f\u0131nda Lozan Bar\u0131\u015f Antla\u015fmas\u0131&#8217;n\u0131 hem Cumhuriyetimizin temel ta\u015f\u0131 olarak g\u00f6r\u00fcyor, hem de T\u00fcrkiye Cumhuriyeti&#8217;nin tapu senedi olarak say\u0131yoruz.<\/strong><\/p>\n\n\n\n<p><strong>Birlikte ya\u015fama k\u00fclt\u00fcr\u00fcn\u00fcn, karde\u015flik hukukunun, farkl\u0131 k\u00fclt\u00fcrlerin zenginli\u011finin yaratt\u0131\u011f\u0131 muhte\u015fem ahengin kenti Mersin&#8217;de, ba\u011f\u0131ms\u0131zl\u0131k ve \u00f6zg\u00fcrl\u00fc\u011f\u00fcn, T\u00fcrkiye Cumhuriyeti kuruldu\u011fundan bu yana sahip oldu\u011fumuz e\u015fit yurtta\u015fl\u0131k ilkesinin de\u011ferini en \u00e7ok bizler biliyoruz. 2019&#8217;dan bug\u00fcne hizmet etmekten onur duydu\u011fum Mersin, Cumhuriyetimizin kurulu\u015fundan beri bu de\u011ferlerin kenti olmu\u015f ve olmaya da devam edecektir. Bizlere bu de\u011ferleri kazand\u0131ran Lozan Bar\u0131\u015f Antla\u015fmas\u0131&#8217;n\u0131n, sonunda yer alan bire bir milyon \u00f6l\u00e7ekli haritam\u0131zda belgelenen ba\u011f\u0131ms\u0131zl\u0131\u011f\u0131m\u0131z\u0131 korumak ve o ba\u011f\u0131ms\u0131zl\u0131k \u00fczerinden \u00e7izdi\u011fimiz \u00e7a\u011fda\u015f medeniyetler seviyesine \u00e7\u0131kma hedefimizi ger\u00e7ekle\u015ftirmek i\u00e7in Cumhuriyet ve Atat\u00fcrk de\u011ferlerinin kentinde \u00e7al\u0131\u015fman\u0131n gururunu ya\u015f\u0131yorum.&nbsp;&nbsp;Bu yolda yorulmadan \u00e7al\u0131\u015fmaya devam edece\u011fim.<\/strong><\/p>\n\n\n\n<p><strong>Lozan Bar\u0131\u015f Antla\u015fmas\u0131&#8217;n\u0131 imzalayan \u0130smet \u0130n\u00f6n\u00fc ve 19 May\u0131s 1919&#8217;dan 24 Temmuz 1923&#8217;e kadar geli\u015fen t\u00fcm s\u00fcre\u00e7lerin ba\u015f\u0131nda bulunan Cumhuriyetimizin kurucusu Atat\u00fcrk ba\u015fta olmak \u00fczere bu s\u00fcre\u00e7te destan yazan t\u00fcm kahramanlar\u0131m\u0131z\u0131 sayg\u0131yla, rahmetle, minnetle an\u0131yorum.&#8221;<\/strong><\/p>\n","protected":false},"excerpt":{"rendered":"<p>Mersin B\u00fcy\u00fck\u015fehir Belediye Ba\u015fkan\u0131 Vahap Se\u00e7er, Lozan Bar\u0131\u015f Antla\u015fmas\u0131&#8217;n\u0131n 101. y\u0131l d\u00f6n\u00fcm\u00fc dolay\u0131s\u0131yla bir mesaj yay\u0131nlad\u0131. Ba\u015fkan Se\u00e7er mesaj\u0131nda \u015fu ifadelere yer verdi: &#8220;\u00dclkemizin ba\u011f\u0131ms\u0131zl\u0131\u011f\u0131 i\u00e7in verilen her t\u00fcrl\u00fc m\u00fccadelenin, bu do\u011frultuda \u00f6denen t\u00fcm bedellerin kar\u015f\u0131l\u0131\u011f\u0131n\u0131 ald\u0131\u011f\u0131m\u0131z, diplomasi tarihimizin en b\u00fcy\u00fck zaferinin, Lozan Bar\u0131\u015f Antla\u015fmas\u0131&#8217;n\u0131n 101. Y\u0131l d\u00f6n\u00fcm\u00fcndeyiz. Cumhuriyetimizin kurucusu Atat\u00fcrk&#8217;\u00fcn Lozan Bar\u0131\u015f Antla\u015fmas\u0131na dair [&hellip;]<\/p>\n","protected":false},"author":2,"featured_media":34068,"comment_status":"closed","ping_status":"closed","sticky":false,"template":"","format":"standard","meta":{"footnotes":""},"categories":[2,3],"tags":[],"class_list":["post-34067","post","type-post","status-publish","format-standard","has-post-thumbnail","hentry","category-gundem","category-manset"],"views":6,"_links":{"self":[{"href":"https:\/\/mersinkadingazetesi.com\/index.php?rest_route=\/wp\/v2\/posts\/34067"}],"collection":[{"href":"https:\/\/mersinkadingazetesi.com\/index.php?rest_route=\/wp\/v2\/posts"}],"about":[{"href":"https:\/\/mersinkadingazetesi.com\/index.php?rest_route=\/wp\/v2\/types\/post"}],"author":[{"embeddable":true,"href":"https:\/\/mersinkadingazetesi.com\/index.php?rest_route=\/wp\/v2\/users\/2"}],"replies":[{"embeddable":true,"href":"https:\/\/mersinkadingazetesi.com\/index.php?rest_route=%2Fwp%2Fv2%2Fcomments&post=34067"}],"version-history":[{"count":1,"href":"https:\/\/mersinkadingazetesi.com\/index.php?rest_route=\/wp\/v2\/posts\/34067\/revisions"}],"predecessor-version":[{"id":34069,"href":"https:\/\/mersinkadingazetesi.com\/index.php?rest_route=\/wp\/v2\/posts\/34067\/revisions\/34069"}],"wp:featuredmedia":[{"embeddable":true,"href":"https:\/\/mersinkadingazetesi.com\/index.php?rest_route=\/wp\/v2\/media\/34068"}],"wp:attachment":[{"href":"https:\/\/mersinkadingazetesi.com\/index.php?rest_route=%2Fwp%2Fv2%2Fmedia&parent=34067"}],"wp:term":[{"taxonomy":"category","embeddable":true,"href":"https:\/\/mersinkadingazetesi.com\/index.php?rest_route=%2Fwp%2Fv2%2Fcategories&post=34067"},{"taxonomy":"post_tag","embeddable":true,"href":"https:\/\/mersinkadingazetesi.com\/index.php?rest_route=%2Fwp%2Fv2%2Ftags&post=34067"}],"curies":[{"name":"wp","href":"https:\/\/api.w.org\/{rel}","templated":true}]}}