{"id":34070,"date":"2024-07-24T12:28:07","date_gmt":"2024-07-24T09:28:07","guid":{"rendered":"https:\/\/mersinkadingazetesi.com\/?p=34070"},"modified":"2024-07-24T12:28:08","modified_gmt":"2024-07-24T09:28:08","slug":"buyuksehir-vatandaslara-yoruk-kulturunu-tanitiyor","status":"publish","type":"post","link":"https:\/\/mersinkadingazetesi.com\/?p=34070","title":{"rendered":"B\u00dcY\u00dcK\u015eEH\u0130R VATANDA\u015eLARA Y\u00d6R\u00dcK K\u00dcLT\u00dcR\u00dcN\u00dc TANITIYOR"},"content":{"rendered":"\n<p>Mersin B\u00fcy\u00fck\u015fehir Belediyesi Kad\u0131n ve Aile Hizmetleri Dairesi Ba\u015fkanl\u0131\u011f\u0131, kentte g\u00f6r\u00fclmesi gereken yerleri vatanda\u015flara tan\u0131t\u0131yor. 7&#8217;den 70&#8217;e kat\u0131l\u0131m\u0131n oldu\u011fu etkinliklerde vatanda\u015flar hem kentin g\u00f6r\u00fclmeye de\u011fer bir\u00e7ok noktas\u0131n\u0131, hem de B\u00fcy\u00fck\u015fehir&#8217;in hizmete sundu\u011fu yerleri g\u00f6rme f\u0131rsat\u0131 yakal\u0131yor. Bu kapsamda Mezitli il\u00e7esi \u0130stiklal Mahallesi sakinlerine Dar\u0131sekisi \u00d6rnek K\u00f6y\u00fc tan\u0131t\u0131ld\u0131.<\/p>\n\n\n\n<p>Muhtarl\u0131\u011f\u0131n \u00f6n\u00fcnden B\u00fcy\u00fck\u015fehir&#8217;in servis arac\u0131 ile al\u0131nan kad\u0131n a\u011f\u0131rl\u0131kl\u0131 misafirler, Dar\u0131sekisi \u00d6rnek K\u00f6y\u00fc&#8217;nde \u00f6nce Ortanca Sokak&#8217;\u0131 g\u00f6rd\u00fc. Ard\u0131ndan piknik yap\u0131p m\u00fczik e\u015fli\u011finde e\u011flenen vatanda\u015flar, stant a\u00e7an \u00fcretici kad\u0131nlar\u0131n \u00fcr\u00fcnlerinden sat\u0131n alma imkan\u0131 buldu. Y\u00f6r\u00fck k\u00fclt\u00fcr\u00fcn\u00fcn tan\u0131t\u0131m\u0131n\u0131n yap\u0131ld\u0131\u011f\u0131 m\u00fczede sergilenen e\u015fyalar\u0131 inceleyen misafirler, ard\u0131ndan G\u00f6zne&#8217;deki Kad\u0131n At\u00f6lyesi&#8217;ne gitti. Vatanda\u015flara burada da el eme\u011fi hal\u0131 ve kilimler tan\u0131t\u0131ld\u0131.&nbsp;&nbsp;<\/p>\n\n\n\n<p><strong>G\u00fcrb\u00fcz: &#8220;Burada Y\u00f6r\u00fck k\u00fclt\u00fcr\u00fc ve lezzetlerini tan\u0131t\u0131yoruz&#8221;<\/strong><\/p>\n\n\n\n<p>Kad\u0131n ve Aile Hizmetleri Dairesi Ba\u015fkanl\u0131\u011f\u0131&#8217;nda g\u00f6rev yapan R\u0131fat G\u00fcrb\u00fcz, muhtarlar arac\u0131l\u0131\u011f\u0131yla mahalle sakinlerine y\u00f6nelik birim tan\u0131t\u0131mlar\u0131n\u0131 s\u00fcrd\u00fcreceklerini belirterek,&nbsp;<strong>&#8220;Mahallelileri buraya getirip; Y\u00f6r\u00fck k\u00fclt\u00fcr\u00fc ve lezzetlerini tan\u0131t\u0131yoruz. Amac\u0131m\u0131z; bu b\u00f6lgede yeti\u015fen \u00fcr\u00fcnlerin, \u00fcreticiler arac\u0131l\u0131\u011f\u0131yla vatanda\u015fla bulu\u015fmas\u0131n\u0131 sa\u011flamak. Ayn\u0131 zamanda Y\u00f6r\u00fck k\u00fclt\u00fcr\u00fcn\u00fc ve tarihini tan\u0131t\u0131yor, en sonunda da Y\u00f6r\u00fcklerin kulland\u0131\u011f\u0131 e\u015fyalardan olu\u015fan m\u00fczede vatanda\u015flar\u0131m\u0131za bilgi veriyoruz&#8221;<\/strong>&nbsp;dedi. Vatanda\u015flar\u0131n muhtarl\u0131k \u00f6n\u00fcnden servisle al\u0131nd\u0131\u011f\u0131n\u0131 s\u00f6yleyen G\u00fcrb\u00fcz,&nbsp;<strong>&#8220;Kad\u0131nlar a\u011f\u0131rl\u0131kl\u0131 olmak \u00fczere e\u015fleriyle ve \u00e7ocuklar\u0131yla gelenlere de hizmet sunuyoruz. Burada oyun parklar\u0131m\u0131z var. K\u00fc\u00e7\u00fck e\u011flenceler de yap\u0131yoruz. Ard\u0131ndan da G\u00f6zne&#8217;de bulunan Kad\u0131n At\u00f6lyesi&#8217;nde, Y\u00f6r\u00fckler taraf\u0131ndan dokuma tezgahlar\u0131nda dokunan kilimleri ve hal\u0131lar\u0131 tan\u0131t\u0131yoruz&#8221;<\/strong>&nbsp;&nbsp;diye konu\u015ftu.<\/p>\n\n\n\n<p>Misafirlerden \u00dcmit Sel\u00e7uk, Dar\u0131sekisi \u00d6rnek K\u00f6y\u00fc&#8217;ne ilk kez geldi\u011fini ve \u00e7ok be\u011fendi\u011fini s\u00f6yleyerek,&nbsp;<strong>&#8220;Girdi\u011fimiz sokaklar, Ege sokaklar\u0131n\u0131 an\u0131msat\u0131yor. Ben Mersin&#8217;de b\u00f6yle bir yer oldu\u011funu ilk defa g\u00f6rd\u00fcm ve \u00e7ok be\u011fendim. B\u00fcy\u00fck\u015fehir Belediyesi&#8217;nin b\u00f6yle bir hizmetinin olmas\u0131 da g\u00fczel bir \u015fey. Her t\u00fcrl\u00fc olanaklar\u0131m\u0131z var. \u00dcretici kad\u0131nlar\u0131m\u0131z da burada \u00fcr\u00fcnlerini pazarl\u0131yorlar&#8221;<\/strong>&nbsp;dedi.<\/p>\n\n\n\n<p>Vatanda\u015flardan Nahide Tavan duygular\u0131n\u0131,&nbsp;<strong>&#8220;\u00c7ok g\u00fczel bir yer, bay\u0131ld\u0131m buraya. \u00c7al\u0131\u015fan kad\u0131nlar olmad\u0131\u011f\u0131m\u0131z i\u00e7in, s\u00fcrekli evdeyiz. D\u0131\u015far\u0131ya \u00e7\u0131k\u0131nca g\u00fczel oluyor. De\u011fi\u015fiklik oluyor bizim i\u00e7in&#8221;<\/strong>&nbsp;\u015feklinde dile getirirken, G\u00fcl\u00fcmser \u00d6nal,&nbsp;<strong>&#8220;Dar\u0131sekisi \u00d6rnek K\u00f6y\u00fc&#8217;nde piknik yapt\u0131k. \u00dcreticilerle tan\u0131\u015farak bazlama, s\u0131kma ve b\u00f6rek ald\u0131k. M\u00fcze ile ilgili de tan\u0131t\u0131m yapt\u0131lar. Sergiledikleri \u015feyleri inceledik. Ben de Y\u00f6r\u00fck k\u00f6kenliyim. G\u00fczel bir etkinlikti&#8221;<\/strong>&nbsp;ifadelerine yer verdi.<\/p>\n\n\n\n<p>Berrin G\u00f6k ise,&nbsp;<strong>&#8220;\u00c7ok ho\u015fuma gitti. Her zaman kat\u0131lmak isterim. \u00c7ok memnun kald\u0131k&#8221;<\/strong>&nbsp;dedi.<\/p>\n","protected":false},"excerpt":{"rendered":"<p>Mersin B\u00fcy\u00fck\u015fehir Belediyesi Kad\u0131n ve Aile Hizmetleri Dairesi Ba\u015fkanl\u0131\u011f\u0131, kentte g\u00f6r\u00fclmesi gereken yerleri vatanda\u015flara tan\u0131t\u0131yor. 7&#8217;den 70&#8217;e kat\u0131l\u0131m\u0131n oldu\u011fu etkinliklerde vatanda\u015flar hem kentin g\u00f6r\u00fclmeye de\u011fer bir\u00e7ok noktas\u0131n\u0131, hem de B\u00fcy\u00fck\u015fehir&#8217;in hizmete sundu\u011fu yerleri g\u00f6rme f\u0131rsat\u0131 yakal\u0131yor. Bu kapsamda Mezitli il\u00e7esi \u0130stiklal Mahallesi sakinlerine Dar\u0131sekisi \u00d6rnek K\u00f6y\u00fc tan\u0131t\u0131ld\u0131. Muhtarl\u0131\u011f\u0131n \u00f6n\u00fcnden B\u00fcy\u00fck\u015fehir&#8217;in servis arac\u0131 ile al\u0131nan kad\u0131n [&hellip;]<\/p>\n","protected":false},"author":2,"featured_media":34071,"comment_status":"closed","ping_status":"closed","sticky":false,"template":"","format":"standard","meta":{"footnotes":""},"categories":[2,3,5],"tags":[],"class_list":["post-34070","post","type-post","status-publish","format-standard","has-post-thumbnail","hentry","category-gundem","category-manset","category-mersin"],"views":6,"_links":{"self":[{"href":"https:\/\/mersinkadingazetesi.com\/index.php?rest_route=\/wp\/v2\/posts\/34070"}],"collection":[{"href":"https:\/\/mersinkadingazetesi.com\/index.php?rest_route=\/wp\/v2\/posts"}],"about":[{"href":"https:\/\/mersinkadingazetesi.com\/index.php?rest_route=\/wp\/v2\/types\/post"}],"author":[{"embeddable":true,"href":"https:\/\/mersinkadingazetesi.com\/index.php?rest_route=\/wp\/v2\/users\/2"}],"replies":[{"embeddable":true,"href":"https:\/\/mersinkadingazetesi.com\/index.php?rest_route=%2Fwp%2Fv2%2Fcomments&post=34070"}],"version-history":[{"count":1,"href":"https:\/\/mersinkadingazetesi.com\/index.php?rest_route=\/wp\/v2\/posts\/34070\/revisions"}],"predecessor-version":[{"id":34072,"href":"https:\/\/mersinkadingazetesi.com\/index.php?rest_route=\/wp\/v2\/posts\/34070\/revisions\/34072"}],"wp:featuredmedia":[{"embeddable":true,"href":"https:\/\/mersinkadingazetesi.com\/index.php?rest_route=\/wp\/v2\/media\/34071"}],"wp:attachment":[{"href":"https:\/\/mersinkadingazetesi.com\/index.php?rest_route=%2Fwp%2Fv2%2Fmedia&parent=34070"}],"wp:term":[{"taxonomy":"category","embeddable":true,"href":"https:\/\/mersinkadingazetesi.com\/index.php?rest_route=%2Fwp%2Fv2%2Fcategories&post=34070"},{"taxonomy":"post_tag","embeddable":true,"href":"https:\/\/mersinkadingazetesi.com\/index.php?rest_route=%2Fwp%2Fv2%2Ftags&post=34070"}],"curies":[{"name":"wp","href":"https:\/\/api.w.org\/{rel}","templated":true}]}}