{"id":34073,"date":"2024-07-24T12:30:31","date_gmt":"2024-07-24T09:30:31","guid":{"rendered":"https:\/\/mersinkadingazetesi.com\/?p=34073"},"modified":"2024-07-24T12:30:31","modified_gmt":"2024-07-24T09:30:31","slug":"gulumse-alzheimer-yasam-merkezinden-faydalanan-hastalarin-yuzu-guluyor","status":"publish","type":"post","link":"https:\/\/mersinkadingazetesi.com\/?p=34073","title":{"rendered":"&#8216;G\u00dcL\u00dcMSE ALZHEIMER YA\u015eAM MERKEZ\u0130&#8217;NDEN FAYDALANAN HASTALARIN Y\u00dcZ\u00dc G\u00dcL\u00dcYOR"},"content":{"rendered":"\n<p>Ba\u015flang\u0131\u00e7 evre Alzheimer hastalar\u0131 i\u00e7in a\u00e7t\u0131\u011f\u0131&nbsp;<strong>&#8216;G\u00fcl\u00fcmse Alzheimer Ya\u015fam Merkezi&#8217;<\/strong>&nbsp;ile bir\u00e7ok Alzheimer hastas\u0131n\u0131n hayat\u0131na dokunan Mersin B\u00fcy\u00fck\u015fehir Belediyesi, hastalardan da hasta yak\u0131nlar\u0131ndan da tam not al\u0131yor. Merkezde ger\u00e7ekle\u015ftirilen zihinsel ve fiziksel aktiviteler sayesinde hastal\u0131\u011fa meydan okuyan kat\u0131l\u0131mc\u0131lar, hayata daha s\u0131k\u0131 tutunuyor.<\/p>\n\n\n\n<p>Sa\u011fl\u0131k \u0130\u015fleri Dairesi Ba\u015fkanl\u0131\u011f\u0131 b\u00fcnyesinde 4 ay \u00f6nce a\u00e7\u0131lan merkezden 16 hasta faydalan\u0131yor. Hafta i\u00e7i her g\u00fcn sabah evlerinden al\u0131nan ve merkeze getirilen kat\u0131l\u0131mc\u0131lar, g\u00fcn boyu farkl\u0131 etkinliklerle bulu\u015fturuluyor. Zihinsel ve fiziksel aktivitelerin yapt\u0131r\u0131ld\u0131\u011f\u0131 Merkez&#8217;de, haftan\u0131n farkl\u0131 g\u00fcnlerinde geziler ve Ye\u015fil\u00e7am g\u00fcnleri de d\u00fczenleniyor. Merkez&#8217;e gelen hastalar g\u00fcn i\u00e7inde yap\u0131lan mandala, ta\u015f ve ah\u015fap boyama, zeka oyunlar\u0131 ve egzersizlerle kaliteli vakit ge\u00e7iriyor. Etkinlikler hastalar\u0131n bili\u015fsel fonksiyonlar\u0131n\u0131n h\u0131zlanmas\u0131n\u0131 ve hastal\u0131k seyrinin yava\u015flamas\u0131n\u0131 da sa\u011fl\u0131yor. Merkezde m\u00fczik e\u015fli\u011finde etkinlikler yapan hastalar, e\u011flenceli vakit ge\u00e7iriyor. Rutin sa\u011fl\u0131k kontrolleri hem\u015fireler taraf\u0131ndan yap\u0131lan hastalar\u0131n, g\u00fcn i\u00e7inde ila\u00e7 takipleri de yap\u0131l\u0131yor.<\/p>\n\n\n\n<p>Hastalar\u0131n yan\u0131 s\u0131ra hasta yak\u0131nlar\u0131 da G\u00fcl\u00fcmse Alzheimer Ya\u015fam Merkezi&#8217;nden son derece memnun. Annesini ya da babas\u0131n\u0131 g\u00f6n\u00fcl rahatl\u0131\u011f\u0131yla Merkez&#8217;e emanet edenler, g\u00fcn i\u00e7inde rutin i\u015flerini halledip, kendilerine vakit ay\u0131rabiliyorlar. Eski Tevfik S\u0131rr\u0131 G\u00fcr Stad\u0131&#8217;n\u0131n kar\u015f\u0131s\u0131nda bulunan merkeze ba\u015fvurmak isteyenler; ba\u015flang\u0131\u00e7 evresi Alzheimer hastas\u0131 olundu\u011funa dair uzman hekim raporu, bula\u015f\u0131c\u0131 hastal\u0131\u011f\u0131 olmad\u0131\u011f\u0131na dair rapor, kimlik fotokopisi ve 3 adet vesikal\u0131k foto\u011fraf ile ba\u015fvuru yapabiliyor. \u00d6n bilgi almak isteyenler 0 324 325 69 59 ileti\u015fim numaras\u0131ndan veya Alo 185&#8217;ten bilgi alabiliyor.<\/p>\n\n\n\n<p><strong>Tanr\u0131verdi: &#8220;Hastal\u0131klar\u0131n\u0131n seyrinin yava\u015flad\u0131\u011f\u0131n\u0131 g\u00f6r\u00fcyoruz&#8221;<\/strong><\/p>\n\n\n\n<p>Mersin B\u00fcy\u00fck\u015fehir Belediyesi Sa\u011fl\u0131k \u0130\u015fleri Dairesi Ba\u015fkanl\u0131\u011f\u0131&#8217;nda Gerontolog olarak g\u00f6rev yapan Cihan Tanr\u0131verdi, G\u00fcl\u00fcmse Alzheimer Ya\u015fam Merkezi&#8217;nin 4 ayd\u0131r faaliyette oldu\u011funu s\u00f6yledi. Merkezin, ba\u015flang\u0131\u00e7 evresi Alzheimer hastalar\u0131n\u0131 misafir etti\u011fini belirten Tanr\u0131verdi, misafir ettikleri hastalar\u0131n sosyalle\u015fmesi ve hastal\u0131\u011f\u0131n seyrinin yava\u015flamas\u0131 ad\u0131na \u00f6nemli bir hizmet verdiklerini kaydederek,&nbsp;<strong>&#8220;Merkezimizde zihinsel ve fiziksel etkinlikler yap\u0131l\u0131yor. Mandala, ah\u015fap ve ta\u015f boyama ile zeka oyunlar\u0131 ve ritim etkinlikleri var. Cuma g\u00fcnleri fizik tedavi ve rehabilitasyon uzman\u0131 arkada\u015flar\u0131m\u0131z taraf\u0131ndan, basit egzersizler yapt\u0131r\u0131l\u0131yor. Haftan\u0131n bir g\u00fcn\u00fc d\u0131\u015f mekan etkinliklerimiz olurken, bir g\u00fcn de Ye\u015fil\u00e7am g\u00fcnleri yap\u0131yoruz. Hastalar birbiriyle arkada\u015f oldular. Hastal\u0131klar\u0131n\u0131n seyrindeki yava\u015flamay\u0131 da g\u00f6rebiliyoruz&#8221;<\/strong>&nbsp;dedi.<\/p>\n\n\n\n<p><strong>&#8220;Onlar\u0131n g\u00f6zlerinin i\u00e7indeki mutluluk bizi de mutlu ediyor&#8221;<\/strong><\/p>\n\n\n\n<p>Sabah ve g\u00fcn bitiminde hastalar\u0131n evinden al\u0131n\u0131p evine b\u0131rak\u0131ld\u0131\u011f\u0131n\u0131 s\u00f6yleyen Tanr\u0131verdi,&nbsp;<strong>&#8220;G\u00fcnl\u00fck rutin sa\u011fl\u0131k kontrolleri, hem\u015fire arkada\u015flar\u0131m\u0131z taraf\u0131ndan yap\u0131l\u0131yor. Yine g\u00fcn i\u00e7erisinde kulland\u0131klar\u0131 ila\u00e7lar\u0131n takibini yap\u0131yoruz. Bizim en mutlu oldu\u011fumuz konu; hastalar buraya ba\u015flad\u0131ktan sonra, doktor kontrollerine rutin olarak gitmeye ba\u015flad\u0131lar. Doktor kontrol\u00fc sonras\u0131 bize d\u00f6n\u00fc\u015fler \u00e7ok g\u00fczel oluyor. Hasta yak\u0131nlar\u0131 arad\u0131klar\u0131nda;&nbsp;<em>&#8216;Annemin- babam\u0131n hastal\u0131\u011f\u0131n\u0131n seyrinde \u00e7ok ciddi bir yava\u015flama var&#8217;<\/em>&nbsp;diyorlar. Onlar\u0131n ya\u015fad\u0131klar\u0131 bu mutluluk, hastalar\u0131n sabah buraya geldiklerindeki g\u00fcl\u00fcmsemeleri, g\u00fcn i\u00e7indeki e\u011flenmeleri bizleri de hem mutlu, hem daha fazla motive ediyor&#8221;<\/strong>&nbsp;ifadelerine yer verdi.<\/p>\n\n\n\n<p><strong>\u00d6rs: &#8220;Annem burada sevildi\u011fini ve \u00f6nemsendi\u011fini hissediyor&#8221;<\/strong><\/p>\n\n\n\n<p>B\u00fcy\u00fck\u015fehir Alzheimer Merkezi&#8217;nden hizmet alan Saime Soylu&#8217;nun k\u0131z\u0131 Hatice \u00d6rs, merkezden \u00e7ok memnun olduklar\u0131n\u0131 belirterek,&nbsp;<strong>&#8220;Bizim i\u00e7in bir nefes oluyor. Annem \u00e7ok mutlu. \u00c7\u00fcnk\u00fc \u00f6nceden evde tek ba\u015f\u0131nayd\u0131. \u015eimdi orada kendi ya\u015f\u0131tlar\u0131yla sosyalle\u015fiyor, hocalarla sohbet ediyor. B\u00fct\u00fcn aktivitelerde kendilerini daha rahat hissediyorlar&#8221;<\/strong>&nbsp;dedi.<\/p>\n\n\n\n<p>Annesinde \u00f6nemli geli\u015fmeler oldu\u011funu da s\u00f6zlerine ekleyen \u00d6rs,&nbsp;<strong>&#8220;Annemin hi\u00e7 ileti\u015fimi yoktu, \u00e7ok durgundu ve \u00e7ok mutsuzdu. \u015eimdi sosyalle\u015fmeye ba\u015flad\u0131. Bir \u00e7ocuk gibi, oraya gitmek i\u00e7in hevesleniyor. Bizim i\u00e7in de, kendisi i\u00e7in de \u00e7ok g\u00fczel oldu. Bu hizmetten \u00e7ok memnunuz. \u0130yi ki b\u00f6yle bir hizmet var&#8221;<\/strong>&nbsp;diye konu\u015ftu.<\/p>\n\n\n\n<p>Merkezde annesinin sa\u011fl\u0131\u011f\u0131n\u0131n da takip edildi\u011fini aktaran \u00d6rs,&nbsp;<strong>&#8220;Oradaki herkesten \u00e7ok memnun. O kadar g\u00fcler y\u00fczl\u00fc ve ilgililer ki, annem de sevildi\u011fini ve \u00f6nemsendi\u011fini hissediyor. \u0130\u00e7im o kadar rahat ki&#8221;<\/strong>&nbsp;ifadelerini kulland\u0131.<\/p>\n\n\n\n<p><strong>Soylu: &#8220;10 y\u0131ll\u0131k durgunluktan sonra, hayata yeniden ba\u015flad\u0131m&#8221;<\/strong><\/p>\n\n\n\n<p>10 y\u0131l boyunca yatarak hayat\u0131n\u0131 s\u00fcrd\u00fcrd\u00fc\u011f\u00fcn\u00fc belirten Saime Soylu, o s\u00fcre\u00e7te kimseyle ileti\u015fim kurmak istemedi\u011fini ifade etti. 10 y\u0131ll\u0131k durgunlu\u011fun ard\u0131ndan yeniden hayata ba\u015flad\u0131\u011f\u0131n\u0131 ve G\u00fcl\u00fcmse Alzheimer Ya\u015fam Merkezi&#8217;nin de bu noktada kendisine iyi geldi\u011fini s\u00f6zlerine ekleyen Soylu,&nbsp;<strong>&#8220;Buras\u0131 \u00e7ok g\u00fczel, resim yap\u0131yoruz, e\u011fleniyoruz. Bizi gezmelere g\u00f6t\u00fcr\u00fcyorlar, \u00e7ok mutlu oluyoruz&#8221;<\/strong>&nbsp;derken, \u00e7al\u0131\u015fanlar\u0131n yakla\u015f\u0131m\u0131n\u0131n da kendilerini \u00f6zel hissettirdi\u011fini s\u00f6yledi. Soylu,&nbsp;<strong>&#8220;Hepsini \u00e7ok seviyoruz. Onlar bizi, biz de onlar\u0131 seviyoruz. Art\u0131 var, eksi yok. Ba\u015fkan\u0131m\u0131z\u0131 da \u00e7ok seviyoruz ve ba\u015far\u0131lar\u0131n\u0131n devam\u0131n\u0131 diliyoruz&#8221;<\/strong>&nbsp;dedi.<\/p>\n\n\n\n<p><strong>Cilas\u0131n: &#8220;Buraya \u00e7ok mutlu geliyorum ve memnunum&#8221;<\/strong><\/p>\n\n\n\n<p>Bir zamanlar Tarsus&#8217;ta esnafl\u0131k yapan Vahit Cilas\u0131n da, G\u00fcl\u00fcmse Alzheimer Ya\u015fam Merkezi&#8217;nden faydalanan vatanda\u015flardan. Merkezde g\u00fczel vakit ge\u00e7irdi\u011fini s\u00f6yleyen Cilas\u0131n,&nbsp;<strong>&#8220;\u00c7ok memnunuz. Resim, boya, oyun oynama gibi aktiviteler yap\u0131yoruz. Nisan ay\u0131ndan beri buraday\u0131m. Buraya \u00e7ok mutlu geliyorum&#8221;<\/strong>&nbsp;dedi.<\/p>\n\n\n\n<p><strong>\u00c7a\u011flayan: &#8220;Daha \u00f6nce hi\u00e7 yapmad\u0131\u011f\u0131m etkinlikleri burada yap\u0131yorum&#8221;<\/strong><\/p>\n\n\n\n<p>Eczac\u0131l\u0131k mesle\u011finden emekli olan Ay\u015fe \u00c7a\u011flayan&#8217;\u0131n en b\u00fcy\u00fck te\u015fekk\u00fcr\u00fc, merkezi hizmete a\u00e7an Ba\u015fkan Vahap Se\u00e7er&#8217;e oldu. \u00c7a\u011flayan,&nbsp;<strong>&#8220;Buras\u0131 \u00e7ok iyi, ben \u00e7ok seviyorum. Daha \u00f6nce hi\u00e7 yapmad\u0131\u011f\u0131m bir \u015fey olan resim yap\u0131yorum. Dostluklar\u0131m\u0131z oldu. Severek geliyorum. B\u00f6yle bir yer a\u00e7t\u0131\u011f\u0131 ve bizleri bir araya getirdi\u011fi i\u00e7in, Vahap Ba\u015fkan&#8217;a da te\u015fekk\u00fcr ediyoruz. \u00c7ok g\u00fczel bir yer a\u00e7m\u0131\u015f&#8221;<\/strong>&nbsp;diye konu\u015ftu.<\/p>\n\n\n\n<p><strong>Ergene: &#8220;Buraya i\u00e7imizden gelerek geliyoruz&#8221;<\/strong><\/p>\n\n\n\n<p>\u00c7ocuk Doktoru olan Turhan Ergene de, G\u00fcl\u00fcmse Alzheimer Ya\u015fam Merkezi&#8217;nden faydalananlardan.&nbsp;<strong>&#8220;Ben seviyorum, memnunum. Arkada\u015flarla geziyoruz, konu\u015fuyoruz, sohbet ediyoruz. Son derece mutluyuz. Buray\u0131 istiyoruz, i\u00e7imizden gelerek geliyoruz&#8221;<\/strong>&nbsp;ifadelerini kulland\u0131.<\/p>\n\n\n\n<p><strong>Sar\u0131g\u00fcl: &#8220;Buras\u0131 ger\u00e7ekten ya\u015famaya de\u011fer bir yer&#8221;<\/strong><\/p>\n\n\n\n<p>Hava kuvvetlerinden emekli olan Mustafa Taner Sar\u0131g\u00fcl de merkezi sevdi\u011fini belirterek,&nbsp;<strong>&#8220;Vaktimiz g\u00fczel ge\u00e7iyor. Arkada\u015flar\u0131n hepsi samimi, iyi niyetliler. Hepsi birbirinden g\u00fczel insanlar. Mutluyum. Buras\u0131 ger\u00e7ekten ya\u015famaya de\u011fer bir yer&#8221;<\/strong>&nbsp;ifadelerini kulland\u0131.<\/p>\n","protected":false},"excerpt":{"rendered":"<p>Ba\u015flang\u0131\u00e7 evre Alzheimer hastalar\u0131 i\u00e7in a\u00e7t\u0131\u011f\u0131&nbsp;&#8216;G\u00fcl\u00fcmse Alzheimer Ya\u015fam Merkezi&#8217;&nbsp;ile bir\u00e7ok Alzheimer hastas\u0131n\u0131n hayat\u0131na dokunan Mersin B\u00fcy\u00fck\u015fehir Belediyesi, hastalardan da hasta yak\u0131nlar\u0131ndan da tam not al\u0131yor. Merkezde ger\u00e7ekle\u015ftirilen zihinsel ve fiziksel aktiviteler sayesinde hastal\u0131\u011fa meydan okuyan kat\u0131l\u0131mc\u0131lar, hayata daha s\u0131k\u0131 tutunuyor. Sa\u011fl\u0131k \u0130\u015fleri Dairesi Ba\u015fkanl\u0131\u011f\u0131 b\u00fcnyesinde 4 ay \u00f6nce a\u00e7\u0131lan merkezden 16 hasta faydalan\u0131yor. Hafta i\u00e7i [&hellip;]<\/p>\n","protected":false},"author":2,"featured_media":34074,"comment_status":"closed","ping_status":"closed","sticky":false,"template":"","format":"standard","meta":{"footnotes":""},"categories":[34,1,2,3,9],"tags":[],"class_list":["post-34073","post","type-post","status-publish","format-standard","has-post-thumbnail","hentry","category-flas-haber","category-genel","category-gundem","category-manset","category-saglik"],"views":5,"_links":{"self":[{"href":"https:\/\/mersinkadingazetesi.com\/index.php?rest_route=\/wp\/v2\/posts\/34073"}],"collection":[{"href":"https:\/\/mersinkadingazetesi.com\/index.php?rest_route=\/wp\/v2\/posts"}],"about":[{"href":"https:\/\/mersinkadingazetesi.com\/index.php?rest_route=\/wp\/v2\/types\/post"}],"author":[{"embeddable":true,"href":"https:\/\/mersinkadingazetesi.com\/index.php?rest_route=\/wp\/v2\/users\/2"}],"replies":[{"embeddable":true,"href":"https:\/\/mersinkadingazetesi.com\/index.php?rest_route=%2Fwp%2Fv2%2Fcomments&post=34073"}],"version-history":[{"count":1,"href":"https:\/\/mersinkadingazetesi.com\/index.php?rest_route=\/wp\/v2\/posts\/34073\/revisions"}],"predecessor-version":[{"id":34075,"href":"https:\/\/mersinkadingazetesi.com\/index.php?rest_route=\/wp\/v2\/posts\/34073\/revisions\/34075"}],"wp:featuredmedia":[{"embeddable":true,"href":"https:\/\/mersinkadingazetesi.com\/index.php?rest_route=\/wp\/v2\/media\/34074"}],"wp:attachment":[{"href":"https:\/\/mersinkadingazetesi.com\/index.php?rest_route=%2Fwp%2Fv2%2Fmedia&parent=34073"}],"wp:term":[{"taxonomy":"category","embeddable":true,"href":"https:\/\/mersinkadingazetesi.com\/index.php?rest_route=%2Fwp%2Fv2%2Fcategories&post=34073"},{"taxonomy":"post_tag","embeddable":true,"href":"https:\/\/mersinkadingazetesi.com\/index.php?rest_route=%2Fwp%2Fv2%2Ftags&post=34073"}],"curies":[{"name":"wp","href":"https:\/\/api.w.org\/{rel}","templated":true}]}}