{"id":34076,"date":"2024-07-24T12:33:51","date_gmt":"2024-07-24T09:33:51","guid":{"rendered":"https:\/\/mersinkadingazetesi.com\/?p=34076"},"modified":"2024-07-24T12:33:51","modified_gmt":"2024-07-24T09:33:51","slug":"kemer-sikmaya-saraydan-baslanmasi-daha-dogru-olmaz-mi","status":"publish","type":"post","link":"https:\/\/mersinkadingazetesi.com\/?p=34076","title":{"rendered":"Kemer s\u0131kmaya Saray\u2019dan ba\u015flanmas\u0131 daha do\u011fru olmaz m\u0131?"},"content":{"rendered":"\n<p>Mersin Milletvekili Talat Din\u00e7er, evinde tenceresini kaynatamayan annenin, i\u015fyerinde siftah yapmadan kapatan esnaf\u0131n, okulunda a\u00e7 kalan \u00f6\u011frencinin, meydanlara \u00e7\u0131kan emeklinin, i\u015f\u00e7inin, memurun, yani ekonominin alt\u0131nda ezilen, enkaz alt\u0131nda kalan, ya\u015famlar\u0131n\u0131 s\u00fcrd\u00fcrebilmek i\u00e7in ba\u011f\u0131ran vatanda\u015f\u0131n seslerini duyan var m\u0131 diyerek Hazine ve Maliye Bakan\u0131 Mehmet \u015eim\u015fek\u2019e soru \u00f6nergesi sundu.<\/p>\n\n\n\n<p><strong>Kemer s\u0131kmaya Saray\u2019dan ba\u015flanmas\u0131 daha do\u011fru olmaz m\u0131?<\/strong><\/p>\n\n\n\n<p>\u00d6nergede Din\u00e7er, toplumun b\u00fcy\u00fck bir k\u0131sm\u0131n\u0131n a\u00e7l\u0131k s\u0131n\u0131r\u0131n\u0131n alt\u0131nda ya\u015fad\u0131\u011f\u0131n\u0131 belirterek, saray\u0131n 67 saniyede harcad\u0131\u011f\u0131 paran\u0131n bir emekli ve asgari \u00fccretlinin 1 ayda harcad\u0131\u011f\u0131 paraya e\u015fit oldu\u011funu vurgulad\u0131. Bu durumun ekonomik e\u015fitsizli\u011fin ve israf\u0131n en \u00e7arp\u0131c\u0131 \u00f6rne\u011fi oldu\u011funu belirten Din\u00e7er, kemer s\u0131kmaya Saray\u2019dan ba\u015flanmas\u0131 gerekti\u011fini ifade etti.<\/p>\n\n\n\n<p><strong>Sesimizi duyan var m\u0131?<\/strong><\/p>\n\n\n\n<p>Soru \u00f6nergesinde Din\u00e7er, \u201cSesimizi duyan var m\u0131? Evin de tenceresini kaynatamayan annenin, i\u015fyerinde siftah yapmadan kapatan esnaf\u0131n, okulunda a\u00e7 kalan \u00f6\u011frencinin, meydanlara \u00e7\u0131kan emeklinin, \u0130\u015f\u00e7inin, memurun yani ekonominin alt\u0131nda ezilen, enkaz alt\u0131nda kalan, ya\u015famlar\u0131n\u0131 s\u00fcrd\u00fcrebilmek i\u00e7in ba\u011f\u0131ran vatanda\u015f\u0131n seslerini duyan var m\u0131?<\/p>\n\n\n\n<p>Toplumun b\u00fcy\u00fck bir k\u0131sm\u0131 a\u00e7l\u0131k s\u0131n\u0131r\u0131n\u0131n alt\u0131nda ya\u015farken, Saray\u2019\u0131n 1 g\u00fcnl\u00fck maliyeti 33.6 milyon 1 saatlik harcamas\u0131 1.4 milyon, 1 dakikal\u0131k harcamas\u0131 23 bin lira. Bug\u00fcn asgari \u00fccret 17 bin 2 lira. Saray Bir asgari \u00fccreti 40 saniyede t\u00fcketiyor. Yap\u0131lan zamlarla 12.500 tl olan emekli maa\u015f\u0131n\u0131 27 saniyede t\u00fcketiyor. Vatanda\u015f %38zam yap\u0131lan elektri\u011fi kullanamazken, kullansa da faturas\u0131n\u0131 \u00f6deyemezken, 1300 odal\u0131 Saray 24 saat \u0131\u015f\u0131klar\u0131n\u0131 s\u00f6nd\u00fcrm\u00fcyor.<\/p>\n\n\n\n<p>&nbsp;Asgari \u00fccretlinin i\u015fverene maliyeti 23.502 tl, i\u015fveren bunun alt\u0131nda ezilirken, Sarayda ortalama 2.500 \u00e7al\u0131\u015fan mevcut. Ge\u00e7en y\u0131l Nisan ay\u0131nda 198 milyon 560 bin lira harcayan Saray, harcamalar\u0131n\u0131 8 kat art\u0131rarak 2024 y\u0131l\u0131nda 1milyar 603 milyon 986 bin liraya y\u00fckseltti.<\/p>\n\n\n\n<p>&nbsp;Saray her f\u0131rsatta vatanda\u015ftan sab\u0131r isteyip, tasarrufu dile getirmektedir. Memurun lojman\u0131ndan, i\u015f\u00e7inin servisinden kesinti yapmak yerine kemer s\u0131kmaya Saray\u2019dan ba\u015flanmas\u0131 daha do\u011fru olmaz m\u0131?<\/p>\n\n\n\n<p>T\u00fcrk-\u0130\u015f\u2019in a\u00e7l\u0131k ve yoksulluk s\u0131n\u0131r ara\u015ft\u0131rmas\u0131na g\u00f6re May\u0131s ay\u0131nda a\u00e7\u0131klanan 18 bin 969 lira (a\u00e7l\u0131k s\u0131n\u0131r\u0131) asgari \u00fccretliye yap\u0131lan zam ile 17 bin 2 lira olan maa\u015f\u0131, bin 967 lira altta kalm\u0131\u015ft\u0131r. A\u00e7l\u0131k s\u0131n\u0131r\u0131 alt\u0131nda ya\u015famaya mahk\u00fbm edilen asgari \u00fccretli \u00e7al\u0131\u015fanlar\u0131m\u0131z ile 16 milyon sefalete s\u00fcr\u00fcklenen emeklimiz art\u0131k yeter diyor.\u201d dedi.<\/p>\n\n\n\n<p><strong>Din\u00e7er, Hazine ve Maliye Bakan\u0131 \u015eim\u015fek\u2019ten \u015fu sorular\u0131n yan\u0131tlanmas\u0131n\u0131 istedi<\/strong><\/p>\n\n\n\n<ol class=\"wp-block-list\">\n<li>5 ki\u015filik 12.500 tl maa\u015f alan emekli aile, 1 \u00e7ay 15 tl ve 1 simit 10 tl \u00e7ay ve simitle karn\u0131n\u0131 doyurmak istese toplam da bir \u00f6\u011f\u00fcnde 125 tl\u00a0 karn\u0131n\u0131 doyurmaya \u00e7al\u0131\u015f\u0131yor.3 \u00f6\u011f\u00fcnde g\u00fcnl\u00fck maliyeti 375 tl\u2019dir. Ayl\u0131k 11bin 250 lira \u00f6demek zorunda. Kalan paras\u0131 bin 250 tl. Bu aile bir ay s\u00fcresinde nas\u0131l ge\u00e7imini sa\u011flayacakt\u0131r?<\/li>\n\n\n\n<li>17 bin 2 lira maa\u015f alan asgari \u00fccretli iki ki\u015filik bir aile 15 bin tl kira \u00f6d\u00fcyor. Kalan 2 bin tl ile bir ay ge\u00e7imini nas\u0131l sa\u011flayacakt\u0131r?<\/li>\n\n\n\n<li>Demokrasi ve e\u015fitlikten bahsedilen \u00fclkemizde, bir taraf da saray ve giderleri, di\u011fer taraf da a\u00e7l\u0131k s\u0131n\u0131r\u0131n\u0131n alt\u0131nda ya\u015famaya \u00e7al\u0131\u015fan vatanda\u015f, sizce biz demokratik ve e\u015fitlik anlay\u0131\u015f\u0131 i\u00e7inde ya\u015fayan bir \u00fclke miyiz?<\/li>\n\n\n\n<li>Yukar\u0131da ifade edilen sizlere ba\u011f\u0131ran, sesini duyurmaya \u00e7al\u0131\u015fan vatanda\u015f\u0131n sesini duyuyor musunuz? Yoksa halen sab\u0131r m\u0131 diyorsunuz?<\/li>\n<\/ol>\n","protected":false},"excerpt":{"rendered":"<p>Mersin Milletvekili Talat Din\u00e7er, evinde tenceresini kaynatamayan annenin, i\u015fyerinde siftah yapmadan kapatan esnaf\u0131n, okulunda a\u00e7 kalan \u00f6\u011frencinin, meydanlara \u00e7\u0131kan emeklinin, i\u015f\u00e7inin, memurun, yani ekonominin alt\u0131nda ezilen, enkaz alt\u0131nda kalan, ya\u015famlar\u0131n\u0131 s\u00fcrd\u00fcrebilmek i\u00e7in ba\u011f\u0131ran vatanda\u015f\u0131n seslerini duyan var m\u0131 diyerek Hazine ve Maliye Bakan\u0131 Mehmet \u015eim\u015fek\u2019e soru \u00f6nergesi sundu. Kemer s\u0131kmaya Saray\u2019dan ba\u015flanmas\u0131 daha do\u011fru olmaz [&hellip;]<\/p>\n","protected":false},"author":2,"featured_media":34077,"comment_status":"closed","ping_status":"closed","sticky":false,"template":"","format":"standard","meta":{"footnotes":""},"categories":[1,2,3,6],"tags":[],"class_list":["post-34076","post","type-post","status-publish","format-standard","has-post-thumbnail","hentry","category-genel","category-gundem","category-manset","category-siyaset-2"],"views":5,"_links":{"self":[{"href":"https:\/\/mersinkadingazetesi.com\/index.php?rest_route=\/wp\/v2\/posts\/34076"}],"collection":[{"href":"https:\/\/mersinkadingazetesi.com\/index.php?rest_route=\/wp\/v2\/posts"}],"about":[{"href":"https:\/\/mersinkadingazetesi.com\/index.php?rest_route=\/wp\/v2\/types\/post"}],"author":[{"embeddable":true,"href":"https:\/\/mersinkadingazetesi.com\/index.php?rest_route=\/wp\/v2\/users\/2"}],"replies":[{"embeddable":true,"href":"https:\/\/mersinkadingazetesi.com\/index.php?rest_route=%2Fwp%2Fv2%2Fcomments&post=34076"}],"version-history":[{"count":1,"href":"https:\/\/mersinkadingazetesi.com\/index.php?rest_route=\/wp\/v2\/posts\/34076\/revisions"}],"predecessor-version":[{"id":34078,"href":"https:\/\/mersinkadingazetesi.com\/index.php?rest_route=\/wp\/v2\/posts\/34076\/revisions\/34078"}],"wp:featuredmedia":[{"embeddable":true,"href":"https:\/\/mersinkadingazetesi.com\/index.php?rest_route=\/wp\/v2\/media\/34077"}],"wp:attachment":[{"href":"https:\/\/mersinkadingazetesi.com\/index.php?rest_route=%2Fwp%2Fv2%2Fmedia&parent=34076"}],"wp:term":[{"taxonomy":"category","embeddable":true,"href":"https:\/\/mersinkadingazetesi.com\/index.php?rest_route=%2Fwp%2Fv2%2Fcategories&post=34076"},{"taxonomy":"post_tag","embeddable":true,"href":"https:\/\/mersinkadingazetesi.com\/index.php?rest_route=%2Fwp%2Fv2%2Ftags&post=34076"}],"curies":[{"name":"wp","href":"https:\/\/api.w.org\/{rel}","templated":true}]}}