{"id":34079,"date":"2024-07-24T12:35:06","date_gmt":"2024-07-24T09:35:06","guid":{"rendered":"https:\/\/mersinkadingazetesi.com\/?p=34079"},"modified":"2024-07-24T12:35:06","modified_gmt":"2024-07-24T09:35:06","slug":"baskan-secerden-basinda-sansurun-kaldirilisinin-yil-donumu-mesaji","status":"publish","type":"post","link":"https:\/\/mersinkadingazetesi.com\/?p=34079","title":{"rendered":"BA\u015eKAN SE\u00c7ER&#8217;DEN BASINDA SANS\u00dcR\u00dcN KALDIRILI\u015eININ YIL D\u00d6N\u00dcM\u00dc MESAJI"},"content":{"rendered":"\n<p>Mersin B\u00fcy\u00fck\u015fehir Belediye Ba\u015fkan\u0131 Vahap Se\u00e7er, 24 Temmuz Bas\u0131nda Sans\u00fcr\u00fcn Kald\u0131r\u0131l\u0131\u015f\u0131n\u0131n Y\u0131ld\u00f6n\u00fcm\u00fc ve Bas\u0131n Bayram\u0131 dolay\u0131s\u0131yla bir mesaj yay\u0131nlad\u0131.<\/p>\n\n\n\n<p>Ba\u015fkan Se\u00e7er mesaj\u0131nda \u015fu ifadelere yer verdi:<\/p>\n\n\n\n<p><strong>&#8220;Ba\u011f\u0131ms\u0131z, tarafs\u0131z ve ilkeli bas\u0131n\u0131n bulunmad\u0131\u011f\u0131 bir \u00fclkede, demokrasi k\u00fclt\u00fcr\u00fcn\u00fcn yerle\u015fmesi, toplum vicdan\u0131na hitap edecek bir adalet anlay\u0131\u015f\u0131n\u0131n olu\u015fmas\u0131 m\u00fcmk\u00fcn de\u011fildir.<\/strong><\/p>\n\n\n\n<p><strong>24 Temmuz 1908 tarihinde bas\u0131nda sans\u00fcr\u00fcn kald\u0131r\u0131lmas\u0131 demokrasi k\u00fclt\u00fcr\u00fcn\u00fc olu\u015fturma \u00e7abalar\u0131n\u0131n ve at\u0131lan demokratik ad\u0131mlar\u0131n \u00f6nemli bir par\u00e7as\u0131 olarak tarihte yerini alm\u0131\u015ft\u0131r. Bug\u00fcn bu tarihi&nbsp;<em>&#8216;Bas\u0131n Bayram\u0131&#8217;<\/em>&nbsp;olarak kutluyoruz. Sans\u00fcre kapal\u0131, olan\u0131 oldu\u011fu gibi veren ve toplumun en temel haklar\u0131ndan birisi olan haber alma \u00f6zg\u00fcrl\u00fc\u011f\u00fcn\u00fc esas alan bir anlay\u0131\u015fla, ilkeli ve tarafs\u0131z haber yapan bas\u0131n emek\u00e7ileri, demokrasimizin i\u015flerli\u011fini sa\u011flamakt\u0131r, bu misyon bas\u0131n\u0131 yasama y\u00fcr\u00fctme ve yarg\u0131dan sonra d\u00f6rd\u00fcnc\u00fc g\u00fc\u00e7 yapmaktad\u0131r.<\/strong><\/p>\n\n\n\n<p><strong>Atat\u00fcrk&#8217;\u00fcn,&nbsp;<em>&#8216;T\u00fcrkiye bas\u0131n\u0131 milletin ger\u00e7ek ses ve iradesinin do\u011fdu\u011fu yer olan cumhuriyetin etraf\u0131nda \u00e7elikten bir kale olu\u015fturacakt\u0131r. Bir d\u00fc\u015f\u00fcnce kalesi, d\u00fc\u015f\u00fcnce yolu kalesi. Bas\u0131n g\u00f6revlilerinden bunu istemek, cumhuriyetin hakk\u0131d\u0131r.&#8217;<\/em>&nbsp;s\u00f6zleri bug\u00fcnde ayn\u0131 de\u011ferini ta\u015f\u0131maktad\u0131r. Cumhuriyetimiz bug\u00fcn de bas\u0131n camias\u0131na ayn\u0131 sorumlulu\u011fu y\u00fcklemektedir.<\/strong><\/p>\n\n\n\n<p><strong>Bu anlay\u0131\u015f ve bilin\u00e7le biz de Mersin B\u00fcy\u00fck\u015fehir Belediyesi olarak g\u00f6reve geldi\u011fimiz g\u00fcnden bug\u00fcne milletin ger\u00e7ek ses ve iradesinden yana ilkeli habercilik yapan t\u00fcm bas\u0131n kurulu\u015flar\u0131n\u0131n ve bas\u0131n emek\u00e7ilerinin yan\u0131nda olduk.<\/strong><\/p>\n\n\n\n<p><strong>Sahip olmas\u0131 gereken t\u00fcm sorumluluklar\u0131n bilinciyle gazetecilik mesle\u011fini y\u00fcr\u00fcterek, gerek kentimiz Mersin&#8217;e gerekse \u00fclkemize b\u00fcy\u00fck katk\u0131lar veren t\u00fcm bas\u0131n mensuplar\u0131n\u0131n 24 Temmuz Bas\u0131n Bayram\u0131&#8217;n\u0131 kutluyor ve onurlu gazetecilik m\u00fccadelesinin bedelini canlar\u0131yla \u00f6deyen gazetecilerimizi rahmetle an\u0131yorum.&#8221;<\/strong><\/p>\n","protected":false},"excerpt":{"rendered":"<p>Mersin B\u00fcy\u00fck\u015fehir Belediye Ba\u015fkan\u0131 Vahap Se\u00e7er, 24 Temmuz Bas\u0131nda Sans\u00fcr\u00fcn Kald\u0131r\u0131l\u0131\u015f\u0131n\u0131n Y\u0131ld\u00f6n\u00fcm\u00fc ve Bas\u0131n Bayram\u0131 dolay\u0131s\u0131yla bir mesaj yay\u0131nlad\u0131. Ba\u015fkan Se\u00e7er mesaj\u0131nda \u015fu ifadelere yer verdi: &#8220;Ba\u011f\u0131ms\u0131z, tarafs\u0131z ve ilkeli bas\u0131n\u0131n bulunmad\u0131\u011f\u0131 bir \u00fclkede, demokrasi k\u00fclt\u00fcr\u00fcn\u00fcn yerle\u015fmesi, toplum vicdan\u0131na hitap edecek bir adalet anlay\u0131\u015f\u0131n\u0131n olu\u015fmas\u0131 m\u00fcmk\u00fcn de\u011fildir. 24 Temmuz 1908 tarihinde bas\u0131nda sans\u00fcr\u00fcn kald\u0131r\u0131lmas\u0131 demokrasi [&hellip;]<\/p>\n","protected":false},"author":2,"featured_media":34080,"comment_status":"closed","ping_status":"closed","sticky":false,"template":"","format":"standard","meta":{"footnotes":""},"categories":[1,2,3,5],"tags":[],"class_list":["post-34079","post","type-post","status-publish","format-standard","has-post-thumbnail","hentry","category-genel","category-gundem","category-manset","category-mersin"],"views":5,"_links":{"self":[{"href":"https:\/\/mersinkadingazetesi.com\/index.php?rest_route=\/wp\/v2\/posts\/34079"}],"collection":[{"href":"https:\/\/mersinkadingazetesi.com\/index.php?rest_route=\/wp\/v2\/posts"}],"about":[{"href":"https:\/\/mersinkadingazetesi.com\/index.php?rest_route=\/wp\/v2\/types\/post"}],"author":[{"embeddable":true,"href":"https:\/\/mersinkadingazetesi.com\/index.php?rest_route=\/wp\/v2\/users\/2"}],"replies":[{"embeddable":true,"href":"https:\/\/mersinkadingazetesi.com\/index.php?rest_route=%2Fwp%2Fv2%2Fcomments&post=34079"}],"version-history":[{"count":1,"href":"https:\/\/mersinkadingazetesi.com\/index.php?rest_route=\/wp\/v2\/posts\/34079\/revisions"}],"predecessor-version":[{"id":34081,"href":"https:\/\/mersinkadingazetesi.com\/index.php?rest_route=\/wp\/v2\/posts\/34079\/revisions\/34081"}],"wp:featuredmedia":[{"embeddable":true,"href":"https:\/\/mersinkadingazetesi.com\/index.php?rest_route=\/wp\/v2\/media\/34080"}],"wp:attachment":[{"href":"https:\/\/mersinkadingazetesi.com\/index.php?rest_route=%2Fwp%2Fv2%2Fmedia&parent=34079"}],"wp:term":[{"taxonomy":"category","embeddable":true,"href":"https:\/\/mersinkadingazetesi.com\/index.php?rest_route=%2Fwp%2Fv2%2Fcategories&post=34079"},{"taxonomy":"post_tag","embeddable":true,"href":"https:\/\/mersinkadingazetesi.com\/index.php?rest_route=%2Fwp%2Fv2%2Ftags&post=34079"}],"curies":[{"name":"wp","href":"https:\/\/api.w.org\/{rel}","templated":true}]}}