{"id":34092,"date":"2024-07-25T12:44:58","date_gmt":"2024-07-25T09:44:58","guid":{"rendered":"https:\/\/mersinkadingazetesi.com\/?p=34092"},"modified":"2024-07-25T12:44:58","modified_gmt":"2024-07-25T09:44:58","slug":"tarsusun-meshur-limonlu-dondurmasi-cocuklarin-yuzlerini-guldurdu","status":"publish","type":"post","link":"https:\/\/mersinkadingazetesi.com\/?p=34092","title":{"rendered":"TARSUS&#8217;UN ME\u015eHUR L\u0130MONLU DONDURMASI \u00c7OCUKLARIN Y\u00dcZLER\u0130N\u0130 G\u00dcLD\u00dcRD\u00dc"},"content":{"rendered":"\n<p>Mersin B\u00fcy\u00fck\u015fehir Belediyesi&#8217;nin, Sosyal Hizmetler Dairesi Ba\u015fkanl\u0131\u011f\u0131 koordinesinde her y\u0131l \u00e7ocuklar\u0131 mutlu etmek i\u00e7in gelenekselle\u015ftirdi\u011fi, yaz aylar\u0131n\u0131n vazge\u00e7ilmez lezzeti Tarsus&#8217;un me\u015fhur limon dondurmas\u0131, bu sene de da\u011f\u0131t\u0131lmaya ba\u015fland\u0131.<\/p>\n\n\n\n<p><strong><em>&#8216;Vahap Amca&#8217;yla Tatl\u0131 G\u00fcnler&#8217;<\/em><\/strong>&nbsp;projesi kapsam\u0131nda, \u00f6zellikle dezavantajl\u0131 ve k\u0131rsal mahalleleri dola\u015farak \u00e7ocuklar\u0131 mutlu eden ekiplerin yeni adresi, Akdeniz il\u00e7esine ba\u011fl\u0131 \u00c7ay Mahallesi oldu. Haftan\u0131n 3 g\u00fcn\u00fc merkez il\u00e7elerde, di\u011fer 2 g\u00fcn\u00fc ise Tarsus merkezde dondurma da\u011f\u0131t\u0131m\u0131 yapan ekipler, \u00e7ocuklar\u0131 ferahlatan lezzetle bulu\u015fturmaya devam edecek.<\/p>\n\n\n\n<p><strong>Yazg\u0131: &#8220;Tarsus&#8217;un \u00fcnl\u00fc limon dondurmas\u0131 ile \u00e7ocuklar\u0131m\u0131z\u0131 bulu\u015fturuyoruz&#8221;<\/strong><\/p>\n\n\n\n<p>Sosyal Hizmetler Dairesi Ba\u015fkanl\u0131\u011f\u0131&#8217;nda g\u00f6rev yapan Sosyal Hizmet Uzman\u0131 Yusuf Yazg\u0131, B\u00fcy\u00fck\u015fehir Belediyesi&#8217;nin 7&#8217;den 70&#8217;e herkesi d\u00fc\u015f\u00fcnd\u00fc\u011f\u00fcn\u00fc belirterek,&nbsp;<strong>&#8220;B\u00fcy\u00fck\u015fehir; emek\u00e7i, i\u015f\u00e7i, kad\u0131n, \u00f6\u011frenci, \u00e7ocuk ay\u0131rmaks\u0131z\u0131n hi\u00e7bir vatanda\u015f\u0131n\u0131 unutmuyor.&nbsp;<em>&#8216;Vahap Amca&#8217;yla Tatl\u0131 G\u00fcnler&#8217;<\/em>&nbsp;projesi kapsam\u0131nda, \u00f6nceki y\u0131llarda yapt\u0131\u011f\u0131m\u0131z gibi s\u0131cak yaz g\u00fcnlerinde Tarsus&#8217;un \u00fcnl\u00fc limon dondurmas\u0131 da\u011f\u0131t\u0131m\u0131yla, \u00e7ocuklar\u0131m\u0131z\u0131n g\u00fclen y\u00fcz\u00fc oluyoruz. Haftan\u0131n 3 g\u00fcn\u00fc merkez il\u00e7elerimizde, di\u011fer 2 g\u00fcn\u00fc de Tarsus olmak \u00fczere sokaklarda, parklarda, meydanlarda \u00e7ocuklar\u0131m\u0131zla bulu\u015fuyoruz&#8221;&nbsp;<\/strong>ifadelerini kulland\u0131.<\/p>\n\n\n\n<p><strong>\u00c7ocuklar, me\u015fhur limon dondurmas\u0131n\u0131 afiyetle yedi<\/strong><\/p>\n\n\n\n<p>Dondurmay\u0131 \u00e7ok sevdi\u011fini s\u00f6yleyen \u00e7ocuklardan 11 ya\u015f\u0131ndaki Meryem Mende\u015f, &#8220;<strong>Dondurmay\u0131 \u00e7ok seviyorum. Tad\u0131 \u00e7ok g\u00fczel. S\u0131cak havada da \u00e7ok g\u00fczel oluyor. Vahap Amca bizi \u00e7ok mutlu etti&#8221;<\/strong>&nbsp;diye konu\u015ftu.<\/p>\n\n\n\n<p>Bir di\u011fer \u00e7ocuk Ecin Ceylan,&nbsp;<strong>&#8220;En sevdi\u011fim tatl\u0131 dondurma.<\/strong>&nbsp;<strong>Yaz\u0131n da \u00e7ok g\u00fczel oluyor. Tad\u0131 da \u00e7ok g\u00fczeldi, \u00e7ok be\u011fendim&#8221;&nbsp;<\/strong>dedi.<\/p>\n\n\n\n<p>\u00c7ocuklardan Berat Ko\u00e7ak ise duygular\u0131n\u0131,&nbsp;<strong>&#8220;Bize dondurma ikram ettiler. Yaz\u0131n \u00e7ok iyi oluyor, i\u00e7im serinliyor. Arabay\u0131 g\u00f6r\u00fcnce de \u00e7ok mutlu oldum. Vahap Amca seni \u00e7ok seviyorum&#8221;&nbsp;<\/strong>diye belirtti.&nbsp;<strong>&nbsp;<\/strong><\/p>\n","protected":false},"excerpt":{"rendered":"<p>Mersin B\u00fcy\u00fck\u015fehir Belediyesi&#8217;nin, Sosyal Hizmetler Dairesi Ba\u015fkanl\u0131\u011f\u0131 koordinesinde her y\u0131l \u00e7ocuklar\u0131 mutlu etmek i\u00e7in gelenekselle\u015ftirdi\u011fi, yaz aylar\u0131n\u0131n vazge\u00e7ilmez lezzeti Tarsus&#8217;un me\u015fhur limon dondurmas\u0131, bu sene de da\u011f\u0131t\u0131lmaya ba\u015fland\u0131. &#8216;Vahap Amca&#8217;yla Tatl\u0131 G\u00fcnler&#8217;&nbsp;projesi kapsam\u0131nda, \u00f6zellikle dezavantajl\u0131 ve k\u0131rsal mahalleleri dola\u015farak \u00e7ocuklar\u0131 mutlu eden ekiplerin yeni adresi, Akdeniz il\u00e7esine ba\u011fl\u0131 \u00c7ay Mahallesi oldu. Haftan\u0131n 3 g\u00fcn\u00fc merkez [&hellip;]<\/p>\n","protected":false},"author":2,"featured_media":34093,"comment_status":"closed","ping_status":"closed","sticky":false,"template":"","format":"standard","meta":{"footnotes":""},"categories":[2,3],"tags":[],"class_list":["post-34092","post","type-post","status-publish","format-standard","has-post-thumbnail","hentry","category-gundem","category-manset"],"views":10,"_links":{"self":[{"href":"https:\/\/mersinkadingazetesi.com\/index.php?rest_route=\/wp\/v2\/posts\/34092"}],"collection":[{"href":"https:\/\/mersinkadingazetesi.com\/index.php?rest_route=\/wp\/v2\/posts"}],"about":[{"href":"https:\/\/mersinkadingazetesi.com\/index.php?rest_route=\/wp\/v2\/types\/post"}],"author":[{"embeddable":true,"href":"https:\/\/mersinkadingazetesi.com\/index.php?rest_route=\/wp\/v2\/users\/2"}],"replies":[{"embeddable":true,"href":"https:\/\/mersinkadingazetesi.com\/index.php?rest_route=%2Fwp%2Fv2%2Fcomments&post=34092"}],"version-history":[{"count":1,"href":"https:\/\/mersinkadingazetesi.com\/index.php?rest_route=\/wp\/v2\/posts\/34092\/revisions"}],"predecessor-version":[{"id":34094,"href":"https:\/\/mersinkadingazetesi.com\/index.php?rest_route=\/wp\/v2\/posts\/34092\/revisions\/34094"}],"wp:featuredmedia":[{"embeddable":true,"href":"https:\/\/mersinkadingazetesi.com\/index.php?rest_route=\/wp\/v2\/media\/34093"}],"wp:attachment":[{"href":"https:\/\/mersinkadingazetesi.com\/index.php?rest_route=%2Fwp%2Fv2%2Fmedia&parent=34092"}],"wp:term":[{"taxonomy":"category","embeddable":true,"href":"https:\/\/mersinkadingazetesi.com\/index.php?rest_route=%2Fwp%2Fv2%2Fcategories&post=34092"},{"taxonomy":"post_tag","embeddable":true,"href":"https:\/\/mersinkadingazetesi.com\/index.php?rest_route=%2Fwp%2Fv2%2Ftags&post=34092"}],"curies":[{"name":"wp","href":"https:\/\/api.w.org\/{rel}","templated":true}]}}