{"id":34126,"date":"2024-07-28T09:53:28","date_gmt":"2024-07-28T06:53:28","guid":{"rendered":"https:\/\/mersinkadingazetesi.com\/?p=34126"},"modified":"2024-07-28T09:53:29","modified_gmt":"2024-07-28T06:53:29","slug":"buyuksehirin-kariyer-merkezi-is-arayanlar-ve-isverenler-arasinda-kopru-olmaya-devam-ediyor","status":"publish","type":"post","link":"https:\/\/mersinkadingazetesi.com\/?p=34126","title":{"rendered":"B\u00dcY\u00dcK\u015eEH\u0130R&#8217;\u0130N KAR\u0130YER MERKEZ\u0130, \u0130\u015e ARAYANLAR VE \u0130\u015eVERENLER ARASINDA K\u00d6PR\u00dc OLMAYA DEVAM ED\u0130YOR"},"content":{"rendered":"\n<p>\u00d6zellikle g\u00fcn\u00fcm\u00fcz i\u015f d\u00fcnyas\u0131n\u0131n getirdi\u011fi rekabet\u00e7i anlay\u0131\u015fta gen\u00e7lerin ihtiya\u00e7 duydu\u011fu profesyonel deste\u011fi onlara sa\u011flayan Mersin B\u00fcy\u00fck\u015fehir Belediyesi Kariyer Merkezi; gen\u00e7lerin yeteneklerini ve potansiyellerini en \u00fcst d\u00fczeye \u00e7\u0131karmalar\u0131na yard\u0131mc\u0131 olurken ayn\u0131 zamanda i\u015fverenlerin de nitelikli i\u015f g\u00fcc\u00fcne ula\u015fmas\u0131n\u0131 da kolayla\u015ft\u0131r\u0131yor.<\/p>\n\n\n\n<p>\u0130\u015f arayan ve i\u015fveren aras\u0131nda k\u00f6pr\u00fc olmay\u0131 s\u00fcrd\u00fcren Kariyer Merkezi&#8217;nin destek sa\u011flad\u0131\u011f\u0131 isimlerden biri 6 \u015eubat&#8217;ta ya\u015fanan deprem felaketi sonras\u0131 Mersin&#8217;e ta\u015f\u0131nan ve burada ya\u015famaya ba\u015flayan 27 ya\u015f\u0131ndaki Fulya Y\u0131ld\u0131r\u0131m. Bir di\u011feri ise, k\u0131sa s\u00fcre \u00f6nce Mersin&#8217;e ta\u015f\u0131nan ve burada ya\u015famaya ba\u015flayan 23 ya\u015f\u0131ndaki Helin \u00d6zbay. Kariyer Merkezi ile yollar\u0131 kesi\u015fen gen\u00e7ler, \u015fimdilerde Elektro Grup b\u00fcnyesinde \u00e7a\u011fr\u0131 merkezi operat\u00f6r\u00fc olarak g\u00f6rev yap\u0131yor.<\/p>\n\n\n\n<p><strong>\u00d6zada: &#8220;G\u00fcn\u00fcm\u00fczde Kariyer Merkezlerine olan ihtiya\u00e7 daha da artt\u0131&#8221;<\/strong><\/p>\n\n\n\n<p>Mersin B\u00fcy\u00fck\u015fehir Belediyesi Kariyer Merkezi M\u00fcd\u00fcr\u00fc Serkan \u00d6zada, \u00f6zellikle Pandemi s\u00fcrecinden sonra Kariyer Merkezlerine olan ihtiyac\u0131n daha \u00e7ok artt\u0131\u011f\u0131n\u0131 ve i\u015f d\u00fcnyas\u0131nda ciddi bir de\u011fi\u015fim ya\u015fand\u0131\u011f\u0131n\u0131 kaydederek,&nbsp;<strong>&#8220;G\u00fcn\u00fcm\u00fcze bakt\u0131\u011f\u0131m\u0131z zaman \u00f6\u011frencilerimizin daha mezun olmadan \u00f6nce i\u015f d\u00fcnyas\u0131n\u0131 tan\u0131malar\u0131 ve pratik yapmalar\u0131 gerekiyor. Hangi mesle\u011fi nerede yapacaklar\u0131 konusunda bilgi sahibi olmalar\u0131 gerekiyor. Biz \u00f6zellikle \u00f6\u011frencilerimizin daha \u00fcniversiteden veya liseden mezun olmadan \u00f6nce i\u015f hayat\u0131na haz\u0131rlanmas\u0131 konusunda belli ba\u015fl\u0131 hizmetlerimizi veriyoruz&#8221;<\/strong>&nbsp;dedi.<\/p>\n\n\n\n<p><strong>&#8220;2019 y\u0131l\u0131ndan bu yana 30 bin ki\u015fiye rehberlik ve dan\u0131\u015fmanl\u0131k hizmeti verdik&#8221;<\/strong><\/p>\n\n\n\n<p>Kariyer Merkezi&#8217;ne g\u00fcncel olarak 44 bin ki\u015finin kaydoldu\u011funu ve bunun i\u00e7erisinde 30 bin ki\u015fiye rehberlik ve dan\u0131\u015fmanl\u0131k hizmeti verdiklerini vurgulayan \u00d6zada, \u00f6\u011frenciler ve i\u015f arayanlar d\u0131\u015f\u0131nda halihaz\u0131rda \u00e7al\u0131\u015fan ancak i\u015f de\u011fi\u015ftirmek isteyen ki\u015filere de hizmet verdiklerini anlatt\u0131. M\u00fclakat sim\u00fclasyonu ile i\u015f arayanlar\u0131n m\u00fclakat s\u00fcrecinde de destek verdiklerini s\u00f6yleyen \u00d6zada,&nbsp;<strong>&#8220;Biz firmalar\u0131n insan kaynaklar\u0131 veya profesyonel y\u00f6neticileri ile gen\u00e7 adaylar\u0131 bir araya getiriyoruz. Bir taraftan adaylar\u0131m\u0131za sekt\u00f6rde hangi kriterlere sahip olmalar\u0131 gerekti\u011fi ile ilgili bilgi a\u015f\u0131larken di\u011fer taraftan firmalar\u0131m\u0131z\u0131n personel ihtiya\u00e7lar\u0131 konusunda havuz olu\u015fturmalar\u0131n\u0131 sa\u011flayarak onlara avantaj sa\u011flat\u0131yoruz&#8221;<\/strong>&nbsp;ifadelerini kulland\u0131. \u00d6zada,&nbsp;&nbsp;\u015fimdiye kadar Kariyer Merkezi \u00e7at\u0131s\u0131 alt\u0131nda i\u015f arayanlara y\u00f6nelik 120 ayr\u0131 e\u011fitim program\u0131 d\u00fczenlediklerini bu e\u011fitimlerden toplamda 12 bin ki\u015finin faydaland\u0131\u011f\u0131n\u0131 da anlatt\u0131.<\/p>\n\n\n\n<p><strong>Y\u00fcksekba\u015f: &#8220;Gen\u00e7lerimize i\u015f bulma anlam\u0131nda \u00e7ok b\u00fcy\u00fck fayda sa\u011fl\u0131yorlar&#8221;&nbsp;&nbsp;&nbsp;&nbsp;&nbsp;&nbsp;&nbsp;&nbsp;&nbsp;&nbsp;&nbsp;&nbsp;&nbsp;&nbsp;&nbsp;&nbsp;&nbsp;&nbsp;&nbsp;&nbsp;&nbsp;&nbsp;&nbsp;&nbsp;&nbsp;&nbsp;&nbsp;&nbsp;&nbsp;&nbsp;&nbsp;&nbsp;&nbsp;&nbsp;&nbsp;&nbsp;&nbsp;&nbsp;&nbsp;&nbsp;&nbsp;&nbsp;&nbsp;<\/strong>Elektro Grup Y\u00f6netim Kurulu Ba\u015fkan\u0131 Murat Y\u00fcksekba\u015f, Kariyer Merkezi&#8217;nin d\u00fczenlemi\u015f oldu\u011fu&nbsp;<strong>Kariyer G\u00fcnleri<\/strong>&#8216;ni \u00e7ok faydal\u0131 buldu\u011funu ve yerel y\u00f6netimlerin yapmas\u0131 gereken iyi bir uygulama oldu\u011funu dile getirdi. Kariyer Merkezi&#8217;nin gen\u00e7lerin i\u015f aray\u0131\u015f\u0131nda \u00e7ok b\u00fcy\u00fck fayda sa\u011flad\u0131\u011f\u0131n\u0131 s\u00f6yleyen ve istihdama sundu\u011fu katk\u0131lar\u0131na de\u011finen Y\u00fcksekba\u015f,&nbsp;<strong>&#8220;Hem biz personel bulma a\u00e7\u0131s\u0131ndan rahat ediyoruz hem de gen\u00e7ler i\u015f bulma a\u00e7\u0131s\u0131ndan kendilerine \u00e7ok g\u00fczel bir kaynak buluyorlar. Kariyer Merkezi \u00f6nce bizim ihtiya\u00e7lar\u0131m\u0131z do\u011frultusunda bir filtre yap\u0131yor ve eleman ihtiyac\u0131n\u0131z hangi alandaysa \u00f6nce onlar\u0131 buluyor ve onlarla bir \u00f6n g\u00f6r\u00fc\u015fme yap\u0131yor. Bu \u00e7ok b\u00fcy\u00fck bir imk\u00e2n. Kariyer Merkezi&#8217;nin kaynaklar\u0131ndan bizim insan kaynaklar\u0131 birimimiz ciddi anlamda faydalan\u0131yor&#8221;<\/strong>&nbsp;s\u00f6zlerine yer verdi.<\/p>\n\n\n\n<p><strong>Y\u0131ld\u0131r\u0131m: &#8220;Kariyer Merkezi i\u015fverenle i\u015f arayan\u0131n ne istedi\u011fini bilerek uygun e\u015fle\u015fmeyi sa\u011fl\u0131yor&#8221;<\/strong><\/p>\n\n\n\n<p>27 ya\u015f\u0131ndaki Fulya Y\u0131ld\u0131r\u0131m, 6 \u015eubat depremi sonras\u0131 Mersin&#8217;e yerle\u015fti\u011fini belirterek,&nbsp;<strong>&#8220;Normalde \u00fcniversite \u00f6\u011frencisiydim ancak depremden sonra kayd\u0131m\u0131 dondurdum ve burada bir i\u015f aray\u0131\u015f\u0131na girdim. \u0130nternetten ara\u015ft\u0131rd\u0131\u011f\u0131mda B\u00fcy\u00fck\u015fehir Belediyesi&#8217;nin Kariyer Merkezi gibi bir imkan\u0131 oldu\u011funu duydum ve Kariyer Merkezi&#8217;ne gittim. Kariyer Merkezi bu s\u00fcre\u00e7te bana \u00e7ok yard\u0131mc\u0131 oldu.&nbsp;&nbsp;\u00c7\u00fcnk\u00fc \u00e7ok fazla i\u015f olana\u011f\u0131 ve farkl\u0131 farkl\u0131 pozisyon sunuyorlar. Bizim ne istedi\u011fimizi kar\u015f\u0131 taraf\u0131n ne istedi\u011fini biliyorlar ve uygun e\u015fle\u015fmeyi sa\u011fl\u0131yorlar. Kariyer Merkezi, ger\u00e7ekten gen\u00e7lerin Mersin&#8217;de istihdam sa\u011flamas\u0131 konusunda \u00e7ok faydal\u0131 ve yararl\u0131 bir i\u015f olana\u011f\u0131 sunuyor. Ben \u00e7ok memnun kald\u0131m herkese tavsiye ediyorum&#8221;<\/strong>&nbsp;diye konu\u015ftu.<\/p>\n\n\n\n<p><strong>\u00d6zbay: &#8220;Hem zamandan kazand\u0131m hem de bo\u015fa ge\u00e7en vakitlerim \u00f6nlenmi\u015f oldu&#8221;<\/strong><\/p>\n\n\n\n<p>23 ya\u015f\u0131ndaki Helin \u00d6zbay ise \u00e7ok k\u0131sa bir s\u00fcre \u00f6nce Mersin&#8217;e ta\u015f\u0131nd\u0131\u011f\u0131n\u0131 ve \u00e7evresindekilerinin Kariyer Merkezi arac\u0131l\u0131\u011f\u0131 ile g\u00fczel i\u015fler buldu\u011funu bu y\u00fczden kendisinin de Kariyer Merkezi&#8217;ne ba\u015fvuru yapt\u0131\u011f\u0131n\u0131 anlatt\u0131. \u00d6zbay, i\u015f arama s\u00fcrecinde Kariyer Merkezi&#8217;nin olduk\u00e7a yard\u0131m\u0131 dokundu\u011funu belirterek,&nbsp;<strong>&#8220;Farkl\u0131 yerlerle g\u00f6r\u00fc\u015fmeye gittim ve en sonunda Elektro Grup&#8217;la yollar\u0131m\u0131z kesi\u015fti. 2 hafta \u00f6nce de burada i\u015fe ba\u015flad\u0131m.&nbsp;&nbsp;O i\u015fleri bulmadan \u00f6ncesinde de \u00e7ok zorluklar \u00e7ektim. Direkt olarak gidip kimseyle ileti\u015fim kuram\u0131yorsunuz, hep bir arac\u0131 olmak zorunda. Kariyer Merkezi&#8217;nde b\u00f6yle bir sorun ya\u015famad\u0131m. Kendi yeteneklerim ve donan\u0131mlar\u0131m\u0131n fark\u0131nda oldu\u011fum i\u00e7in kendimi net bir \u015fekilde aktard\u0131m. Onlar da bana bu do\u011frultuda yard\u0131mc\u0131 oldular&#8221;<\/strong>&nbsp;ifadelerine yer verdi.<\/p>\n\n\n\n<p>\u0130\u015f aray\u0131\u015f\u0131nda olan gen\u00e7lerin Kariyer Merkezi&#8217;nden faydalanabilece\u011finin tavsiyesini veren \u00d6zbay,&nbsp;<strong>&#8220;Eminim ki istedikleri yere muhakkak ula\u015facaklard\u0131r. Kariyer Merkezi, bana hem zamandan kazand\u0131rd\u0131 hem de bo\u015fa ge\u00e7en vakitlerimi \u00f6nlemi\u015f oldu. Yani isteklerim do\u011frultusunda hem param\u0131 kazan\u0131yorum hem konforlu bir ortamda \u00e7al\u0131\u015fma sa\u011fl\u0131yorum. Bu y\u00fczden \u00e7ok memnunum&#8221;<\/strong>&nbsp;dedi.<\/p>\n","protected":false},"excerpt":{"rendered":"<p>\u00d6zellikle g\u00fcn\u00fcm\u00fcz i\u015f d\u00fcnyas\u0131n\u0131n getirdi\u011fi rekabet\u00e7i anlay\u0131\u015fta gen\u00e7lerin ihtiya\u00e7 duydu\u011fu profesyonel deste\u011fi onlara sa\u011flayan Mersin B\u00fcy\u00fck\u015fehir Belediyesi Kariyer Merkezi; gen\u00e7lerin yeteneklerini ve potansiyellerini en \u00fcst d\u00fczeye \u00e7\u0131karmalar\u0131na yard\u0131mc\u0131 olurken ayn\u0131 zamanda i\u015fverenlerin de nitelikli i\u015f g\u00fcc\u00fcne ula\u015fmas\u0131n\u0131 da kolayla\u015ft\u0131r\u0131yor. \u0130\u015f arayan ve i\u015fveren aras\u0131nda k\u00f6pr\u00fc olmay\u0131 s\u00fcrd\u00fcren Kariyer Merkezi&#8217;nin destek sa\u011flad\u0131\u011f\u0131 isimlerden biri 6 \u015eubat&#8217;ta [&hellip;]<\/p>\n","protected":false},"author":2,"featured_media":34127,"comment_status":"closed","ping_status":"closed","sticky":false,"template":"","format":"standard","meta":{"footnotes":""},"categories":[3],"tags":[],"class_list":["post-34126","post","type-post","status-publish","format-standard","has-post-thumbnail","hentry","category-manset"],"views":10,"_links":{"self":[{"href":"https:\/\/mersinkadingazetesi.com\/index.php?rest_route=\/wp\/v2\/posts\/34126"}],"collection":[{"href":"https:\/\/mersinkadingazetesi.com\/index.php?rest_route=\/wp\/v2\/posts"}],"about":[{"href":"https:\/\/mersinkadingazetesi.com\/index.php?rest_route=\/wp\/v2\/types\/post"}],"author":[{"embeddable":true,"href":"https:\/\/mersinkadingazetesi.com\/index.php?rest_route=\/wp\/v2\/users\/2"}],"replies":[{"embeddable":true,"href":"https:\/\/mersinkadingazetesi.com\/index.php?rest_route=%2Fwp%2Fv2%2Fcomments&post=34126"}],"version-history":[{"count":1,"href":"https:\/\/mersinkadingazetesi.com\/index.php?rest_route=\/wp\/v2\/posts\/34126\/revisions"}],"predecessor-version":[{"id":34128,"href":"https:\/\/mersinkadingazetesi.com\/index.php?rest_route=\/wp\/v2\/posts\/34126\/revisions\/34128"}],"wp:featuredmedia":[{"embeddable":true,"href":"https:\/\/mersinkadingazetesi.com\/index.php?rest_route=\/wp\/v2\/media\/34127"}],"wp:attachment":[{"href":"https:\/\/mersinkadingazetesi.com\/index.php?rest_route=%2Fwp%2Fv2%2Fmedia&parent=34126"}],"wp:term":[{"taxonomy":"category","embeddable":true,"href":"https:\/\/mersinkadingazetesi.com\/index.php?rest_route=%2Fwp%2Fv2%2Fcategories&post=34126"},{"taxonomy":"post_tag","embeddable":true,"href":"https:\/\/mersinkadingazetesi.com\/index.php?rest_route=%2Fwp%2Fv2%2Ftags&post=34126"}],"curies":[{"name":"wp","href":"https:\/\/api.w.org\/{rel}","templated":true}]}}