{"id":34135,"date":"2024-07-28T10:00:48","date_gmt":"2024-07-28T07:00:48","guid":{"rendered":"https:\/\/mersinkadingazetesi.com\/?p=34135"},"modified":"2024-07-28T10:00:48","modified_gmt":"2024-07-28T07:00:48","slug":"baskan-secer-sozunu-vermisti-silifke-sosyal-yasam-merkezi-insaati-suruyor","status":"publish","type":"post","link":"https:\/\/mersinkadingazetesi.com\/?p=34135","title":{"rendered":"BA\u015eKAN SE\u00c7ER S\u00d6Z\u00dcN\u00dc VERM\u0130\u015eT\u0130; S\u0130L\u0130FKE SOSYAL YA\u015eAM MERKEZ\u0130 \u0130N\u015eAATI S\u00dcR\u00dcYOR"},"content":{"rendered":"\n<p>Mersin B\u00fcy\u00fck\u015fehir Belediye Ba\u015fkan\u0131 Vahap Se\u00e7er, B\u00fcy\u00fck\u015fehir taraf\u0131ndan yap\u0131m\u0131 devam eden ve tamamland\u0131\u011f\u0131nda Silifke halk\u0131n\u0131n hizmetine sunulacak olan&nbsp;<strong>&#8216;Silifke Sosyal Ya\u015fam Merkezi&#8217;<\/strong>&nbsp;in\u015faat\u0131n\u0131 yerinde inceledi.<\/p>\n\n\n\n<p><strong>Se\u00e7er: &#8220;Bitti\u011fi zaman \u00e7ok keyifli bir yer olacak&#8221;<\/strong><\/p>\n\n\n\n<p>Tesisin in\u015faat\u0131 hakk\u0131nda yetkililerden bilgi alan Ba\u015fkan Se\u00e7er, Silifkeli her yurtta\u015f\u0131n kullan\u0131m\u0131na uygun bir\u00e7ok fonksiyonun merkezde yer alaca\u011f\u0131n\u0131 kaydederek,&nbsp;<strong>&#8220;Burada \u00e7ocuk geli\u015fim merkezimiz var, 6 derslikten olu\u015fuyor. Buradaki fonksiyon; \u00e7ocuk at\u00f6lyelerinin olmas\u0131, \u00e7ocuklar\u0131n e\u011flenerek e\u011fitim almas\u0131. Yine burada \u00e7ok ama\u00e7l\u0131 bir salonumuz var; toplant\u0131lar\u0131n, g\u00f6sterilerin, etkinliklerin yap\u0131labilece\u011fi, tiyatro oynanabilecek bir alan. Ayr\u0131ca bir amfi tiyatro var, yine vatanda\u015flar\u0131m\u0131z\u0131n a\u00e7\u0131k havada g\u00f6sterileri izleyebilecekleri bir b\u00f6l\u00fcm in\u015fa ediyoruz. \u00c7ocuk oyun alanlar\u0131, spor alanlar\u0131m\u0131z, y\u00fcr\u00fcy\u00fc\u015f parkuru, ko\u015fu parkuru, \u00e7ocuklar\u0131m\u0131z i\u00e7in survivor alan\u0131m\u0131z var. Sosyal Ya\u015fam Merkezimiz bitti\u011fi zaman \u00e7ok keyifli bir yer olacak&#8221;<\/strong>&nbsp;s\u00f6zlerine yer verdi.<\/p>\n\n\n\n<p>Silifke i\u00e7in de yeni konsept bir ya\u015fam merkezi olaca\u011f\u0131na de\u011finen Se\u00e7er,&nbsp;<strong>&#8220;Bu y\u0131l\u0131n sonuna kadar bitirmeyi ama\u00e7l\u0131yoruz. \u0130n\u015faat\u0131 da bir hayli s\u00fcratli gidiyor. Silifkeli hem\u015fehrilerimizin hizmetine a\u00e7aca\u011f\u0131z&#8221;<\/strong>&nbsp;diye konu\u015ftu.<\/p>\n\n\n\n<p><strong>B\u00fcy\u00fck\u015fehir&#8217;den Silifke halk\u0131na tam donan\u0131ml\u0131 tesis<\/strong><\/p>\n\n\n\n<p>Mersin B\u00fcy\u00fck\u015fehir Belediyesi taraf\u0131ndan temeli Mart ay\u0131nda at\u0131lan&nbsp;<strong>&#8216;Silifke Sosyal Ya\u015fam Merkezi&#8217;&nbsp;<\/strong>i\u00e7erisinde; \u00e7ocuk geli\u015fim merkezi binas\u0131, okuma salonu binas\u0131, amfi tiyatro, \u00e7ocuk oyun alan\u0131, survivor alan\u0131 ve spor alanlar\u0131 yer alacak.<\/p>\n\n\n\n<p>Ba\u015fkan Se\u00e7er&#8217;in ge\u00e7ti\u011fimiz Mart ay\u0131nda Silifke ziyaretinde Silifkeli yurtta\u015flara s\u00f6z\u00fcn\u00fc vermesinin ard\u0131ndan k\u0131sa s\u00fcrede temeli at\u0131lan merkez hizmete girdi\u011finde; 7&#8217;den 70&#8217;e t\u00fcm Silifke halk\u0131n\u0131n faydalanabilece\u011fi bir tesis haline gelecek.<\/p>\n","protected":false},"excerpt":{"rendered":"<p>Mersin B\u00fcy\u00fck\u015fehir Belediye Ba\u015fkan\u0131 Vahap Se\u00e7er, B\u00fcy\u00fck\u015fehir taraf\u0131ndan yap\u0131m\u0131 devam eden ve tamamland\u0131\u011f\u0131nda Silifke halk\u0131n\u0131n hizmetine sunulacak olan&nbsp;&#8216;Silifke Sosyal Ya\u015fam Merkezi&#8217;&nbsp;in\u015faat\u0131n\u0131 yerinde inceledi. Se\u00e7er: &#8220;Bitti\u011fi zaman \u00e7ok keyifli bir yer olacak&#8221; Tesisin in\u015faat\u0131 hakk\u0131nda yetkililerden bilgi alan Ba\u015fkan Se\u00e7er, Silifkeli her yurtta\u015f\u0131n kullan\u0131m\u0131na uygun bir\u00e7ok fonksiyonun merkezde yer alaca\u011f\u0131n\u0131 kaydederek,&nbsp;&#8220;Burada \u00e7ocuk geli\u015fim merkezimiz var, 6 [&hellip;]<\/p>\n","protected":false},"author":2,"featured_media":34136,"comment_status":"closed","ping_status":"closed","sticky":false,"template":"","format":"standard","meta":{"footnotes":""},"categories":[3],"tags":[],"class_list":["post-34135","post","type-post","status-publish","format-standard","has-post-thumbnail","hentry","category-manset"],"views":12,"_links":{"self":[{"href":"https:\/\/mersinkadingazetesi.com\/index.php?rest_route=\/wp\/v2\/posts\/34135"}],"collection":[{"href":"https:\/\/mersinkadingazetesi.com\/index.php?rest_route=\/wp\/v2\/posts"}],"about":[{"href":"https:\/\/mersinkadingazetesi.com\/index.php?rest_route=\/wp\/v2\/types\/post"}],"author":[{"embeddable":true,"href":"https:\/\/mersinkadingazetesi.com\/index.php?rest_route=\/wp\/v2\/users\/2"}],"replies":[{"embeddable":true,"href":"https:\/\/mersinkadingazetesi.com\/index.php?rest_route=%2Fwp%2Fv2%2Fcomments&post=34135"}],"version-history":[{"count":1,"href":"https:\/\/mersinkadingazetesi.com\/index.php?rest_route=\/wp\/v2\/posts\/34135\/revisions"}],"predecessor-version":[{"id":34137,"href":"https:\/\/mersinkadingazetesi.com\/index.php?rest_route=\/wp\/v2\/posts\/34135\/revisions\/34137"}],"wp:featuredmedia":[{"embeddable":true,"href":"https:\/\/mersinkadingazetesi.com\/index.php?rest_route=\/wp\/v2\/media\/34136"}],"wp:attachment":[{"href":"https:\/\/mersinkadingazetesi.com\/index.php?rest_route=%2Fwp%2Fv2%2Fmedia&parent=34135"}],"wp:term":[{"taxonomy":"category","embeddable":true,"href":"https:\/\/mersinkadingazetesi.com\/index.php?rest_route=%2Fwp%2Fv2%2Fcategories&post=34135"},{"taxonomy":"post_tag","embeddable":true,"href":"https:\/\/mersinkadingazetesi.com\/index.php?rest_route=%2Fwp%2Fv2%2Ftags&post=34135"}],"curies":[{"name":"wp","href":"https:\/\/api.w.org\/{rel}","templated":true}]}}