{"id":34138,"date":"2024-07-28T10:02:56","date_gmt":"2024-07-28T07:02:56","guid":{"rendered":"https:\/\/mersinkadingazetesi.com\/?p=34138"},"modified":"2024-07-28T10:02:56","modified_gmt":"2024-07-28T07:02:56","slug":"mersin-buyuksehirden-silifkede-rengarenk-senlik-6-lavanta-hasat-senligi","status":"publish","type":"post","link":"https:\/\/mersinkadingazetesi.com\/?p=34138","title":{"rendered":"MERS\u0130N B\u00dcY\u00dcK\u015eEH\u0130R&#8217;DEN S\u0130L\u0130FKE&#8217;DE RENGARENK \u015eENL\u0130K: &#8216;6. LAVANTA HASAT \u015eENL\u0130\u011e\u0130&#8217;"},"content":{"rendered":"\n<p>Mersin B\u00fcy\u00fck\u015fehir Belediyesi taraf\u0131ndan Silifkeli \u00fcreticilere verilen, \u00fcreticilerin de binbir emekle diktikleri lavanta fidelerinin \u00e7i\u00e7ek a\u00e7mas\u0131n\u0131n ard\u0131ndan hasat \u015fenli\u011fi ger\u00e7ekle\u015ftirildi. Silifke&#8217;nin en renkli hasad\u0131 olan&nbsp;<strong>&#8216;6. Mersin Lavanta Hasat \u015eenli\u011fi&#8217;<\/strong>ne Mersin B\u00fcy\u00fck\u015fehir Belediye Ba\u015fkan\u0131 Vahap Se\u00e7er ve e\u015fi Meral Se\u00e7er de kat\u0131ld\u0131.<\/p>\n\n\n\n<p>Silifke&#8217;nin ilk lavanta bah\u00e7esi olma \u00f6zelli\u011fi ta\u015f\u0131yan \u00c7alt\u0131bozk\u0131r Mahallesi&#8217;nde ger\u00e7ekle\u015fen \u015fenli\u011fe; Mersin B\u00fcy\u00fck\u015fehir Belediye Ba\u015fkan\u0131 Vahap Se\u00e7er ve e\u015fi Meral Se\u00e7er, Silifke Kaymakam\u0131 Abdullah Aslaner, Silifke Belediye Ba\u015fkan\u0131 Mustafa Turgut, Cumhuriyet Halk Partisi (CHP) Mersin Milletvekili Hasan Ufuk \u00c7ak\u0131r, CHP Silifke \u0130l\u00e7e Ba\u015fkan\u0131 Zarif Korkmaz, Silifkeli \u00fcreticiler ve yurtta\u015flar kat\u0131ld\u0131.<\/p>\n\n\n\n<p><strong>B\u00fcy\u00fck\u015fehir&#8217;den dolu dolu \u015fenlik<\/strong><\/p>\n\n\n\n<p>Lavanta kokular\u0131n\u0131n sard\u0131\u011f\u0131 mis kokulu \u015fenlikte, B\u00fcy\u00fck\u015fehir Kad\u0131n ve Aile Hizmetleri Dairesi Ba\u015fkanl\u0131\u011f\u0131&#8217;n\u0131n \u00e7ocuk oyun alanlar\u0131, Gen\u00e7lik ve Spor Hizmetleri Dairesi Ba\u015fkanl\u0131\u011f\u0131&#8217;n\u0131n spor alan\u0131 da bulunurken, \u0130klim De\u011fi\u015fikli\u011fi ve S\u0131f\u0131r At\u0131k Dairesi Ba\u015fkanl\u0131\u011f\u0131&#8217;na ba\u011fl\u0131 Mercan 100. Y\u0131l \u0130klim ve \u00c7evre Bilim Merkezi de&nbsp;<strong>&#8216;G\u00fcne\u015f G\u00f6zlem Etkinli\u011fi&#8217;<\/strong>&nbsp;ile \u00e7ocuklar\u0131n e\u011flenceli vakit ge\u00e7irmesini sa\u011flad\u0131. \u015eenlikte ayr\u0131ca kooperatiflerin ve \u00fcreticilerin el eme\u011fi \u00fcr\u00fcnlerinin sat\u0131\u015f\u0131 da yap\u0131ld\u0131. Silifke Belediyesi Halk Oyunlar\u0131 Ekibi&#8217;nin g\u00f6sterileriyle ba\u015flayan \u015fenlik, a\u00e7\u0131l\u0131\u015f konu\u015fmalar\u0131yla devam etti.<\/p>\n\n\n\n<p><strong>Ba\u015fkan Se\u00e7er: &#8220;Bizim kafam\u0131zda rant de\u011fil, halka hizmet var&#8221;<\/strong><\/p>\n\n\n\n<p>Ba\u015fkan Se\u00e7er, Lavanta \u015eenli\u011fi&#8217;nde yapt\u0131\u011f\u0131 konu\u015fmas\u0131nda \u00c7alt\u0131bozk\u0131r&#8217;\u0131n bereketli topraklara ve s\u0131cak insanlara sahip bir b\u00f6lge oldu\u011funu s\u00f6yledi. \u00c7alt\u0131bozk\u0131r&#8217;a s\u0131k s\u0131k geldiklerini ifade eden Se\u00e7er, programa gelmeden \u00f6nce B\u00fcy\u00fck\u015fehir Belediyesi&#8217;nin in\u015fas\u0131n\u0131 s\u00fcrd\u00fcrd\u00fc\u011f\u00fc Sosyal Ya\u015fam Merkezi&#8217;ni incelediklerini s\u00f6zlerine ekledi. Merkezin yerinin yeni yap\u0131la\u015fmalar\u0131n oldu\u011fu g\u00fczel bir yerde oldu\u011funu belirterek, bunun \u00f6rnek olmas\u0131 gerekti\u011fini ifade eden Se\u00e7er,&nbsp;<strong>&#8220;Bizim kafam\u0131zda halka hizmet var. Bizde ranttan \u00f6te halk var, halk\u00e7\u0131l\u0131k var. Nas\u0131l ki Mersin&#8217;in en g\u00fczel sahillerini ranta de\u011fil halka a\u00e7\u0131yoruz, il\u00e7emizdeki en g\u00fczel rant alanlar\u0131n\u0131 da halka a\u00e7\u0131yoruz. Bizim akl\u0131m\u0131z parada ve rantta de\u011fil, bizim akl\u0131m\u0131z halkta, \u00e7ocuklar\u0131m\u0131zda, gelece\u011fimizde, \u00fclkemizde ve milletimizde&#8221;<\/strong>&nbsp;dedi.<\/p>\n\n\n\n<p><strong>&#8220;\u0130nsanlar se\u00e7imde eme\u011fin, hakk\u0131n ve al\u0131n terinin yan\u0131nda durdu&#8221;<\/strong><\/p>\n\n\n\n<p>Se\u00e7imlerde \u00e7\u0131kan sonu\u00e7 i\u00e7in Silifke halk\u0131na te\u015fekk\u00fcr eden Se\u00e7er, \u015funlar\u0131 s\u00f6yledi:<\/p>\n\n\n\n<p><strong>&#8220;Bu \u015fu demektir; burada tarafl\u0131, tarafs\u0131z CHP&#8217;li, AK Partili, MHP&#8217;li, \u0130Y\u0130 Partili ya da di\u011fer siyasi partilere kime g\u00f6n\u00fcl ya da oy vermi\u015f olursa olsun insanlar eme\u011fin, hakk\u0131n, al\u0131n terinin yan\u0131nda durdu\u011funu g\u00f6sterdi. 5 y\u0131ll\u0131k hizmetlerimizden memnuniyetle sand\u0131\u011fa giden Silifkeli hem\u015ferilerim, ahde vefay\u0131 bildi ve bizlere destek oldu. Elbette ki Silifkelileri mahcup etmeyece\u011fiz. Onlar\u0131n bize destek vermelerinden dolay\u0131 \u00fcz\u00fcnt\u00fc ya\u015famalar\u0131n\u0131 de\u011fil, her zaman&nbsp;<em>&#8216;Ne mutlu ki Vahap Se\u00e7er&#8217;e ve Mustafa Turgut&#8217;a destek verdik. Bak\u0131n omuz omuza verdiler, Silifkemize hizmet ediyorlar&#8217;&nbsp;<\/em>dedirtti\u011fimiz an biz d\u00fcnyan\u0131n en mutlu insan\u0131 olaca\u011f\u0131z. \u0130\u015fte bu anlay\u0131\u015fla \u00e7al\u0131\u015f\u0131yoruz, \u00e7al\u0131\u015fmaya devam edece\u011fiz. Sadece buray\u0131 de\u011fil, b\u00fct\u00fcn il\u00e7elerimizi, Mersinimizi \u00e7ok daha iyi noktalara getirece\u011fiz.&#8221;<\/strong><\/p>\n\n\n\n<p><strong>&#8220;Kad\u0131nlar i\u00e7in yapt\u0131\u011f\u0131m\u0131z destekler tam isabet oluyor&#8221;<\/strong><\/p>\n\n\n\n<p>Se\u00e7er, B\u00fcy\u00fck\u015fehir olarak yerinde tar\u0131msal destekler yapt\u0131klar\u0131n\u0131 belirterek,&nbsp;<strong>&#8220;Biz tar\u0131ma \u00f6nem veriyoruz. Tar\u0131msal destekler artarak devam edecek. \u00c7\u00fcnk\u00fc yapt\u0131\u011f\u0131m\u0131z i\u015flerden vatanda\u015flar\u0131m\u0131z memnuniyet duyuyor. Yapt\u0131\u011f\u0131m\u0131z destekler yerine ula\u015f\u0131yor, netice al\u0131n\u0131yor, s\u00fcrd\u00fcr\u00fclebilir oluyor. \u00d6zellikle kad\u0131nlar i\u00e7in yapt\u0131\u011f\u0131m\u0131z destekler tam isabet oluyor&#8221;&nbsp;<\/strong>ifadelerine yer verdi.<\/p>\n\n\n\n<p>Kad\u0131n elinden \u00fcretimi desteklemek i\u00e7in tar\u0131msal desteklerin bu do\u011frultuda ger\u00e7ekle\u015ftirildi\u011fini vurgulayan Se\u00e7er, kad\u0131nlar\u0131n kendi ayaklar\u0131n\u0131n \u00fczerinde durabilmesinin olduk\u00e7a \u00f6nemli oldu\u011funu, bu sayede de kad\u0131n\u0131n kendi ekonomik \u00f6zg\u00fcrl\u00fc\u011f\u00fcn\u00fc kazand\u0131\u011f\u0131n\u0131 ve ev ekonomisine katk\u0131 sa\u011flad\u0131\u011f\u0131n\u0131 ifade etti. Daha \u00f6nce \u00c7alt\u0131bozk\u0131r&#8217;da lavanta fidesi ve distilasyon \u00fcnitesi desteklerinde bulunduklar\u0131n\u0131 aktaran Se\u00e7er, \u015fimdi ise&nbsp;<strong>&#8216;K\u00f6y\u00fcm\u00fcz At\u00f6lye&#8217;<\/strong>&nbsp;projesini burada ba\u015flatacaklar\u0131n\u0131 belirterek,&nbsp;<strong>&#8220;5 y\u0131l \u00f6nce se\u00e7im \u00f6ncesinde&nbsp;<em>&#8216;Evimiz At\u00f6lye&#8217;<\/em>&nbsp;projesinin s\u00f6z\u00fcn\u00fc vermi\u015ftik ve projeyi ba\u015flatm\u0131\u015ft\u0131k. \u00c7ok iyi neticeler alm\u0131\u015ft\u0131k. \u015eimdi de ikinci 5 y\u0131l\u0131m\u0131zda tar\u0131mda, k\u00f6yde, k\u00f6yl\u00fcde &#8216;K\u00f6y\u00fcm\u00fcz At\u00f6lye&#8217; projesiyle \u00e7ok g\u00fczel i\u015fler yap\u0131lacak&#8221;<\/strong>&nbsp;dedi.<\/p>\n\n\n\n<p><strong>&#8220;Her y\u00f6renin kendine \u00f6zg\u00fc \u00fcr\u00fcn\u00fcn\u00fc markala\u015ft\u0131rmak istiyoruz&#8221;<\/strong><\/p>\n\n\n\n<p>K\u00f6y\u00fcm\u00fcz At\u00f6lye projesi hakk\u0131nda bilgi veren Se\u00e7er, her b\u00f6lgenin kendine \u00f6zg\u00fc \u00fcr\u00fcnlerinin daha do\u011fru tekniklerle yeti\u015ftirilmesi ve pazarlanmas\u0131 i\u00e7in projenin \u00f6nemli oldu\u011funu s\u00f6yledi. Se\u00e7er,&nbsp;<strong>&#8220;Co\u011frafi i\u015faret tescili yap\u0131lm\u0131\u015f ya da yap\u0131lmam\u0131\u015f burada \u00fcretilen \u00fcr\u00fcnlerin daha tekni\u011fine uygun yeti\u015ftirilmesini, ambalajlanmas\u0131n\u0131, pazara sunulmas\u0131n\u0131, bunun gerekiyorsa yurtd\u0131\u015f\u0131na ihrac\u0131n\u0131; marketlerde, yerel sat\u0131\u015f yerlerinde ya da e-ticaret platformunda sat\u0131lmas\u0131n\u0131 sa\u011flamak ve as\u0131l olarak da &#8216;<em>K\u00f6y\u00fcm\u00fcz At\u00f6lye&#8217;<\/em>&nbsp;projesiyle her y\u00f6renin kendine \u00f6zg\u00fc \u00fcr\u00fcn\u00fcn\u00fc markala\u015ft\u0131rmak istiyoruz&#8221;<\/strong>&nbsp;ifadelerini kulland\u0131.<\/p>\n\n\n\n<p><strong>&#8220;\u00d6nemli olan halk\u0131n kalbine, g\u00f6nl\u00fcne girmek ve sevgisini kazanmakt\u0131r&#8221;<\/strong><\/p>\n\n\n\n<p>Ba\u015far\u0131l\u0131 olman\u0131n yolunun \u00e7al\u0131\u015fmaktan ge\u00e7ti\u011fini ve halk\u0131n sevgisinin kazanman\u0131n \u00f6nemli oldu\u011funu belirten Se\u00e7er,&nbsp;<strong>&#8220;\u00c7al\u0131\u015faca\u011f\u0131z. \u00c7al\u0131\u015fmaya devam edece\u011fiz. Elbette ki girdi\u011fimiz se\u00e7imlerde ba\u015far\u0131l\u0131 olaca\u011f\u0131z. Ba\u015far\u0131l\u0131 olman\u0131n yolu da \u00e7al\u0131\u015fmaktan ge\u00e7iyor, Hizmet edece\u011fiz. Bir belediye ba\u015fkan\u0131 i\u00e7in \u00f6nemli olan sadece hizmet; yol, bina, sosyal politikalar, tar\u0131m destekleri yapmak de\u011fil; halk\u0131n kalbine, g\u00f6nl\u00fcne girmek, halk\u0131n sevgisini kazanmakt\u0131r. Onun i\u00e7in u\u011fra\u015f\u0131yoruz. Onu da ba\u015fard\u0131k \u00e7ok \u015f\u00fck\u00fcr. Halk\u0131m\u0131z\u0131, insanlar\u0131m\u0131z\u0131 seviyoruz&#8221;&nbsp;<\/strong>dedi.<\/p>\n\n\n\n<p><strong>&#8220;\u015eartlar, ko\u015fullar ne olursa olsun biz hizmetlerimizi yapmaya devam edece\u011fiz&#8221;<\/strong><\/p>\n\n\n\n<p>Ekonomik ko\u015fullar\u0131n, emekliyi, sabit gelirliyi, esnaf\u0131, k\u00f6yl\u00fcy\u00fc zorlad\u0131\u011f\u0131n\u0131 kaydeden Se\u00e7er, belediyelerin de olduk\u00e7a zorland\u0131\u011f\u0131n\u0131 s\u00f6yledi. Merkezi y\u00f6netimden gelen paralar\u0131 en ak\u0131lc\u0131 \u015fekilde kullanarak hizmet yapt\u0131klar\u0131n\u0131 ifade eden Se\u00e7er, ge\u00e7ti\u011fimiz hafta belediyelerin SGK&#8217;ya olan bor\u00e7lar\u0131n\u0131n \u00f6denmesiyle ilgili al\u0131nan kararla ilgili de\u011ferlendirmede bulunarak,&nbsp;<strong>&#8220;Say\u0131n Cumhurba\u015fkan\u0131 ge\u00e7ti\u011fimiz hafta da bizi \u00fczecek kararlar ald\u0131. Belediyenin Sosyal G\u00fcvenlik prim bor\u00e7lar\u0131n\u0131;&nbsp;<em>&#8216;g\u00f6nderdi\u011fimiz paralardan kesece\u011fiz&#8217;<\/em>&nbsp;dediler. Yani sizin vergilerden, maliyeye aktard\u0131\u011f\u0131n\u0131z, bizim size hizmet etmek \u00fczere g\u00f6nderilen paralar\u0131 kesecekler.&nbsp;<em>&#8216;Senin paraya ihtiyac\u0131n var m\u0131, yok mu. Bu paray\u0131, bu borcu kesersek sen a\u00e7, susuz kal\u0131r m\u0131s\u0131n, \u00c7alt\u0131bozk\u0131r&#8217;a, Silifke&#8217;ye, Mut&#8217;a, Tarsus&#8217;a hizmetin aksar m\u0131?&#8217;<\/em>&nbsp;diye sormadan keseceklerini ilan ettiler&#8221;&nbsp;<\/strong>dedi.<\/p>\n\n\n\n<p>Se\u00e7er,&nbsp;<strong>&#8220;Ama biz inan\u00e7l\u0131, azimli, \u00e7al\u0131\u015fkan insanlar\u0131z. \u015eartlar, ko\u015fullar ne olursa olsun biz hizmetlerimizi yapmaya devam edece\u011fiz. Hi\u00e7bir zaman Mersin B\u00fcy\u00fck\u015fehir Belediye Ba\u015fkan\u0131n\u0131n a\u011fz\u0131ndan&nbsp;<em>&#8216;Bizim param\u0131z, b\u00fct\u00e7emiz yok, yolunuzu yapamay\u0131z, sosyal destek yapamay\u0131z, i\u015f\u00e7i \u00fccretlerini \u00e7al\u0131\u015fan \u00fccretlerini bu ay ge\u00e7 \u00f6deyece\u011fiz&#8217;&nbsp;<\/em>diye bir \u015fikayet duyulmam\u0131\u015ft\u0131r. Bug\u00fcne kadar nas\u0131l b\u00f6yle dimdik olduysak bundan sonra da dimdik kalaca\u011f\u0131z. Size hizmetleri de bir bir yapaca\u011f\u0131z. Hi\u00e7 kimsenin endi\u015fesi olmas\u0131n. Biz onun da \u00fcstesinden geliriz&#8221;<\/strong>&nbsp;diye konu\u015ftu.<\/p>\n\n\n\n<p>Mersin halk\u0131n\u0131n kendisine g\u00fc\u00e7 verdi\u011fini ve desteklerini devaml\u0131 hissetti\u011fini s\u00f6yleyen Se\u00e7er,&nbsp;<strong>&#8220;Varl\u0131\u011f\u0131n\u0131z bize g\u00fc\u00e7 veriyor. Sizleri seviyoruz. Biz; biriz ve beraberiz. Do\u011fudan Bat\u0131ya Kuzeyden G\u00fcneye, Orta Anadolu&#8217;ya, bizim i\u00e7in t\u00fcm Anadolu insan\u0131 bizim karde\u015fimizdir. Bizim iki k\u0131rm\u0131z\u0131 \u00e7izgimiz var; Ay y\u0131ld\u0131zl\u0131 al bayra\u011f\u0131m\u0131z ve Ulu \u00d6nder Mustafa Kemal Atat\u00fcrk&#8217;t\u00fcr&#8221;<\/strong>&nbsp;dedi. Se\u00e7er \u015fenli\u011fe kat\u0131lan herkesin keyifli vakit ge\u00e7irmesini dileyerek s\u00f6zlerini sonland\u0131rd\u0131.<\/p>\n\n\n\n<p><strong>\u00c7ak\u0131r: &#8220;Lavanta \u00fcretimine destek olan Vahap Se\u00e7er&#8217;e binlerce kez te\u015fekk\u00fcrler&#8221;<\/strong><\/p>\n\n\n\n<p>Lavantan\u0131n yeti\u015ftirilmesine katk\u0131 sunan herkesi tebrik eden CHP Mersin Milletvekili Hasan Ufuk \u00c7ak\u0131r,&nbsp;<strong>&#8220;Lavanta yeti\u015ftirilmesine katk\u0131 sunan B\u00fcy\u00fck\u015fehir Belediye Ba\u015fkan\u0131m\u0131z Say\u0131n Vahap Se\u00e7er&#8217;e binlerce kez te\u015fekk\u00fcrler. Hasat\u0131n\u0131z\u0131n bereketli, \u00fcr\u00fcn\u00fcn\u00fcz\u00fcn hay\u0131rl\u0131 olmas\u0131n\u0131 diliyorum&#8221;&nbsp;<\/strong>dedi.<\/p>\n\n\n\n<p><strong>Turgut: &#8220;B\u00fcy\u00fck\u015fehir&#8217;i kendimize \u00f6rnek alaca\u011f\u0131z&#8221;<\/strong><\/p>\n\n\n\n<p>Belediyecilik hizmetlerini en iyi \u015fekilde yapacaklar\u0131n\u0131 kaydeden Silifke Belediye Ba\u015fkan\u0131 Dr. Mustafa Turgut, B\u00fcy\u00fck\u015fehir ile ortak \u00e7al\u0131\u015fmay\u0131 da s\u00fcrd\u00fcreceklerini vurgulayan Turgut,&nbsp;<strong>&#8220;B\u00fcy\u00fck\u015fehir Belediyesini ba\u015far\u0131l\u0131 yapan \u00e7ok \u00e7al\u0131\u015fmakt\u0131 ve yap\u0131lan i\u015flerin kaliteli olmas\u0131yd\u0131. Biz bunlar\u0131 kendimize \u00f6rnek alaca\u011f\u0131z&#8221;&nbsp;<\/strong>dedi.<\/p>\n\n\n\n<p>Konu\u015fmalar\u0131n ard\u0131ndan&nbsp;<strong>&#8216;Lavanta Demet Yar\u0131\u015fmas\u0131&#8217;<\/strong>nda dereceye girenlere Ba\u015fkan Se\u00e7er taraf\u0131ndan \u00f6d\u00fclleri verildi. Ard\u0131ndan Ba\u015fkan Se\u00e7er ve Meral Se\u00e7er \u015fenlik alan\u0131nda kurulan \u00fcretici stantlar\u0131n\u0131 gezdi. Meral Se\u00e7er ile birlikte lavanta bah\u00e7esinde hasat da yapan Ba\u015fkan Se\u00e7er,&nbsp;<strong>&#8216;K\u00f6y\u00fcm\u00fcz At\u00f6lye&#8217;<\/strong>&nbsp;i\u00e7in pilot mahalle olarak se\u00e7ilen \u00c7alt\u0131bozk\u0131r&#8217;da kurulan alan\u0131 da inceledi.<\/p>\n\n\n\n<p>\u015eenlik K\u00fclt\u00fcr ve Sosyal \u0130\u015fler Dairesi Ba\u015fkanl\u0131\u011f\u0131 Kent Orkestras\u0131 konseriyle sona erdi.<\/p>\n","protected":false},"excerpt":{"rendered":"<p>Mersin B\u00fcy\u00fck\u015fehir Belediyesi taraf\u0131ndan Silifkeli \u00fcreticilere verilen, \u00fcreticilerin de binbir emekle diktikleri lavanta fidelerinin \u00e7i\u00e7ek a\u00e7mas\u0131n\u0131n ard\u0131ndan hasat \u015fenli\u011fi ger\u00e7ekle\u015ftirildi. Silifke&#8217;nin en renkli hasad\u0131 olan&nbsp;&#8216;6. Mersin Lavanta Hasat \u015eenli\u011fi&#8217;ne Mersin B\u00fcy\u00fck\u015fehir Belediye Ba\u015fkan\u0131 Vahap Se\u00e7er ve e\u015fi Meral Se\u00e7er de kat\u0131ld\u0131. Silifke&#8217;nin ilk lavanta bah\u00e7esi olma \u00f6zelli\u011fi ta\u015f\u0131yan \u00c7alt\u0131bozk\u0131r Mahallesi&#8217;nde ger\u00e7ekle\u015fen \u015fenli\u011fe; Mersin B\u00fcy\u00fck\u015fehir Belediye [&hellip;]<\/p>\n","protected":false},"author":2,"featured_media":34139,"comment_status":"closed","ping_status":"closed","sticky":false,"template":"","format":"standard","meta":{"footnotes":""},"categories":[1,2,3,5],"tags":[],"class_list":["post-34138","post","type-post","status-publish","format-standard","has-post-thumbnail","hentry","category-genel","category-gundem","category-manset","category-mersin"],"views":11,"_links":{"self":[{"href":"https:\/\/mersinkadingazetesi.com\/index.php?rest_route=\/wp\/v2\/posts\/34138"}],"collection":[{"href":"https:\/\/mersinkadingazetesi.com\/index.php?rest_route=\/wp\/v2\/posts"}],"about":[{"href":"https:\/\/mersinkadingazetesi.com\/index.php?rest_route=\/wp\/v2\/types\/post"}],"author":[{"embeddable":true,"href":"https:\/\/mersinkadingazetesi.com\/index.php?rest_route=\/wp\/v2\/users\/2"}],"replies":[{"embeddable":true,"href":"https:\/\/mersinkadingazetesi.com\/index.php?rest_route=%2Fwp%2Fv2%2Fcomments&post=34138"}],"version-history":[{"count":1,"href":"https:\/\/mersinkadingazetesi.com\/index.php?rest_route=\/wp\/v2\/posts\/34138\/revisions"}],"predecessor-version":[{"id":34140,"href":"https:\/\/mersinkadingazetesi.com\/index.php?rest_route=\/wp\/v2\/posts\/34138\/revisions\/34140"}],"wp:featuredmedia":[{"embeddable":true,"href":"https:\/\/mersinkadingazetesi.com\/index.php?rest_route=\/wp\/v2\/media\/34139"}],"wp:attachment":[{"href":"https:\/\/mersinkadingazetesi.com\/index.php?rest_route=%2Fwp%2Fv2%2Fmedia&parent=34138"}],"wp:term":[{"taxonomy":"category","embeddable":true,"href":"https:\/\/mersinkadingazetesi.com\/index.php?rest_route=%2Fwp%2Fv2%2Fcategories&post=34138"},{"taxonomy":"post_tag","embeddable":true,"href":"https:\/\/mersinkadingazetesi.com\/index.php?rest_route=%2Fwp%2Fv2%2Ftags&post=34138"}],"curies":[{"name":"wp","href":"https:\/\/api.w.org\/{rel}","templated":true}]}}