{"id":34141,"date":"2024-07-28T10:03:57","date_gmt":"2024-07-28T07:03:57","guid":{"rendered":"https:\/\/mersinkadingazetesi.com\/?p=34141"},"modified":"2024-07-28T10:03:57","modified_gmt":"2024-07-28T07:03:57","slug":"ekmen-vatandaslarimiz-buyuk-bir-psikolojik-buhran-icerisinde","status":"publish","type":"post","link":"https:\/\/mersinkadingazetesi.com\/?p=34141","title":{"rendered":"Ekmen : &#8220;Vatanda\u015flar\u0131m\u0131z B\u00fcy\u00fck Bir Psikolojik Buhran \u0130\u00e7erisinde&#8221;\u00a0"},"content":{"rendered":"\n<p><strong>DEVA Partisi Genel Ba\u015fkan Yard\u0131mc\u0131s\u0131 ve Mersin Milletvekili Mehmet Emin Ekmen, TBMM Genel Kurulu&#8217;nda yapt\u0131\u011f\u0131 konu\u015fmada, son k\u0131rk sekiz saat i\u00e7erisinde yurt genelinde ya\u015fanan \u015fiddet olaylar\u0131na dikkat \u00e7ekti. Ekmen, bu durumun \u00fclkenin b\u00fcy\u00fck bir psikolojik buhran i\u00e7erisinde oldu\u011funu g\u00f6sterdi\u011fini belirtti ve acil tedbirler al\u0131nmas\u0131 \u00e7a\u011fr\u0131s\u0131nda bulundu.<\/strong><\/p>\n\n\n\n<p><strong>Son K\u0131rk Sekiz Saatte Ya\u015fanan \u015eiddet Olaylar\u0131<\/strong><\/p>\n\n\n\n<p>Mehmet Emin Ekmen, gazeteci Muhammed Vefa&#8217;n\u0131n X hesab\u0131ndan yapt\u0131\u011f\u0131 bir hesaplamaya g\u00f6re, son k\u0131rk sekiz saat i\u00e7erisinde T\u00fcrkiye genelinde bir\u00e7ok \u015fiddet olay\u0131 ya\u015fand\u0131\u011f\u0131n\u0131 vurgulad\u0131. Ekmen, &#8220;Son k\u0131rk sekiz saat i\u00e7erisinde yurt genelinde, Manisa&#8217;da bir baba \u00e7ocuklar\u0131n\u0131n g\u00f6z\u00fc \u00f6n\u00fcnde 8 ki\u015fi taraf\u0131ndan d\u00f6v\u00fclerek \u00f6ld\u00fcr\u00fclm\u00fc\u015f, Bing\u00f6l&#8217;de tedavi edilmesi gereken bir ki\u015fi 4 ki\u015fiyi \u00f6ld\u00fcrerek bir\u00e7ok ki\u015fiyi yaralam\u0131\u015f, Bodrum&#8217;da bir kad\u0131n kocas\u0131 taraf\u0131ndan kur\u015funa dizilmi\u015f, Ankara&#8217;da bir ki\u015fi annesini defalarca b\u0131\u00e7aklam\u0131\u015f, K\u0131r\u015fehir&#8217;de bir g\u00fcvenlik bek\u00e7isi ailesinin \u00f6n\u00fcnde alacakl\u0131s\u0131 polis taraf\u0131ndan \u00f6ld\u00fcr\u00fclm\u00fc\u015f, Mersin&#8217;de bir vatanda\u015f 3 ki\u015fiyi \u00f6ld\u00fcrm\u00fc\u015f, Konya&#8217;da bir ki\u015fi a\u011fabeyini \u00f6ld\u00fcrerek annesini yaralam\u0131\u015f, Edirne&#8217;de bir ki\u015fi e\u015fini \u00f6ld\u00fcrm\u00fc\u015f, G\u00fcm\u00fc\u015fhane&#8217;deki bir vatanda\u015f iki ki\u015fiyi \u00f6ld\u00fcrm\u00fc\u015ft\u00fcr; bunlar tespit edilen vakalar.&#8221; dedi.<\/p>\n\n\n\n<p><strong>Psikolojik Buhran ve Acil Tedbir \u00c7a\u011fr\u0131s\u0131<\/strong><\/p>\n\n\n\n<p>Ekmen, \u00fclkenin b\u00fcy\u00fck bir psikolojik buhran i\u00e7erisinde oldu\u011funu belirterek, Aile Bakanl\u0131\u011f\u0131 ve Sa\u011fl\u0131k Bakanl\u0131\u011f\u0131 ba\u015fta olmak \u00fczere iktidar\u0131n ilgili birimlerini acil tedbirler almaya davet etti. &#8220;\u00dclke b\u00fcy\u00fck bir psikolojik buhran i\u00e7erisindedir, Aile Bakanl\u0131\u011f\u0131 ve Sa\u011fl\u0131k Bakanl\u0131\u011f\u0131 olmak \u00fczere iktidar\u0131n ilgili birimlerini bu duruma kar\u015f\u0131 acil tedbirler almaya davet ediyorum.&#8221; ifadelerini kulland\u0131.<\/p>\n\n\n\n<p>Mehmet Emin Ekmen, genel kurulda yapt\u0131\u011f\u0131 konu\u015fma ile son g\u00fcnlerde artan \u015fiddet olaylar\u0131n\u0131n \u00fclkenin psikolojik sa\u011fl\u0131\u011f\u0131 \u00fczerindeki olumsuz etkilerine dikkat \u00e7ekti. Ekmen, h\u00fck\u00fcmetin ilgili birimlerinin acil tedbirler alarak bu buhran\u0131n \u00f6n\u00fcne ge\u00e7mesi gerekti\u011fini vurgulad\u0131.<\/p>\n","protected":false},"excerpt":{"rendered":"<p>DEVA Partisi Genel Ba\u015fkan Yard\u0131mc\u0131s\u0131 ve Mersin Milletvekili Mehmet Emin Ekmen, TBMM Genel Kurulu&#8217;nda yapt\u0131\u011f\u0131 konu\u015fmada, son k\u0131rk sekiz saat i\u00e7erisinde yurt genelinde ya\u015fanan \u015fiddet olaylar\u0131na dikkat \u00e7ekti. Ekmen, bu durumun \u00fclkenin b\u00fcy\u00fck bir psikolojik buhran i\u00e7erisinde oldu\u011funu g\u00f6sterdi\u011fini belirtti ve acil tedbirler al\u0131nmas\u0131 \u00e7a\u011fr\u0131s\u0131nda bulundu. Son K\u0131rk Sekiz Saatte Ya\u015fanan \u015eiddet Olaylar\u0131 Mehmet Emin [&hellip;]<\/p>\n","protected":false},"author":2,"featured_media":33629,"comment_status":"closed","ping_status":"closed","sticky":false,"template":"","format":"standard","meta":{"footnotes":""},"categories":[3,6],"tags":[],"class_list":["post-34141","post","type-post","status-publish","format-standard","has-post-thumbnail","hentry","category-manset","category-siyaset-2"],"views":6,"_links":{"self":[{"href":"https:\/\/mersinkadingazetesi.com\/index.php?rest_route=\/wp\/v2\/posts\/34141"}],"collection":[{"href":"https:\/\/mersinkadingazetesi.com\/index.php?rest_route=\/wp\/v2\/posts"}],"about":[{"href":"https:\/\/mersinkadingazetesi.com\/index.php?rest_route=\/wp\/v2\/types\/post"}],"author":[{"embeddable":true,"href":"https:\/\/mersinkadingazetesi.com\/index.php?rest_route=\/wp\/v2\/users\/2"}],"replies":[{"embeddable":true,"href":"https:\/\/mersinkadingazetesi.com\/index.php?rest_route=%2Fwp%2Fv2%2Fcomments&post=34141"}],"version-history":[{"count":1,"href":"https:\/\/mersinkadingazetesi.com\/index.php?rest_route=\/wp\/v2\/posts\/34141\/revisions"}],"predecessor-version":[{"id":34142,"href":"https:\/\/mersinkadingazetesi.com\/index.php?rest_route=\/wp\/v2\/posts\/34141\/revisions\/34142"}],"wp:featuredmedia":[{"embeddable":true,"href":"https:\/\/mersinkadingazetesi.com\/index.php?rest_route=\/wp\/v2\/media\/33629"}],"wp:attachment":[{"href":"https:\/\/mersinkadingazetesi.com\/index.php?rest_route=%2Fwp%2Fv2%2Fmedia&parent=34141"}],"wp:term":[{"taxonomy":"category","embeddable":true,"href":"https:\/\/mersinkadingazetesi.com\/index.php?rest_route=%2Fwp%2Fv2%2Fcategories&post=34141"},{"taxonomy":"post_tag","embeddable":true,"href":"https:\/\/mersinkadingazetesi.com\/index.php?rest_route=%2Fwp%2Fv2%2Ftags&post=34141"}],"curies":[{"name":"wp","href":"https:\/\/api.w.org\/{rel}","templated":true}]}}