{"id":34153,"date":"2024-07-29T12:41:02","date_gmt":"2024-07-29T09:41:02","guid":{"rendered":"https:\/\/mersinkadingazetesi.com\/?p=34153"},"modified":"2024-07-29T12:41:02","modified_gmt":"2024-07-29T09:41:02","slug":"basin-ozgurlugu-icin-mucadele-gununde-tarsus-yerel-basin-sergisi-acildi","status":"publish","type":"post","link":"https:\/\/mersinkadingazetesi.com\/?p=34153","title":{"rendered":"Bas\u0131n \u00d6zg\u00fcrl\u00fc\u011f\u00fc \u0130\u00e7in M\u00fccadele G\u00fcn\u00fcnde &#8220;TARSUS YEREL BASIN SERG\u0130S\u0130&#8221; A\u00c7ILDI"},"content":{"rendered":"\n<p>l&nbsp;<strong>K\u00fcrat\u00f6rl\u00fc\u011f\u00fcn\u00fc gazeteci-yazar ve U\u011fur Pi\u015fmanl\u0131k&#8217;\u0131n yapt\u0131\u011f\u0131 &#8220;Tarsus Yerel Bas\u0131n Sergisi&#8221; \u00e7ok say\u0131da bas\u0131n mensubu ve ziyaret\u00e7inin kat\u0131l\u0131m\u0131yla Tadeka binas\u0131nda a\u00e7\u0131ld\u0131.<\/strong><\/p>\n\n\n\n<p>Bas\u0131n \u00d6zg\u00fcrl\u00fc\u011f\u00fc G\u00fcn\u00fc Tarsus&#8217;ta bir sergiyle an\u0131ld\u0131 ve kutland\u0131. 24 Temmuz Sans\u00fcr\u00fcn kald\u0131r\u0131l\u0131\u015f\u0131n\u0131n y\u0131ld\u00f6n\u00fcm\u00fcn\u00fc ve Bas\u0131n \u00d6zg\u00fcrl\u00fc\u011f\u00fc G\u00fcn\u00fc&#8221; nedeniyle Aratos Felsefe dergisinin Yay\u0131n Y\u00f6netmeni, gazeteci-yazar, U\u011fur Pi\u015fmanl\u0131k&#8217;\u0131n k\u00fcrat\u00f6rl\u00fc\u011f\u00fcn\u00fc yapt\u0131\u011f\u0131 ve gazeteci Yakup Boncuk ile Hakan Bulut&#8217;un katk\u0131lar\u0131yla &#8220;Tarsus Yerel Bas\u0131n Sergisi&#8221; Tarsus&#8217;ta Tadeka binas\u0131nda a\u00e7\u0131ld\u0131.<\/p>\n\n\n\n<p>Mersin B\u00fcy\u00fck\u015fehir Belediyesi'(MBB)&nbsp;Kent Kat\u0131l\u0131m\u0131 ve Sivil Toplum ile \u0130li\u015fkiler M\u00fcd\u00fcrl\u00fc\u011f\u00fc b\u00fcnyesinde olu\u015fturulan Tarsus&#8217;a De\u011fer Katanlar (TADEKA) b\u00fcnyesinde a\u00e7\u0131lan&nbsp;&#8220;Tarsus Yerel Bas\u0131n Sergisi&#8221;nin a\u00e7\u0131l\u0131\u015f\u0131na Tadeka kurul s\u00f6zc\u00fc ve \u00fcyeleri, Medya Mensuplar\u0131 Dernek Ba\u015fkan\u0131 Okan \u00c7al\u0131\u015fkan, Tarsus Gazeteciler Cemiyeti Y\u00f6netim Kurulu \u00fcyesi Emre Ge\u00e7im, Yenises gazetesi sahibi Cem Homurlu, Tarsuslu gazeteciler ile \u00e7ok say\u0131da davetli kat\u0131ld\u0131.<\/p>\n\n\n\n<p>A\u00e7\u0131l\u0131\u015f konu\u015fmalar\u0131 ve takdimi Tadeka kurul s\u00f6zc\u00fcs\u00fc Dr. Ali Cerraho\u011flu yapt\u0131,&nbsp;&nbsp;MBB&nbsp;Kent Kat\u0131l\u0131m\u0131 ve Sivil Toplum ile \u0130li\u015fkiler M\u00fcd\u00fcr\u00fc&nbsp;Ba\u015far Ak\u00e7a, yapt\u0131\u011f\u0131 konu\u015fmada, Mersin B\u00fcy\u00fck\u015fehir Belediyesi olarak tarihi bir kent Tarsus&#8217;u \u00f6nemsediklerini ve belediye b\u00fcnyesindeki&nbsp;Tarsus&#8217;a De\u011fer Katanlar (TADEKA) olu\u015fumunun kent i\u00e7in&nbsp;g\u00fczel etkinlikler ger\u00e7ekle\u015ftirmesinden mutlu olduklar\u0131n\u0131 belirterek, &#8220;Tarsus&#8217;un bas\u0131n tarihinin olduk\u00e7a k\u00f6kl\u00fc bir ge\u00e7mi\u015fi var. Bu sergiyle kent belle\u011fini yeniden canland\u0131r\u0131lm\u0131\u015f oldu. Eme\u011fi ge\u00e7en arkada\u015flar\u0131 kutluyor ve te\u015fekk\u00fcr ediyorum. T\u00fcm bas\u0131n \u00e7al\u0131\u015fan\u0131 gazetecilerin bas\u0131n bayram\u0131n\u0131 kutluyorum&#8221; diye konu\u015ftu.<\/p>\n\n\n\n<p>&#8220;Tarsus Yerel Bas\u0131n Sergisi&#8221;nin k\u00fcrat\u00f6r\u00fc U\u011fur Pi\u015fmanl\u0131k ise konu\u015fmas\u0131nda insanl\u0131\u011f\u0131n ilk ileti\u015fim arac\u0131 dil ve i\u015faretle\u015fme oldu\u011funu, zamanla ileti\u015fim ara\u00e7lar\u0131n\u0131n de\u011fi\u015ferek geli\u015fme g\u00f6sterdi\u011fini ve matbaan\u0131n icad\u0131yla gazetenin ortaya \u00e7\u0131kt\u0131\u011f\u0131n\u0131 ifade ederek, &#8220;Gazetecilik mesle\u011fi ger\u00e7e\u011fi aramak, bulmak ve kamuoyuyla payla\u015fmakt\u0131r. Gazetecinin halka kar\u015f\u0131 sorumlulu\u011fu vard\u0131r. Gazeteci boyun e\u011fmez ve bas\u0131n meslek ahlak ve ilkelerine uyar&#8221; dedi. Tarsus bas\u0131n\u0131n tarihi 126 y\u0131l \u00f6ncesine kadar uzand\u0131\u011f\u0131n\u0131 belirten U\u011fur Pi\u015fmanl\u0131k \u015funlar\u0131 s\u00f6yledi, &#8220;Tarsus, gazeteyle ilk kez 1908 y\u0131l\u0131nda tan\u0131\u015f\u0131r. Mehmet Tahir \u00dcnc\u00fc Efendi, 1908 y\u0131l\u0131nda Ermeni e\u015fraf\u0131ndan M\u0131d\u0131rg\u0131\u00e7yan&#8217;\u0131n matbaa makinesini sat\u0131n alarak &#8216;Tarsus&#8217; ad\u0131yla ilk gazeteyi yay\u0131nlamas\u0131yla ba\u015flar. 12 A\u011fustos tarihine kadar a\u00e7\u0131k kalacak olan &#8220;Tarsus Yerel Bas\u0131n Sergisi&#8221;nde g\u00fcn\u00fcm\u00fczden Osmanl\u0131 \u0130mparatorlu\u011fu&#8217;nun son y\u00fcz y\u0131l\u0131 i\u00e7inde 1908&#8217;de yay\u0131n hayat\u0131na ba\u015flayan &#8220;Tarsus&#8221; gazetesinden itibaren Tarsus&#8217;ta \u00e7\u0131kan gazetelerden \u00f6rnekler, bug\u00fcn aram\u0131zda olmayan gazetecilerin ya\u015fam \u00f6yk\u00fcleri, bas\u0131n habercili\u011fi de gazetecilerin haber yap\u0131m\u0131ndan gazetenin haz\u0131rl\u0131k ve bask\u0131 s\u00fcre\u00e7lerinde kullan\u0131lan matbaa makinesi hurufatlar\u0131 (kur\u015fun harfler), foto\u011fraf makinesinden, ses kay\u0131t cihazlar\u0131na, telsizden bas\u0131n kartlar\u0131na kadar pek \u00e7ok malzeme yer alacakt\u0131r. Bu sergi ve Bas\u0131n \u00d6zg\u00fcrl\u00fc\u011f\u00fc i\u00e7in m\u00fccadele g\u00fcn\u00fc nedeniyle d\u00fcnyan\u0131n her k\u00f6\u015fesinde, bas\u0131n meslek ilkeleri ve ahlak\u0131na uyan,emekten yana, yurtsever, ilerici ve ayd\u0131nlanmac\u0131&nbsp; duru\u015fuyla boyun e\u011fmeden haber pe\u015finde ko\u015fan gazeteci meslekta\u015flar\u0131m\u0131z\u0131n Bas\u0131n \u00d6zg\u00fcrl\u00fc\u011f\u00fc G\u00fcn\u00fcn\u00fc kutluyoruz ve do\u011fru habercilik u\u011fruna bedel \u00f6deyip aram\u0131zda olmayanlar\u0131 da sayg\u0131yla an\u0131yoruz. &#8220;Tarsus Yerel Bas\u0131n Sergisi&#8221;ne katk\u0131da bulunarak destek veren \u00e7ok de\u011ferli iki gazeteci arkada\u015f\u0131m\u0131z Yakup Boncuk ile Hakan Bulut&#8217;a da te\u015fekk\u00fcr ediyorum. Ayn\u0131 \u015fekilde Tadeka kurullar\u0131nda g\u00f6rev yapan arkada\u015flar ile eme\u011fi ge\u00e7en g\u00f6revlilere ve y\u00f6neticilerine de te\u015fekk\u00fcr ederim&#8221; diye konu\u015ftu.<\/p>\n\n\n\n<p>K\u00fcrat\u00f6r U\u011fur Pi\u015fmanl\u0131k&#8217;la birlikte katk\u0131da bulunan gazeteci Hakan Bulut ve Yakup Boncuk da birer konu\u015fma yapt\u0131. Hakan Bulut konu\u015fmas\u0131nda Akdeniz gazetesinin \u00e7\u0131k\u0131\u015f \u00f6yk\u00fcs\u00fcn\u00fc anlatt\u0131. Yerel bas\u0131n\u0131n sorunlar\u0131na de\u011findi ve internetle birlikte bas\u0131ndaki de\u011fi\u015fimlere dikkat \u00e7ekerek bu alanda da her \u015feyin dijitalle\u015fti\u011fini s\u00f6yledi.<\/p>\n\n\n\n<p>Gazeteci Yakup Boncuk ise, gazetecili\u011fe da\u011f\u0131t\u0131c\u0131 olarak ba\u015flad\u0131\u011f\u0131n\u0131, matbaada \u00fcrettiplik olarak \u00e7al\u0131\u015ft\u0131\u011f\u0131n\u0131, yerel ve ulusal gazetelerin muhabirlik yapt\u0131\u011f\u0131n\u0131 belirterek, art\u0131k insanlar\u0131n okumad\u0131\u011f\u0131n\u0131, yerel bas\u0131n\u0131n zor \u015fartlar i\u00e7inde oldu\u011funu ifade etti.<\/p>\n\n\n\n<p>Son olarak Medya Mensuplar\u0131 Derne\u011fi Ba\u015fkan\u0131 Okan \u00c7al\u0131\u015fkan ile Tarsus Gazeteciler Cemiyeti Y\u00f6netim Kurulu \u00fcyesi Emre Ge\u00e7im de Tarsus bas\u0131n\u0131 ve gazetecilik \u00fczerine k\u0131sa birer konu\u015fma yapt\u0131lar.<\/p>\n\n\n\n<p>&#8220;Tarsus Yerel Bas\u0131n Sergisi&#8221;nde ayr\u0131ca U\u011fur Pi\u015fmanl\u0131k&#8217;\u0131n yazd\u0131\u011f\u0131 Tarsus Bas\u0131n Tarihi\/100 Y\u0131ll\u0131k \u0130zler&#8221;, U\u011fur Pi\u015fmanl\u0131k ve Yakup Boncuk&#8217;un ortak \u00e7al\u0131\u015fmas\u0131 olan &#8220;Tarsus Yerel Bas\u0131n\u0131&#8221; ile Aratos Felsefe Dergisinin ger\u00e7ekle\u015ftirdi\u011fi Prof. Dr. Cavit Orhan T\u00fctengil Sosyoloji Ara\u015ft\u0131rmalar\u0131 Sempozyumu&#8217;nun ilki olan &#8220;Bas\u0131n Sosyolojisi&#8221; ba\u015fl\u0131kl\u0131 sempozyum kitab\u0131 yer al\u0131yor.<\/p>\n\n\n\n<p>&nbsp;Tarsus Yerel Bas\u0131n Sergisi, 12 A\u011fustos tarihine kadar TADEKA Binas\u0131nda a\u00e7\u0131k kalacak.<\/p>\n","protected":false},"excerpt":{"rendered":"<p>l&nbsp;K\u00fcrat\u00f6rl\u00fc\u011f\u00fcn\u00fc gazeteci-yazar ve U\u011fur Pi\u015fmanl\u0131k&#8217;\u0131n yapt\u0131\u011f\u0131 &#8220;Tarsus Yerel Bas\u0131n Sergisi&#8221; \u00e7ok say\u0131da bas\u0131n mensubu ve ziyaret\u00e7inin kat\u0131l\u0131m\u0131yla Tadeka binas\u0131nda a\u00e7\u0131ld\u0131. Bas\u0131n \u00d6zg\u00fcrl\u00fc\u011f\u00fc G\u00fcn\u00fc Tarsus&#8217;ta bir sergiyle an\u0131ld\u0131 ve kutland\u0131. 24 Temmuz Sans\u00fcr\u00fcn kald\u0131r\u0131l\u0131\u015f\u0131n\u0131n y\u0131ld\u00f6n\u00fcm\u00fcn\u00fc ve Bas\u0131n \u00d6zg\u00fcrl\u00fc\u011f\u00fc G\u00fcn\u00fc&#8221; nedeniyle Aratos Felsefe dergisinin Yay\u0131n Y\u00f6netmeni, gazeteci-yazar, U\u011fur Pi\u015fmanl\u0131k&#8217;\u0131n k\u00fcrat\u00f6rl\u00fc\u011f\u00fcn\u00fc yapt\u0131\u011f\u0131 ve gazeteci Yakup Boncuk ile Hakan [&hellip;]<\/p>\n","protected":false},"author":2,"featured_media":34154,"comment_status":"closed","ping_status":"closed","sticky":false,"template":"","format":"standard","meta":{"footnotes":""},"categories":[1,2,3],"tags":[],"class_list":["post-34153","post","type-post","status-publish","format-standard","has-post-thumbnail","hentry","category-genel","category-gundem","category-manset"],"views":6,"_links":{"self":[{"href":"https:\/\/mersinkadingazetesi.com\/index.php?rest_route=\/wp\/v2\/posts\/34153"}],"collection":[{"href":"https:\/\/mersinkadingazetesi.com\/index.php?rest_route=\/wp\/v2\/posts"}],"about":[{"href":"https:\/\/mersinkadingazetesi.com\/index.php?rest_route=\/wp\/v2\/types\/post"}],"author":[{"embeddable":true,"href":"https:\/\/mersinkadingazetesi.com\/index.php?rest_route=\/wp\/v2\/users\/2"}],"replies":[{"embeddable":true,"href":"https:\/\/mersinkadingazetesi.com\/index.php?rest_route=%2Fwp%2Fv2%2Fcomments&post=34153"}],"version-history":[{"count":1,"href":"https:\/\/mersinkadingazetesi.com\/index.php?rest_route=\/wp\/v2\/posts\/34153\/revisions"}],"predecessor-version":[{"id":34155,"href":"https:\/\/mersinkadingazetesi.com\/index.php?rest_route=\/wp\/v2\/posts\/34153\/revisions\/34155"}],"wp:featuredmedia":[{"embeddable":true,"href":"https:\/\/mersinkadingazetesi.com\/index.php?rest_route=\/wp\/v2\/media\/34154"}],"wp:attachment":[{"href":"https:\/\/mersinkadingazetesi.com\/index.php?rest_route=%2Fwp%2Fv2%2Fmedia&parent=34153"}],"wp:term":[{"taxonomy":"category","embeddable":true,"href":"https:\/\/mersinkadingazetesi.com\/index.php?rest_route=%2Fwp%2Fv2%2Fcategories&post=34153"},{"taxonomy":"post_tag","embeddable":true,"href":"https:\/\/mersinkadingazetesi.com\/index.php?rest_route=%2Fwp%2Fv2%2Ftags&post=34153"}],"curies":[{"name":"wp","href":"https:\/\/api.w.org\/{rel}","templated":true}]}}