{"id":34166,"date":"2024-07-30T12:38:33","date_gmt":"2024-07-30T09:38:33","guid":{"rendered":"https:\/\/mersinkadingazetesi.com\/?p=34166"},"modified":"2024-07-30T12:38:33","modified_gmt":"2024-07-30T09:38:33","slug":"buyuksehirin-egitim-kalitesi-her-gecen-yil-katlanarak-artiyor","status":"publish","type":"post","link":"https:\/\/mersinkadingazetesi.com\/?p=34166","title":{"rendered":"B\u00dcY\u00dcK\u015eEH\u0130R&#8217;\u0130N E\u011e\u0130T\u0130M KAL\u0130TES\u0130 HER GE\u00c7EN YIL KATLANARAK ARTIYOR"},"content":{"rendered":"\n<p>Mersin&#8217;i \u00f6\u011frenci kenti haline getiren Mersin B\u00fcy\u00fck\u015fehir Belediyesi, kentin bir\u00e7ok noktas\u0131nda a\u00e7t\u0131\u011f\u0131 E\u011fitim \u00d6\u011fretimi Destekleme Kurs Merkezlerinden yararlanan \u00f6\u011frencilerin ba\u015far\u0131s\u0131yla gururland\u0131. Sosyal Hizmetler Dairesi Ba\u015fkanl\u0131\u011f\u0131 b\u00fcnyesinde hizmet veren Kurs Merkezleri&#8217;nin ba\u015far\u0131 oran\u0131 profesyonel ekibi ile g\u00fcnden g\u00fcne artarken, dezavantajl\u0131 b\u00f6lgelerde ya\u015fayan aileler ve \u00f6\u011frenciler i\u00e7in umut \u0131\u015f\u0131\u011f\u0131 olmay\u0131 s\u00fcrd\u00fcr\u00fcyor.<\/p>\n\n\n\n<p>Tarsus&#8217;tan Anamur&#8217;a kadar pek \u00e7ok noktada faaliyet g\u00f6steren Kurs Merkezleri&#8217;nde e\u011fitim g\u00f6ren Yusuf P\u0131nar ve Ceren Karak\u00f6y 2024 Liselere Ge\u00e7i\u015f Sistemi (LGS) s\u0131nav\u0131nda il\u00e7e birincisi olarak istedikleri liselere yerle\u015fti. G\u00fclnar&#8217;da ya\u015fayan Yusuf P\u0131nar, B\u00fcy\u00fck\u015fehir ekiplerinin de deste\u011fiyle 90 soruda 2 yanl\u0131\u015f yaparak hayali olan Ey\u00fcp Aygar Fen Lisesi&#8217;ne yerle\u015fti. Ayd\u0131nc\u0131k&#8217;ta ya\u015fayan ve il\u00e7esinde B\u00fcy\u00fck\u015fehir&#8217;in kurs merkezi d\u0131\u015f\u0131nda e\u011fitim alma \u015fans\u0131 olmayan Ceren Karak\u00f6y ise 90 soruda 3 yanl\u0131\u015f yaparak hem il\u00e7e birincisi oldu hem de hayali olan Tarsus Sesim Sarpkaya Fen Lisesi&#8217;ni kazand\u0131.<\/p>\n\n\n\n<p><strong>Anamurluo\u011flu: &#8220;Ayd\u0131nc\u0131k&#8217;ta LGS birincisi \u00e7\u0131karman\u0131n gururunu ya\u015f\u0131yoruz&#8221;<\/strong><\/p>\n\n\n\n<p>LGS birincisi \u00e7\u0131karman\u0131n gururunu ya\u015fad\u0131klar\u0131n\u0131 kaydeden E\u011fitim \u00d6\u011fretimi Destekleme Kurs Merkezi Ayd\u0131nc\u0131k \u015eubesi M\u00fcd\u00fcr\u00fc Erdem Anamurluo\u011flu,&nbsp;<strong>&#8220;Ba\u015far\u0131m\u0131z\u0131n alt\u0131nda yatan en b\u00fcy\u00fck nedenlerden birisi \u00f6\u011fretmen, \u00f6\u011frenci, veli i\u015fbirli\u011fini sa\u011flamakt\u0131r. Bu i\u015fbirli\u011fini sa\u011flamla\u015ft\u0131rmak ad\u0131na her ay \u00f6\u011fretmenlerimiz taraf\u0131ndan veli aramas\u0131 yap\u0131lmakta olup, her \u00f6\u011frencimizin evine ziyaret yapmaktay\u0131z. Ayr\u0131ca \u00f6\u011frencilerimize her bran\u015ftan soru bankas\u0131n\u0131n yan\u0131 s\u0131ra haftal\u0131k \u00fccretsiz deneme s\u0131navlar\u0131 yap\u0131lmaktad\u0131r. Velilerimizden ald\u0131\u011f\u0131m\u0131z memnuniyet ve ortaya koydu\u011fumuz ba\u015far\u0131 bizleri mutlu etmektedir. \u00d6n\u00fcm\u00fczdeki y\u0131lda daha ba\u015far\u0131l\u0131 olmak ad\u0131na elimizden geleni yapmaya devam edece\u011fiz&#8221;<\/strong>&nbsp;s\u00f6zlerine yer verdi.<\/p>\n\n\n\n<p>Ayd\u0131nc\u0131k&#8217;ta \u00f6\u011frencilerin gidebilece\u011fi ba\u015fka kurs merkezi olmamas\u0131ndan dolay\u0131 \u00e7ok k\u0131ymetli bir hizmet verdiklerini belirten Anamurluo\u011flu,&nbsp;<strong>&#8220;\u00d6\u011frencilerimizin yan\u0131nda oldu\u011fu ve e\u011fitimde f\u0131rsat e\u015fitli\u011fini sa\u011flad\u0131\u011f\u0131 i\u00e7in Ba\u015fkan\u0131m\u0131z Say\u0131n Vahap Se\u00e7er&#8217;e te\u015fekk\u00fcr ediyoruz. Her y\u0131l il\u00e7emizde birinci \u00e7\u0131kar\u0131yoruz&#8221;<\/strong>&nbsp;diye konu\u015ftu.<\/p>\n\n\n\n<p><strong>Geyik: &#8220;G\u00fclnar&#8217;da gelenek yine bozulmad\u0131&#8221;<\/strong><\/p>\n\n\n\n<p>Mersin B\u00fcy\u00fck\u015fehir Belediyesi E\u011fitim \u00d6\u011fretimi Destekleme Kurs Merkezi G\u00fclnar \u015eubesi sorumlusu ve rehber \u00f6\u011fretmeni Cansu Geyik ise,&nbsp;<strong>&#8220;G\u00fclnar&#8217;da gelenek yine bozulmad\u0131. Ge\u00e7ti\u011fimiz iki y\u0131lda oldu\u011fu gibi bu y\u0131lda il\u00e7e birincisi G\u00fclnar Kurs Merkezi&#8217;mize kay\u0131tl\u0131 \u00f6\u011frencimiz oldu. \u00d6\u011frencimizin \u00f6zverili \u00e7al\u0131\u015fmas\u0131 ve disiplini sayesinde ailesi ve \u00f6\u011fretmenlerinin deste\u011fiyle birlikte hayallerindeki Ey\u00fcp Aygar Fen Lisesi&#8217;ni kazanm\u0131\u015f olmas\u0131n\u0131n mutlulu\u011funu hep birlikte ya\u015f\u0131yoruz&#8221;<\/strong>&nbsp;dedi. 2024-2025 e\u011fitim-\u00f6\u011fretim y\u0131l\u0131 i\u00e7in hedeflerinin daha b\u00fcy\u00fck oldu\u011funu s\u00f6yleyen Geyik,&nbsp;<strong>&#8220;Gelenek haline getirdi\u011fimiz bu ba\u015far\u0131m\u0131z\u0131 \u00f6n\u00fcm\u00fczdeki y\u0131l daha da art\u0131rarak ba\u015far\u0131dan ba\u015far\u0131ya ko\u015fmay\u0131 hedefliyoruz. G\u00fclnar&#8217;da e\u011fitim \u00f6\u011fretim g\u00f6ren t\u00fcm \u00f6\u011frencilerimizi G\u00fclnar Kurs Merkezimize bekliyoruz. G\u00fclnar dezavantajl\u0131 bir b\u00f6lge \u00f6\u011frencilerimiz i\u00e7in bu anlamda \u00f6\u011frencilerimize f\u0131rsat e\u015fitli\u011fi sunmaya \u00e7al\u0131\u015f\u0131yoruz. T\u00fcm bran\u015flarda \u00f6\u011frencilerimize destek sa\u011fl\u0131yoruz&#8221;<\/strong>&nbsp;\u015feklinde konu\u015ftu.<\/p>\n\n\n\n<p><strong>\u00d6\u011frenciler hem memnun hem gururlu hem de mutlu<\/strong><\/p>\n\n\n\n<p>Birebir et\u00fctler, \u00fccretsiz deneme s\u0131navlar\u0131 ve soru bankalar\u0131n\u0131n yan\u0131 s\u0131ra \u00f6\u011fretmenlerinin de deste\u011fiyle ba\u015far\u0131l\u0131 oldu\u011funu aktaran LGS G\u00fclnar il\u00e7e birincisi Yusuf P\u0131nar,&nbsp;<strong>&#8220;Bu s\u00fcre\u00e7te bilgi yar\u0131\u015fmalar\u0131, motivasyon etkinlikleri gibi bir\u00e7ok etkinlik d\u00fczenlendi ve bu etkinliklerden birisi olan Fen lisesi gezisi beni daha \u00e7ok motive etti. LGS&#8217;de 90 soruda 2 yanl\u0131\u015f yaparak 0,29&#8217;luk dilime girdim. G\u00fclnar LGS birincisi oldum ve hayalim olan Ey\u00fcp Aygar Fen Lisesi&#8217;ni kazand\u0131m. Ba\u015fta sevgili aileme eme\u011fi ge\u00e7en t\u00fcm \u00f6\u011fretmenlerime ve bu imkan\u0131 bize sa\u011flayan Mersin B\u00fcy\u00fck\u015fehir Belediye Ba\u015fkan\u0131 Vahap Se\u00e7er&#8217;e te\u015fekk\u00fcr ederim&#8221;<\/strong>&nbsp;dedi.<\/p>\n\n\n\n<p>Zorlu ve stresli bir s\u0131nav senesi ge\u00e7irdi\u011fini kaydeden LGS Ayd\u0131nc\u0131k il\u00e7e birincisi Ceren Karak\u00f6y ise,&nbsp;<strong>&#8220;\u00c7ok \u00e7al\u0131\u015ft\u0131m ama sonucu g\u00fczel, istedi\u011fim fen lisesini kazand\u0131m o y\u00fczden mutluyum. 1,77&#8217;lik dilime girdim&#8221;<\/strong>&nbsp;diye konu\u015ftu. Ayd\u0131nc\u0131k&#8217;ta kurs merkezi olmad\u0131\u011f\u0131n\u0131 ve ba\u015fka il\u00e7elerde olanlar\u0131n ise y\u00fcksek fiyatl\u0131 oldu\u011funu belirten Karak\u00f6y,&nbsp;<strong>&#8220;\u00d6\u011fretmenler \u00e7ok iyiydi, hem g\u00fczel anlat\u0131yorlar hem herhangi bir sorunumuz oldu\u011funda bizi dinliyorlar, yard\u0131mc\u0131 oluyorlar&#8221;<\/strong>&nbsp;diyerek, verilen hizmetin \u00e7ok iyi oldu\u011funu kaydetti. Hayal etti\u011fi okulu kazand\u0131\u011f\u0131 i\u00e7in \u00e7ok gururlu ve mutlu oldu\u011funu s\u00f6yleyen Karak\u00f6y,&nbsp;<strong>&#8220;Hem okul \u00f6\u011fretmenlerime hem buradaki kurs \u00f6\u011fretmenlerime \u00e7ok te\u015fekk\u00fcr ediyorum \u00e7\u00fcnk\u00fc \u00e7ok emekleri var, \u00e7ok yard\u0131mc\u0131 oldular. O y\u00fczden \u00e7ok gururluyum, mutluyum ve hedefime ula\u015fm\u0131\u015f olmak beni mutlu ediyor. Kurs \u00f6\u011fretmenlerime ve Mersin Belediye Ba\u015fkan\u0131 Vahap Se\u00e7er&#8217;e bize b\u00f6yle bir imkan sa\u011flad\u0131\u011f\u0131 i\u00e7in te\u015fekk\u00fcr ederim&#8221;<\/strong>&nbsp;\u015feklinde konu\u015ftu.<\/p>\n","protected":false},"excerpt":{"rendered":"<p>Mersin&#8217;i \u00f6\u011frenci kenti haline getiren Mersin B\u00fcy\u00fck\u015fehir Belediyesi, kentin bir\u00e7ok noktas\u0131nda a\u00e7t\u0131\u011f\u0131 E\u011fitim \u00d6\u011fretimi Destekleme Kurs Merkezlerinden yararlanan \u00f6\u011frencilerin ba\u015far\u0131s\u0131yla gururland\u0131. Sosyal Hizmetler Dairesi Ba\u015fkanl\u0131\u011f\u0131 b\u00fcnyesinde hizmet veren Kurs Merkezleri&#8217;nin ba\u015far\u0131 oran\u0131 profesyonel ekibi ile g\u00fcnden g\u00fcne artarken, dezavantajl\u0131 b\u00f6lgelerde ya\u015fayan aileler ve \u00f6\u011frenciler i\u00e7in umut \u0131\u015f\u0131\u011f\u0131 olmay\u0131 s\u00fcrd\u00fcr\u00fcyor. Tarsus&#8217;tan Anamur&#8217;a kadar pek \u00e7ok noktada [&hellip;]<\/p>\n","protected":false},"author":2,"featured_media":34167,"comment_status":"closed","ping_status":"closed","sticky":false,"template":"","format":"standard","meta":{"footnotes":""},"categories":[2,3],"tags":[],"class_list":["post-34166","post","type-post","status-publish","format-standard","has-post-thumbnail","hentry","category-gundem","category-manset"],"views":3,"_links":{"self":[{"href":"https:\/\/mersinkadingazetesi.com\/index.php?rest_route=\/wp\/v2\/posts\/34166"}],"collection":[{"href":"https:\/\/mersinkadingazetesi.com\/index.php?rest_route=\/wp\/v2\/posts"}],"about":[{"href":"https:\/\/mersinkadingazetesi.com\/index.php?rest_route=\/wp\/v2\/types\/post"}],"author":[{"embeddable":true,"href":"https:\/\/mersinkadingazetesi.com\/index.php?rest_route=\/wp\/v2\/users\/2"}],"replies":[{"embeddable":true,"href":"https:\/\/mersinkadingazetesi.com\/index.php?rest_route=%2Fwp%2Fv2%2Fcomments&post=34166"}],"version-history":[{"count":1,"href":"https:\/\/mersinkadingazetesi.com\/index.php?rest_route=\/wp\/v2\/posts\/34166\/revisions"}],"predecessor-version":[{"id":34168,"href":"https:\/\/mersinkadingazetesi.com\/index.php?rest_route=\/wp\/v2\/posts\/34166\/revisions\/34168"}],"wp:featuredmedia":[{"embeddable":true,"href":"https:\/\/mersinkadingazetesi.com\/index.php?rest_route=\/wp\/v2\/media\/34167"}],"wp:attachment":[{"href":"https:\/\/mersinkadingazetesi.com\/index.php?rest_route=%2Fwp%2Fv2%2Fmedia&parent=34166"}],"wp:term":[{"taxonomy":"category","embeddable":true,"href":"https:\/\/mersinkadingazetesi.com\/index.php?rest_route=%2Fwp%2Fv2%2Fcategories&post=34166"},{"taxonomy":"post_tag","embeddable":true,"href":"https:\/\/mersinkadingazetesi.com\/index.php?rest_route=%2Fwp%2Fv2%2Ftags&post=34166"}],"curies":[{"name":"wp","href":"https:\/\/api.w.org\/{rel}","templated":true}]}}