{"id":34175,"date":"2024-07-30T12:45:42","date_gmt":"2024-07-30T09:45:42","guid":{"rendered":"https:\/\/mersinkadingazetesi.com\/?p=34175"},"modified":"2024-07-30T12:45:42","modified_gmt":"2024-07-30T09:45:42","slug":"ekmen-guvenli-sokaklar-icin-iktidar-niye-sorumluluk-almiyor","status":"publish","type":"post","link":"https:\/\/mersinkadingazetesi.com\/?p=34175","title":{"rendered":"Ekmen: &#8220;G\u00fcvenli sokaklar i\u00e7in iktidar niye sorumluluk alm\u0131yor?&#8221;\u00a0"},"content":{"rendered":"\n<p><strong>DEVA Partisi Genel Ba\u015fkan Yard\u0131mc\u0131s\u0131 ve Mersin Milletvekili Mehmet Emin Ekmen, TBMM&#8217;de sokak hayvanlar\u0131na ili\u015fkin kanun d\u00fczenlemesi g\u00f6r\u00fc\u015f\u00fcl\u00fcrken \u00f6nemli a\u00e7\u0131klamalarda bulundu. Ekmen, teklifin aceleyle yasala\u015ft\u0131r\u0131ld\u0131\u011f\u0131n\u0131 ancak yasan\u0131n sonu\u00e7lar\u0131n\u0131n ne zaman al\u0131naca\u011f\u0131n\u0131n belli olmad\u0131\u011f\u0131n\u0131 belirtti.<\/strong><\/p>\n\n\n\n<figure class=\"wp-block-image\"><img decoding=\"async\" src=\"https:\/\/mail.hostinger.com\/program\/resources\/blocked.gif\" alt=\"\"\/><\/figure>\n\n\n\n<p>Ekmen, kanun teklifinin soru cevap k\u0131sm\u0131nda;&nbsp; &#8220;\u00d6yle anla\u015f\u0131l\u0131yor ki b\u00fct\u00fcn itirazlara ra\u011fmen teklif bu gece yasala\u015facakt\u0131r. Bu mesele o kadar \u00f6nemsendi ki yarg\u0131 paketi, t\u00fcketici haklar\u0131 yasas\u0131, hatta \u00f6\u011fretmenlik meslek kanunu dahi ekim ay\u0131na \u00f6telendi,&#8221; dedi.<\/p>\n\n\n\n<p>Ekmen devamla, &#8220;Birinci sorum, yerel y\u00f6netimlerin yetkilerini her ge\u00e7en g\u00fcn k\u0131s\u0131tlayan iktidar, bu kadar \u00f6nemsenen bir yasada neden herhangi bir merkez\u00ee h\u00fck\u00fbmet birimine sorumluluk vermekten ka\u00e7\u0131nm\u0131\u015ft\u0131r? \u00c7evre, tar\u0131m ve orman il m\u00fcd\u00fcrl\u00fckleri, valilik ve kaymakaml\u0131klar\u0131n g\u00f6revlendirilmesi ve sorumluluk almas\u0131ndan \u00f6zenle ka\u00e7\u0131n\u0131lmas\u0131n\u0131n sebebi nedir?&#8221; diye sordu.<\/p>\n\n\n\n<p><strong>Bar\u0131naklar\u0131n \u0130n\u015fas\u0131 ve Yasan\u0131n Y\u00fcr\u00fcrl\u00fck Tarihi<\/strong><\/p>\n\n\n\n<p>Ekmen, kanun teklifinin en \u00f6nemli maddelerinden biri olan bar\u0131naklar\u0131n in\u015fas\u0131na dair y\u00fcr\u00fcrl\u00fck tarihinin 2028 y\u0131l\u0131na ertelendi\u011fini vurgulad\u0131. &#8220;\u0130kinci sorum, bu yasan\u0131n maddelerine bakt\u0131\u011f\u0131m\u0131zda en \u00f6nemli maddelerden biri olan bar\u0131naklar\u0131n in\u015fas\u0131na dair y\u00fcr\u00fcrl\u00fck tarihinin 2028 y\u0131l\u0131na ertelendi\u011fini g\u00f6r\u00fcyoruz. Merak\u0131m \u015fudur: Bu yasa bu gece buradan ge\u00e7irildikten sonra \u00f6n\u00fcm\u00fczdeki \u00fc\u00e7 ay, alt\u0131 ay ve bir y\u0131l i\u00e7in projeksiyonlar yap\u0131lm\u0131\u015f m\u0131d\u0131r? Bu yasan\u0131n y\u00fcr\u00fcrl\u00fc\u011fe girmesiyle sorun hangi takvimde \u00e7\u00f6z\u00fclecektir?&#8221; ifadelerini kulland\u0131.<\/p>\n\n\n\n<p>Ekmen bu sorularla yasadan beklenen faydan\u0131n ger\u00e7ekle\u015femeyece\u011fini, bu yasa ile birlikte belediyelerin ele\u015ftirilerek, belediyeler \u00fczerinde kullan\u0131lacak bir vesayet arac\u0131n\u0131n olu\u015fturuldu\u011funu ifade etti.<\/p>\n","protected":false},"excerpt":{"rendered":"<p>DEVA Partisi Genel Ba\u015fkan Yard\u0131mc\u0131s\u0131 ve Mersin Milletvekili Mehmet Emin Ekmen, TBMM&#8217;de sokak hayvanlar\u0131na ili\u015fkin kanun d\u00fczenlemesi g\u00f6r\u00fc\u015f\u00fcl\u00fcrken \u00f6nemli a\u00e7\u0131klamalarda bulundu. Ekmen, teklifin aceleyle yasala\u015ft\u0131r\u0131ld\u0131\u011f\u0131n\u0131 ancak yasan\u0131n sonu\u00e7lar\u0131n\u0131n ne zaman al\u0131naca\u011f\u0131n\u0131n belli olmad\u0131\u011f\u0131n\u0131 belirtti. Ekmen, kanun teklifinin soru cevap k\u0131sm\u0131nda;&nbsp; &#8220;\u00d6yle anla\u015f\u0131l\u0131yor ki b\u00fct\u00fcn itirazlara ra\u011fmen teklif bu gece yasala\u015facakt\u0131r. Bu mesele o kadar \u00f6nemsendi [&hellip;]<\/p>\n","protected":false},"author":2,"featured_media":33629,"comment_status":"closed","ping_status":"closed","sticky":false,"template":"","format":"standard","meta":{"footnotes":""},"categories":[1,2,3,6],"tags":[],"class_list":["post-34175","post","type-post","status-publish","format-standard","has-post-thumbnail","hentry","category-genel","category-gundem","category-manset","category-siyaset-2"],"views":3,"_links":{"self":[{"href":"https:\/\/mersinkadingazetesi.com\/index.php?rest_route=\/wp\/v2\/posts\/34175"}],"collection":[{"href":"https:\/\/mersinkadingazetesi.com\/index.php?rest_route=\/wp\/v2\/posts"}],"about":[{"href":"https:\/\/mersinkadingazetesi.com\/index.php?rest_route=\/wp\/v2\/types\/post"}],"author":[{"embeddable":true,"href":"https:\/\/mersinkadingazetesi.com\/index.php?rest_route=\/wp\/v2\/users\/2"}],"replies":[{"embeddable":true,"href":"https:\/\/mersinkadingazetesi.com\/index.php?rest_route=%2Fwp%2Fv2%2Fcomments&post=34175"}],"version-history":[{"count":1,"href":"https:\/\/mersinkadingazetesi.com\/index.php?rest_route=\/wp\/v2\/posts\/34175\/revisions"}],"predecessor-version":[{"id":34176,"href":"https:\/\/mersinkadingazetesi.com\/index.php?rest_route=\/wp\/v2\/posts\/34175\/revisions\/34176"}],"wp:featuredmedia":[{"embeddable":true,"href":"https:\/\/mersinkadingazetesi.com\/index.php?rest_route=\/wp\/v2\/media\/33629"}],"wp:attachment":[{"href":"https:\/\/mersinkadingazetesi.com\/index.php?rest_route=%2Fwp%2Fv2%2Fmedia&parent=34175"}],"wp:term":[{"taxonomy":"category","embeddable":true,"href":"https:\/\/mersinkadingazetesi.com\/index.php?rest_route=%2Fwp%2Fv2%2Fcategories&post=34175"},{"taxonomy":"post_tag","embeddable":true,"href":"https:\/\/mersinkadingazetesi.com\/index.php?rest_route=%2Fwp%2Fv2%2Ftags&post=34175"}],"curies":[{"name":"wp","href":"https:\/\/api.w.org\/{rel}","templated":true}]}}