{"id":34180,"date":"2024-07-30T12:48:54","date_gmt":"2024-07-30T09:48:54","guid":{"rendered":"https:\/\/mersinkadingazetesi.com\/?p=34180"},"modified":"2024-07-30T12:48:55","modified_gmt":"2024-07-30T09:48:55","slug":"baskan-tuncer-turkiyenin-en-basarili-ilce-belediye-baskani-secildi","status":"publish","type":"post","link":"https:\/\/mersinkadingazetesi.com\/?p=34180","title":{"rendered":"BA\u015eKAN TUNCER T\u00dcRK\u0130YE&#8217;N\u0130N EN BA\u015eARILI \u0130L\u00c7E BELED\u0130YE BA\u015eKANI SE\u00c7\u0130LD\u0130"},"content":{"rendered":"\n<p>Mezitli Belediye Ba\u015fkan\u0131 Ahmet Serkan Tuncer, ORC Ara\u015ft\u0131rma \u015eirketi taraf\u0131ndan ger\u00e7ekle\u015ftirilen yerel y\u00f6netimler memnuniyet ara\u015ft\u0131rmas\u0131nda, se\u00e7im sonras\u0131 yapt\u0131\u011f\u0131 \u00e7al\u0131\u015fmalarla vatanda\u015f memnuniyet d\u00fczeyi en y\u00fcksek b\u00fcy\u00fck\u015fehir il\u00e7e belediye ba\u015fkanlar\u0131 listesinde zirvede yer ald\u0131. Ba\u015fkan Tuncer, halk\u0131n be\u011fenileriyle T\u00fcrkiye&#8217;nin en ba\u015far\u0131l\u0131 birinci il\u00e7e belediye ba\u015fkan\u0131 olarak se\u00e7ildi.<\/p>\n\n\n\n<p>ORC Ara\u015ft\u0131rma \u015eirketi&#8217;nin ger\u00e7ekle\u015ftirdi\u011fi yerel y\u00f6netimler memnuniyet ara\u015ft\u0131rmas\u0131 sonu\u00e7lar\u0131na g\u00f6re, Ba\u015fkan Tuncer, y\u00fczde 64.7 memnuniyet oran\u0131yla &#8220;Se\u00e7im Sonras\u0131 Yapt\u0131klar\u0131 \u00c7al\u0131\u015fmalarla En Ba\u015far\u0131l\u0131 B\u00fcy\u00fck\u015fehir \u0130l\u00e7e Belediye Ba\u015fkanlar\u0131&#8221; listesinde birinci s\u0131rada yer ald\u0131. Tuncer, vizyon projelerle sadece bug\u00fcn\u00fcn de\u011fil, Mezitli halk\u0131n\u0131n yar\u0131n\u0131n\u0131 da d\u00fc\u015f\u00fcnd\u00fcklerini belirterek, vatanda\u015fla g\u00f6n\u00fcl ba\u011f\u0131 kurulan her proje ve \u00e7al\u0131\u015fman\u0131n ba\u015far\u0131ya ula\u015faca\u011f\u0131n\u0131 ifade etti.<\/p>\n\n\n\n<p><strong>&#8220;B\u0130Z\u0130M ORTAK NOKTAMIZ, ORTAK SEVG\u0130M\u0130Z MEZ\u0130TL\u0130&#8221;<\/strong><\/p>\n\n\n\n<p>Ba\u015fkan Tuncer yapt\u0131\u011f\u0131 a\u00e7\u0131klamada, &#8220;Mezitlimize hizmet etme a\u015fk\u0131yla \u00e7\u0131kt\u0131\u011f\u0131m\u0131z yolda hi\u00e7 durmadan \u00e7al\u0131\u015fmam\u0131z ve kentimizi hak etti\u011fi noktaya ta\u015f\u0131ma gayretimiz, halk\u0131m\u0131z\u0131n takdiriyle bizleri &#8220;En Ba\u015far\u0131l\u0131 B\u00fcy\u00fck\u015fehir \u0130l\u00e7e Belediye Ba\u015fkanlar\u0131&#8221; aras\u0131na bir kez daha ta\u015f\u0131d\u0131. Bunun gururunu ya\u015f\u0131yor; te\u015fekk\u00fcr ediyoruz. Bizim ortak noktam\u0131z, ortak sevgimiz Mezitli. Kentimiz i\u00e7in durmadan \u00e7al\u0131\u015fmaya devam edece\u011fiz.&#8221; ifadelerini kulland\u0131.<\/p>\n","protected":false},"excerpt":{"rendered":"<p>Mezitli Belediye Ba\u015fkan\u0131 Ahmet Serkan Tuncer, ORC Ara\u015ft\u0131rma \u015eirketi taraf\u0131ndan ger\u00e7ekle\u015ftirilen yerel y\u00f6netimler memnuniyet ara\u015ft\u0131rmas\u0131nda, se\u00e7im sonras\u0131 yapt\u0131\u011f\u0131 \u00e7al\u0131\u015fmalarla vatanda\u015f memnuniyet d\u00fczeyi en y\u00fcksek b\u00fcy\u00fck\u015fehir il\u00e7e belediye ba\u015fkanlar\u0131 listesinde zirvede yer ald\u0131. Ba\u015fkan Tuncer, halk\u0131n be\u011fenileriyle T\u00fcrkiye&#8217;nin en ba\u015far\u0131l\u0131 birinci il\u00e7e belediye ba\u015fkan\u0131 olarak se\u00e7ildi. ORC Ara\u015ft\u0131rma \u015eirketi&#8217;nin ger\u00e7ekle\u015ftirdi\u011fi yerel y\u00f6netimler memnuniyet ara\u015ft\u0131rmas\u0131 sonu\u00e7lar\u0131na g\u00f6re, [&hellip;]<\/p>\n","protected":false},"author":2,"featured_media":34181,"comment_status":"closed","ping_status":"closed","sticky":false,"template":"","format":"standard","meta":{"footnotes":""},"categories":[34,2,3],"tags":[],"class_list":["post-34180","post","type-post","status-publish","format-standard","has-post-thumbnail","hentry","category-flas-haber","category-gundem","category-manset"],"views":2,"_links":{"self":[{"href":"https:\/\/mersinkadingazetesi.com\/index.php?rest_route=\/wp\/v2\/posts\/34180"}],"collection":[{"href":"https:\/\/mersinkadingazetesi.com\/index.php?rest_route=\/wp\/v2\/posts"}],"about":[{"href":"https:\/\/mersinkadingazetesi.com\/index.php?rest_route=\/wp\/v2\/types\/post"}],"author":[{"embeddable":true,"href":"https:\/\/mersinkadingazetesi.com\/index.php?rest_route=\/wp\/v2\/users\/2"}],"replies":[{"embeddable":true,"href":"https:\/\/mersinkadingazetesi.com\/index.php?rest_route=%2Fwp%2Fv2%2Fcomments&post=34180"}],"version-history":[{"count":1,"href":"https:\/\/mersinkadingazetesi.com\/index.php?rest_route=\/wp\/v2\/posts\/34180\/revisions"}],"predecessor-version":[{"id":34182,"href":"https:\/\/mersinkadingazetesi.com\/index.php?rest_route=\/wp\/v2\/posts\/34180\/revisions\/34182"}],"wp:featuredmedia":[{"embeddable":true,"href":"https:\/\/mersinkadingazetesi.com\/index.php?rest_route=\/wp\/v2\/media\/34181"}],"wp:attachment":[{"href":"https:\/\/mersinkadingazetesi.com\/index.php?rest_route=%2Fwp%2Fv2%2Fmedia&parent=34180"}],"wp:term":[{"taxonomy":"category","embeddable":true,"href":"https:\/\/mersinkadingazetesi.com\/index.php?rest_route=%2Fwp%2Fv2%2Fcategories&post=34180"},{"taxonomy":"post_tag","embeddable":true,"href":"https:\/\/mersinkadingazetesi.com\/index.php?rest_route=%2Fwp%2Fv2%2Ftags&post=34180"}],"curies":[{"name":"wp","href":"https:\/\/api.w.org\/{rel}","templated":true}]}}