{"id":34183,"date":"2024-07-30T12:50:18","date_gmt":"2024-07-30T09:50:18","guid":{"rendered":"https:\/\/mersinkadingazetesi.com\/?p=34183"},"modified":"2024-07-30T12:50:18","modified_gmt":"2024-07-30T09:50:18","slug":"12-kilometre-tunel-ve-viyaduk-insa-edilecek","status":"publish","type":"post","link":"https:\/\/mersinkadingazetesi.com\/?p=34183","title":{"rendered":"12 K\u0130LOMETRE T\u00dcNEL VE V\u0130YAD\u00dcK \u0130N\u015eA ED\u0130LECEK"},"content":{"rendered":"\n<p><strong>Ula\u015ft\u0131rma ve Altyap\u0131 Bakan\u0131 Abdulkadir Uralo\u011flu, \u00c7e\u015fmeli- Erdemli- Silifke- Ta\u015fucu otoyolu Projesi \u00c7e\u015fmeli- K\u0131zkalesi Kesimi&#8217;nde incelemelerde bulundu. 42 kilometre ana g\u00f6vde ve 11 kilometre ba\u011flant\u0131 yolu olmak \u00fczere toplam 53 kilometrelik bir yol in\u015fa ettiklerini ifade eden Bakan Uralo\u011flu, proje sayesinde y\u00fcksek standartl\u0131, konforlu ve daha k\u0131sa s\u00fcreli ula\u015f\u0131m imk\u00e2n\u0131 sa\u011flayacaklar\u0131n\u0131 s\u00f6yledi. 42 kilometrelik ana g\u00f6vdesi bulunan projenin 12 kilometrelik kesiminin 7 t\u00fcnel ve 5 viyad\u00fckten olu\u015ftu\u011funu aktaran Uralo\u011flu, proje tamamland\u0131\u011f\u0131nda 2,5 saat s\u00fcren seyahat s\u00fcresinin 18 dakikaya d\u00fc\u015fece\u011fini kaydetti. Bakan Uralo\u011flu, &#8220;\u00c7ukurova Uluslararas\u0131 Havaliman\u0131 ile birlikte Mersinimizin geli\u015fimine katk\u0131 sa\u011flayacak bu otoyol projesini 3 y\u0131l i\u00e7erisinde tamamlamay\u0131 hedefliyoruz.&#8221; dedi.<\/strong><\/p>\n\n\n\n<p>Ula\u015ft\u0131rma ve Altyap\u0131 Bakan\u0131 Abdulkadir Uralo\u011flu, Mersin&#8217;de yap\u0131m\u0131 devam eden \u00c7e\u015fmeli-Erdemli-Silifke-Ta\u015fucu Otoyolunda incelemelerde bulundu. Otoyol \u00e7al\u0131\u015fmalar\u0131nda gelinen son a\u015fama hakk\u0131nda a\u00e7\u0131klamalarda bulunan Bakan Uralo\u011flu, &#8220;\u00c7al\u0131\u015fmalar\u0131m\u0131z yo\u011fun bir \u015fekilde devam ediyor. 42 kilometre ana g\u00f6vde, 11 kilometre ba\u011flant\u0131 yolu olmak \u00fczere toplam 53 kilometrelik bir yol in\u015fa ediyoruz. Bu g\u00fczergahta trafi\u011fin en \u00e7ok s\u0131k\u0131\u015ft\u0131\u011f\u0131 K\u0131zkalesi&#8217;ne kadar olan kesimi bu projeyle in\u015fallah \u00e7\u00f6zm\u00fc\u015f olaca\u011f\u0131z.&#8221; \u015feklinde konu\u015ftu.<\/p>\n\n\n\n<p>Bakan Uralo\u011flu, trafik yo\u011funlu\u011funun az oldu\u011fu d\u00f6nemde 35 bin, yo\u011fun oldu\u011fu d\u00f6nemde ise yakla\u015f\u0131k 70 bin araca hizmet veren g\u00fczergahta, 45 kilometrelik kesimin mevcut durumda 2,5 saatte kat edildi\u011fini vurgulayarak, &#8220;42 kilometrelik ana g\u00f6vdenin yakla\u015f\u0131k 12 kilometresi projenin neredeyse y\u00fczde 30&#8217;una denk gelen b\u00f6l\u00fcm\u00fc 7 t\u00fcnel ve 5 viyad\u00fckten olu\u015fuyor. Standard\u0131 y\u00fcksek 3 gidi\u015f 3 geli\u015f olmak \u00fczere projelendirdi\u011fimiz bir yol tamamland\u0131\u011f\u0131nda burada biraz \u00f6nce bahsetti\u011fimiz 2,5 saatlik trafi\u011fi 18 dakikada ge\u00e7ebilece\u011fimiz, Mersin&#8217;imizin geli\u015fimine katk\u0131 sa\u011flayacak \u00f6nemli bir proje. Yolumuz karbon emisyonunu 17 bin 80 ton azaltacak, akaryak\u0131ttan 132 milyon lira, zamandan 638 milyon lira olmak \u00fczere toplam 770 milyon lira tasarruf sa\u011flayacak. Ayn\u0131 \u015fekilde turizmine de katk\u0131 sa\u011flayacak. \u00d6zellikle \u00c7ukurova Uluslararas\u0131 Havaliman\u0131m\u0131z\u0131n 12 g\u00fcn sonra a\u00e7\u0131lmas\u0131yla \u00e7ok daha geli\u015febilecek olan bir projeden bahsediyoruz.&#8221; \u0130fadelerini kulland\u0131.<\/p>\n\n\n\n<p>G\u00fczerg\u00e2h boyunca k\u0131ymetli arazilerin ve seralar\u0131n bulundu\u011funu vurgulayarak adeta i\u011fneyle kuyu kazd\u0131klar\u0131n\u0131 ve titizlikle \u00e7al\u0131\u015ft\u0131klar\u0131n\u0131 s\u00f6yleyen Bakan Uralo\u011flu s\u00f6zlerine \u015fu \u015fekilde devam etti:<\/p>\n\n\n\n<p>&#8220;\u015eu anda sahada 204 makinemiz ile yakla\u015f\u0131k bin 330 personelimiz var. \u0130n\u015fallah bundan sonra h\u0131zlanarak makine say\u0131m\u0131z 500&#8217;lere yakla\u015facak, personelimiz de yakla\u015f\u0131k 3 bine \u00e7\u0131kacak. Buradaki tabii koruma alanlar\u0131, vatanda\u015flar\u0131m\u0131z\u0131n tar\u0131m arazileri var. B\u00fct\u00fcn hassasiyetlere dikkat ederek \u00e7al\u0131\u015f\u0131yoruz. H\u0131zl\u0131 bir \u015fekilde sahaya yay\u0131ld\u0131k. \u015eu anda sadece y\u00fczde 60 kapasiteyle \u00e7al\u0131\u015f\u0131yoruz. \u0130lerleyen g\u00fcnlerde bunu y\u00fczde 90&#8217;lara y\u00fczde 100&#8217;lere de yakla\u015ft\u0131rarak buray\u0131 k\u0131sa s\u00fcrede bitirmi\u015f olaca\u011f\u0131z. \u00d6n\u00fcm\u00fcze bir m\u00e2ni \u00e7\u0131kmasa 3 y\u0131l i\u00e7erisinde projeyi bitirmeyi hedefliyoruz.&#8221;<\/p>\n","protected":false},"excerpt":{"rendered":"<p>Ula\u015ft\u0131rma ve Altyap\u0131 Bakan\u0131 Abdulkadir Uralo\u011flu, \u00c7e\u015fmeli- Erdemli- Silifke- Ta\u015fucu otoyolu Projesi \u00c7e\u015fmeli- K\u0131zkalesi Kesimi&#8217;nde incelemelerde bulundu. 42 kilometre ana g\u00f6vde ve 11 kilometre ba\u011flant\u0131 yolu olmak \u00fczere toplam 53 kilometrelik bir yol in\u015fa ettiklerini ifade eden Bakan Uralo\u011flu, proje sayesinde y\u00fcksek standartl\u0131, konforlu ve daha k\u0131sa s\u00fcreli ula\u015f\u0131m imk\u00e2n\u0131 sa\u011flayacaklar\u0131n\u0131 s\u00f6yledi. 42 kilometrelik ana [&hellip;]<\/p>\n","protected":false},"author":2,"featured_media":34184,"comment_status":"closed","ping_status":"closed","sticky":false,"template":"","format":"standard","meta":{"footnotes":""},"categories":[34,1,2,3,5],"tags":[],"class_list":["post-34183","post","type-post","status-publish","format-standard","has-post-thumbnail","hentry","category-flas-haber","category-genel","category-gundem","category-manset","category-mersin"],"views":5,"_links":{"self":[{"href":"https:\/\/mersinkadingazetesi.com\/index.php?rest_route=\/wp\/v2\/posts\/34183"}],"collection":[{"href":"https:\/\/mersinkadingazetesi.com\/index.php?rest_route=\/wp\/v2\/posts"}],"about":[{"href":"https:\/\/mersinkadingazetesi.com\/index.php?rest_route=\/wp\/v2\/types\/post"}],"author":[{"embeddable":true,"href":"https:\/\/mersinkadingazetesi.com\/index.php?rest_route=\/wp\/v2\/users\/2"}],"replies":[{"embeddable":true,"href":"https:\/\/mersinkadingazetesi.com\/index.php?rest_route=%2Fwp%2Fv2%2Fcomments&post=34183"}],"version-history":[{"count":1,"href":"https:\/\/mersinkadingazetesi.com\/index.php?rest_route=\/wp\/v2\/posts\/34183\/revisions"}],"predecessor-version":[{"id":34185,"href":"https:\/\/mersinkadingazetesi.com\/index.php?rest_route=\/wp\/v2\/posts\/34183\/revisions\/34185"}],"wp:featuredmedia":[{"embeddable":true,"href":"https:\/\/mersinkadingazetesi.com\/index.php?rest_route=\/wp\/v2\/media\/34184"}],"wp:attachment":[{"href":"https:\/\/mersinkadingazetesi.com\/index.php?rest_route=%2Fwp%2Fv2%2Fmedia&parent=34183"}],"wp:term":[{"taxonomy":"category","embeddable":true,"href":"https:\/\/mersinkadingazetesi.com\/index.php?rest_route=%2Fwp%2Fv2%2Fcategories&post=34183"},{"taxonomy":"post_tag","embeddable":true,"href":"https:\/\/mersinkadingazetesi.com\/index.php?rest_route=%2Fwp%2Fv2%2Ftags&post=34183"}],"curies":[{"name":"wp","href":"https:\/\/api.w.org\/{rel}","templated":true}]}}