{"id":34195,"date":"2024-07-31T12:28:43","date_gmt":"2024-07-31T09:28:43","guid":{"rendered":"https:\/\/mersinkadingazetesi.com\/?p=34195"},"modified":"2024-07-31T12:28:44","modified_gmt":"2024-07-31T09:28:44","slug":"camliyaylada-festival-heyecani-yasandi","status":"publish","type":"post","link":"https:\/\/mersinkadingazetesi.com\/?p=34195","title":{"rendered":"\u00c7AMLIYAYLA&#8217;DA FEST\u0130VAL HEYECANI YA\u015eANDI"},"content":{"rendered":"\n<p>Mersin B\u00fcy\u00fck\u015fehir Belediyesi&#8217;nin katk\u0131lar\u0131yla d\u00fczenlenen ve \u00c7aml\u0131yayla&#8217;da ilk kez ger\u00e7ekle\u015ftirilen&nbsp;<strong><em>&#8220;\u00c7aml\u0131yayla Do\u011fa Festivali&#8221;<\/em><\/strong>&nbsp;renkli g\u00f6r\u00fcnt\u00fclere sahne oldu. \u00c7aml\u0131yayla Belediyesi&#8217;nin \u00f6nc\u00fcl\u00fc\u011f\u00fcnde Adana Do\u011fa Sporlar\u0131 Toplulu\u011fu (ADOST) ve 01 Adana Off-Road Kul\u00fcb\u00fc&#8217;n\u00fcn de destekledi\u011fi Do\u011fa Festivali, \u00c7aml\u0131yayla Zevzek Tepesi&#8217;nde ger\u00e7ekle\u015ftirildi.<\/p>\n\n\n\n<p>Do\u011fan\u0131n kalbinde ve tertemiz havada yap\u0131lan \u00c7aml\u0131yayla Do\u011fa Festivali, \u00c7aml\u0131yayla Belediye Ba\u015fkan\u0131 Mehmet Fatih Sofu&#8217;nun kat\u0131l\u0131m\u0131yla, davullu-zurnal\u0131 kortej y\u00fcr\u00fcy\u00fc\u015f\u00fcyle start ald\u0131. Festivalde, Mersin B\u00fcy\u00fck\u015fehir Belediyesi taraf\u0131ndan kurulan stantlarda \u00fcreticiler sat\u0131\u015f yapma imkan\u0131 buldular. Y\u00f6resel lezzetler binlerce kat\u0131l\u0131mc\u0131ya sunuldu.<\/p>\n\n\n\n<p>Dolu dolu ge\u00e7en \u00c7aml\u0131yayla Do\u011fa Festivali&#8217;nde canl\u0131 m\u00fczik performanslar\u0131, at\u00f6lye \u00e7al\u0131\u015fmalar\u0131, \u00e7ocuklar ve yeti\u015fkinler i\u00e7in \u00f6d\u00fcll\u00fc yar\u0131\u015fmalar, Off-Road Gruplar\u0131n\u0131n g\u00f6sterileri ve ak\u015fam saatlerinde Grup Anavarza Konseri d\u00fczenlendi. Konserde kat\u0131l\u0131mc\u0131lar \u00e7al\u0131nan hareketli m\u00fczik e\u015fli\u011finde g\u00f6n\u00fcllerince e\u011flenme \u015fans\u0131 buldu. 3 g\u00fcn s\u00fcren festivalde 100 Motokros ve Off-Road ara\u00e7lar\u0131 da kat\u0131l\u0131m sa\u011flad\u0131, festivalde 1400 \u00e7ad\u0131r kuruldu.&nbsp;&nbsp;\u00c7aml\u0131yaylal\u0131lar ve Mersinlilerin yan\u0131 s\u0131ra \u00e7evre illerden de y\u00fczlerce ki\u015fi festivale ak\u0131n etti.<\/p>\n\n\n\n<p><strong>Dokucu: &#8220;K\u0131sac\u0131k s\u00fcrede fark yaratmak bizim i\u00e7in \u00e7ok gurur verici&#8221;<\/strong><\/p>\n\n\n\n<p>Mersin B\u00fcy\u00fck\u015fehir Belediyesi Kad\u0131n ve Aile Hizmetleri Dairesi Ba\u015fkan\u0131 \u015eerife Haso\u011flu Dokucu Festival&#8217;de yapt\u0131\u011f\u0131 konu\u015fmada,&nbsp;<strong>&#8220;ADOST&#8217;ta \u00e7ok te\u015fekk\u00fcr ediyoruz; fark yaratm\u0131\u015fs\u0131n\u0131z. Ba\u015fkan\u0131m\u0131z Mehmet Fatih Sofu ile k\u0131sac\u0131k s\u00fcrede bu kadar fark yaratmak bizim i\u00e7in \u00e7ok gurur verici. Bu fark\u0131 g\u00f6rd\u00fck, size ayr\u0131ca te\u015fekk\u00fcr ediyorum&#8221;<\/strong>&nbsp;dedi.<\/p>\n\n\n\n<p><strong>Sofu: &#8220;Muhte\u015fem bir organizasyon ger\u00e7ekle\u015ftirdik&#8221;<\/strong><\/p>\n\n\n\n<p>Festivalin ilk kez d\u00fczenlenmesine ra\u011fmen ilginin \u00e7ok iyi oldu\u011funu s\u00f6yleyen \u00c7aml\u0131yayla Belediye Ba\u015fkan\u0131 Mehmet Fatih Sofu,&nbsp;<strong>&#8220;Mersin B\u00fcy\u00fck\u015fehir Belediye&#8217;mizin deste\u011fiyle \u00c7aml\u0131yayla Belediyemizin i\u015fbirli\u011fi ve ADOST Grubuyla birlikte muhte\u015fem bir organizasyon ger\u00e7ekle\u015ftirdik. \u00c7aml\u0131yayla 1. Do\u011fa Festivali&#8217;ni bu y\u0131l t\u00fcm co\u015fkuyla kutluyoruz. Bu Festivalimiz ilk olmas\u0131na ra\u011fmen bir\u00e7ok ilden ve Mersin&#8217;imizden yo\u011fun talep g\u00f6rmektedir. \u0130n\u015fallah \u00f6n\u00fcm\u00fczde ki y\u0131llarda bunu geleneksel hale getirip daha co\u015fkulu, daha T\u00fcrkiye&#8217;ye marka olmu\u015f bir Festival yapmay\u0131 planl\u0131yoruz. Bunun i\u00e7in t\u00fcm kat\u0131l\u0131mc\u0131lara te\u015fekk\u00fcr ediyorum&#8221;<\/strong>&nbsp;ifadelerini kulland\u0131.<\/p>\n\n\n\n<p><strong>H\u00fcy\u00fckl\u00fc: &#8220;Vatanda\u015flar\u0131m\u0131z do\u011fada huzurlu vakit ge\u00e7irdi&#8221;<\/strong><\/p>\n\n\n\n<p>Festivalin ger\u00e7ekle\u015fmesinde aktif rol alan ADOST temsilcisi Yasin H\u00fcy\u00fckl\u00fc&#8217;de, b\u00f6yle bir etkinli\u011fin par\u00e7as\u0131 olmaktan dolay\u0131 sevin\u00e7 duyduklar\u0131n\u0131 belirterek,&nbsp;<strong>&#8220;Etkinli\u011fimizde kareoke, yoga, \u00e7ocuk ve yeti\u015fkinler i\u00e7in e\u011flenceli yar\u0131\u015fmalar oldu. Off-Road yar\u0131\u015f\u0131 ve stantlar\u0131m\u0131z e\u015fli\u011finde, vatanda\u015flar\u0131m\u0131z hem al\u0131\u015fveri\u015f yap\u0131yor, hem do\u011fada huzurlu bir vakit ge\u00e7iriyor&#8221;<\/strong>&nbsp;diye konu\u015ftu.<\/p>\n\n\n\n<p><strong>Emre: &#8220;\u0130nsanlar\u0131n sosyalle\u015fti\u011fi, Belediyemizin katk\u0131 sa\u011flad\u0131\u011f\u0131 bir ortam&#8221;<\/strong><\/p>\n\n\n\n<p>Festivalde kurulan stantlarda yer alan \u00fcretici kad\u0131nlardan Ganime Emre ise etkinlikte insanlar\u0131n sosyalle\u015fme imkan\u0131 bulduklar\u0131n\u0131 belirterek,&nbsp;<strong>&#8220;Burada insanlar\u0131n bir arada, do\u011fayla i\u00e7 i\u00e7e olmas\u0131 \u00e7ok g\u00fczel. Bizde burada \u00fcreticiler olarak \u00fcr\u00fcnlerimizi tan\u0131t\u0131yoruz, gelenlerle bulu\u015fturuyoruz. \u0130nsanlar\u0131n sosyalle\u015fti\u011fi, Belediyemizin katk\u0131 sa\u011flad\u0131\u011f\u0131 bir ortam. Katk\u0131lar\u0131ndan dolay\u0131 B\u00fcy\u00fck\u015fehir Ba\u015fkan\u0131m\u0131za ve \u00c7aml\u0131yayla Belediye Ba\u015fkan\u0131m\u0131za \u00e7ok te\u015fekk\u00fcrlerimizi iletiyoruz&#8221;<\/strong>&nbsp;diye konu\u015ftu.<\/p>\n\n\n\n<p><strong>Erba\u015f: &#8220;Bu Festivalin her sene d\u00fczenlenmesini arzu ediyorum&#8221;<\/strong><\/p>\n\n\n\n<p>Yaylac\u0131lardan Bu\u011fra Erba\u015f&#8217;ta \u00c7aml\u0131yayla&#8217;da ilk kez b\u00f6yle bir etkinli\u011fin d\u00fczenlenmesinden dolay\u0131 olduk\u00e7a mutlu oldu\u011funu ifade ederek,&nbsp;<strong>&#8220;Y\u0131llard\u0131r yaylac\u0131l\u0131k yap\u0131yorum. Bu Do\u011fa Festivaline kat\u0131lmaktan \u00e7ok memnunum. Her \u015fey \u00e7ok g\u00fczel. Mersin B\u00fcy\u00fck\u015fehir Belediyemize te\u015fekk\u00fcrlerimi sunuyorum. Bu festivalin her sene d\u00fczenlenmesini arzu ediyorum. \u0130l d\u0131\u015f\u0131ndan, il\u00e7e d\u0131\u015f\u0131ndan gelen kamp\u00e7\u0131lar\u0131, do\u011faseverleri g\u00f6rd\u00fcm; \u00e7ok memnum oldum. \u00c7aml\u0131yayla&#8217;m\u0131z\u0131 tan\u0131ma f\u0131rsat\u0131 bulduklar\u0131 i\u00e7in tekrardan bu Do\u011fa Festivali&#8217;ni d\u00fczenleyenlere te\u015fekk\u00fcr ediyorum&#8221;<\/strong>&nbsp;\u015feklinde konu\u015ftu.<\/p>\n\n\n\n<p><strong>Timo\u00e7in: &#8220;Hem yaylac\u0131 esnaf\u0131m\u0131za, hem bize \u00e7ok g\u00fczel faydalar\u0131 oldu&#8221;<\/strong><\/p>\n\n\n\n<p>Stant a\u00e7an \u00fcretici kad\u0131nlardan Mehtap Timo\u00e7in&#8217;de,&nbsp;<strong>&#8220;Ba\u015fkanlar\u0131m\u0131za te\u015fekk\u00fcr ediyorum. B\u00f6yle bir imkan sa\u011flad\u0131klar\u0131 i\u00e7in. Hem yaylam\u0131za, hem de bize \u00e7ok g\u00fczel katk\u0131lar\u0131 oldu. Kent d\u0131\u015f\u0131ndan de\u011fi\u015fik y\u00fczleri kazand\u0131rd\u0131lar. Hem yaylac\u0131 esnaf\u0131m\u0131za, hem bize \u00e7ok g\u00fczel faydalar\u0131 oldu. Vahap Ba\u015fkan\u0131m\u0131za ve Fatih Ba\u015fkan\u0131m\u0131za te\u015fekk\u00fcr ediyoruz&#8221;&nbsp;<\/strong>ifadelerine yer verdi.<\/p>\n","protected":false},"excerpt":{"rendered":"<p>Mersin B\u00fcy\u00fck\u015fehir Belediyesi&#8217;nin katk\u0131lar\u0131yla d\u00fczenlenen ve \u00c7aml\u0131yayla&#8217;da ilk kez ger\u00e7ekle\u015ftirilen&nbsp;&#8220;\u00c7aml\u0131yayla Do\u011fa Festivali&#8221;&nbsp;renkli g\u00f6r\u00fcnt\u00fclere sahne oldu. \u00c7aml\u0131yayla Belediyesi&#8217;nin \u00f6nc\u00fcl\u00fc\u011f\u00fcnde Adana Do\u011fa Sporlar\u0131 Toplulu\u011fu (ADOST) ve 01 Adana Off-Road Kul\u00fcb\u00fc&#8217;n\u00fcn de destekledi\u011fi Do\u011fa Festivali, \u00c7aml\u0131yayla Zevzek Tepesi&#8217;nde ger\u00e7ekle\u015ftirildi. Do\u011fan\u0131n kalbinde ve tertemiz havada yap\u0131lan \u00c7aml\u0131yayla Do\u011fa Festivali, \u00c7aml\u0131yayla Belediye Ba\u015fkan\u0131 Mehmet Fatih Sofu&#8217;nun kat\u0131l\u0131m\u0131yla, davullu-zurnal\u0131 kortej y\u00fcr\u00fcy\u00fc\u015f\u00fcyle [&hellip;]<\/p>\n","protected":false},"author":2,"featured_media":34196,"comment_status":"closed","ping_status":"closed","sticky":false,"template":"","format":"standard","meta":{"footnotes":""},"categories":[34,2,3],"tags":[],"class_list":["post-34195","post","type-post","status-publish","format-standard","has-post-thumbnail","hentry","category-flas-haber","category-gundem","category-manset"],"views":16,"_links":{"self":[{"href":"https:\/\/mersinkadingazetesi.com\/index.php?rest_route=\/wp\/v2\/posts\/34195"}],"collection":[{"href":"https:\/\/mersinkadingazetesi.com\/index.php?rest_route=\/wp\/v2\/posts"}],"about":[{"href":"https:\/\/mersinkadingazetesi.com\/index.php?rest_route=\/wp\/v2\/types\/post"}],"author":[{"embeddable":true,"href":"https:\/\/mersinkadingazetesi.com\/index.php?rest_route=\/wp\/v2\/users\/2"}],"replies":[{"embeddable":true,"href":"https:\/\/mersinkadingazetesi.com\/index.php?rest_route=%2Fwp%2Fv2%2Fcomments&post=34195"}],"version-history":[{"count":1,"href":"https:\/\/mersinkadingazetesi.com\/index.php?rest_route=\/wp\/v2\/posts\/34195\/revisions"}],"predecessor-version":[{"id":34197,"href":"https:\/\/mersinkadingazetesi.com\/index.php?rest_route=\/wp\/v2\/posts\/34195\/revisions\/34197"}],"wp:featuredmedia":[{"embeddable":true,"href":"https:\/\/mersinkadingazetesi.com\/index.php?rest_route=\/wp\/v2\/media\/34196"}],"wp:attachment":[{"href":"https:\/\/mersinkadingazetesi.com\/index.php?rest_route=%2Fwp%2Fv2%2Fmedia&parent=34195"}],"wp:term":[{"taxonomy":"category","embeddable":true,"href":"https:\/\/mersinkadingazetesi.com\/index.php?rest_route=%2Fwp%2Fv2%2Fcategories&post=34195"},{"taxonomy":"post_tag","embeddable":true,"href":"https:\/\/mersinkadingazetesi.com\/index.php?rest_route=%2Fwp%2Fv2%2Ftags&post=34195"}],"curies":[{"name":"wp","href":"https:\/\/api.w.org\/{rel}","templated":true}]}}