{"id":34200,"date":"2024-07-31T12:33:09","date_gmt":"2024-07-31T09:33:09","guid":{"rendered":"https:\/\/mersinkadingazetesi.com\/?p=34200"},"modified":"2024-07-31T12:33:09","modified_gmt":"2024-07-31T09:33:09","slug":"bu-kanunun-sonucu-katliamdir","status":"publish","type":"post","link":"https:\/\/mersinkadingazetesi.com\/?p=34200","title":{"rendered":"&#8220;Bu kanunun sonucu katliamd\u0131r&#8221;"},"content":{"rendered":"\n<p>CHP Mersin Milletvekili G\u00fclcan K\u0131\u015f, TBMM&#8217;de AKP ve MHP oylar\u0131yla kabul edilen &#8220;Hayvanlar\u0131 Koruma Kanununun sonucunun katliam olaca\u011f\u0131n\u0131 belirterek &#8220;Bu kanun teklifi, en \u00e7ok yerel y\u00f6netimleri ilgilendirirken, yerel y\u00f6netimler bu s\u00fcrece dahil edilmemi\u015ftir. T\u00fcrkiye Belediyeler Birli\u011fi&#8217;nin g\u00f6r\u00fc\u015f\u00fc al\u0131nmam\u0131\u015f, ancak t\u00fcm sorumluluk yerel y\u00f6netimlere at\u0131lm\u0131\u015ft\u0131r. &nbsp;Ama\u00e7, yerel y\u00f6netimler ve halk\u0131 kar\u015f\u0131 kar\u015f\u0131ya getirmektir. Bu, sorumluluktan ka\u00e7man\u0131n ve su\u00e7lu araman\u0131n bir ba\u015fka \u015feklidir&#8221; dedi.<\/p>\n\n\n\n<p>Sokak hayvanlar\u0131n\u0131n \u00f6ld\u00fcr\u00fclmesine ili\u015fkin maddeler de i\u00e7eren Hayvanlar\u0131 Koruma Kanunu TBMM genel kurulunda AKP ve MHP oylar\u0131yla kabul edildi.&nbsp;<\/p>\n\n\n\n<p>Yasan\u0131n iptali i\u00e7in g\u00fcnlerdir hem komisyonlarda hem sokakta m\u00fccadele eden CHP Mersin Milletvekili G\u00fclcan K\u0131\u015f, genel kurul g\u00f6r\u00fc\u015fmeleri s\u0131ras\u0131nda da s\u00f6z alarak yasa teklifine neden kar\u015f\u0131 olduklar\u0131n\u0131 anlatt\u0131.<\/p>\n\n\n\n<p><strong>&#8220;D\u00dc\u015eMANLIK, K\u0130N VE \u00d6L\u00dcM VAR&#8221;<\/strong><\/p>\n\n\n\n<p>AKP ve MHP oylar\u0131yla kabul edilen kanunun bilimsel, ak\u0131lc\u0131, vicdani bir \u00e7\u00f6z\u00fcm sunmad\u0131\u011f\u0131na i\u015faret eden G\u00fclcan K\u0131\u015f, &#8220;\u0130nsan olabilmenin yolu; yarat\u0131lm\u0131\u015f her \u015feye sevgi ve merhamet duyabilmektir! Bu kanun teklifini haz\u0131rlayanlar merhametini ve vicdan\u0131n\u0131 bir kenara b\u0131rakm\u0131\u015ft\u0131r. Bu teklifin i\u00e7inde vicdan yok, merhamet yok, sevgi yok. &nbsp;Ne var derseniz, d\u00fc\u015fmanl\u0131k var, kin var, \u00f6l\u00fcm var. Siz bizden merhametimizi ve vicdan\u0131m\u0131z\u0131 bir kenara koymam\u0131z\u0131 istiyorsunuz&#8221; dedi.<\/p>\n\n\n\n<p><strong>&#8220;D\u0130LS\u0130Z CANLARIMIZA DA MERHAMET G\u00d6STERMEK G\u00d6REV\u0130M\u0130ZD\u0130R&#8221;<\/strong><\/p>\n\n\n\n<p>Sokak hayvanlar\u0131 sorununun iktidar taraf\u0131ndan yarat\u0131ld\u0131\u011f\u0131na de\u011finen G\u00fclcan K\u0131\u015f, &#8220;AKP&#8217;nin y\u0131llard\u0131r etkili bir hayvan kontrol politikas\u0131 geli\u015ftirememesi ve mevcut kanunlar\u0131 uygulamamas\u0131, sokaklarda kontrols\u00fcz bir \u015fekilde \u00e7o\u011falan k\u00f6peklerin sorununun b\u00fcy\u00fcmesine neden olmu\u015ftur. &nbsp;\u00c7ocuklar\u0131m\u0131z\u0131 korumak, sald\u0131r\u0131ya u\u011frayan ailelerin yan\u0131nda olmak \u00f6nceli\u011fimizdir. &nbsp;Ama dilsiz canlar\u0131m\u0131za da merhamet g\u00f6stermek g\u00f6revimizdir. Haftalard\u0131r T\u00fcrkiye&#8217;nin d\u00f6rt bir yan\u0131nda sivil toplum \u00f6rg\u00fctleri, hayvan haklar\u0131 savunucular\u0131 meydanlarda, bizlerde milletvekili olarak TBMM&#8217;de bir m\u00fccadele veriyoruz. Bu m\u00fccadele, sahipsiz sokak hayvanlar\u0131n\u0131n \u00f6l\u00fcm ferman\u0131 olan yasa teklifine kar\u015f\u0131d\u0131r. Teklif, kamuoyunda b\u00fcy\u00fck yank\u0131 uyand\u0131rd\u0131, ancak toplumun bir\u00e7ok kesiminin talepleri ve \u00e7\u00f6z\u00fcm \u00f6nerileri dikkate al\u0131nmad\u0131. Bu durum, demokrasinin ve kat\u0131l\u0131mc\u0131l\u0131\u011f\u0131n en temel ilkelerine ayk\u0131r\u0131d\u0131r. Bu kanun teklifi, en \u00e7ok yerel y\u00f6netimleri ilgilendirirken, yerel y\u00f6netimler bu s\u00fcrece dahil edilmemi\u015ftir. &nbsp;T\u00fcrkiye Belediyeler Birli\u011fi&#8217;nin g\u00f6r\u00fc\u015f\u00fc al\u0131nmam\u0131\u015f, ancak t\u00fcm sorumluluk yerel y\u00f6netimlere at\u0131lm\u0131\u015ft\u0131r. &nbsp;Ama\u00e7, yerel y\u00f6netimler ve halk\u0131 kar\u015f\u0131 kar\u015f\u0131ya getirmektir. &nbsp;Bu, sorumluluktan ka\u00e7man\u0131n ve su\u00e7lu araman\u0131n bir ba\u015fka \u015feklidir. S\u00f6z konusu teklifin her maddesi, milyonlarca sokak hayvan\u0131n\u0131 tek kalemde katletme amac\u0131n\u0131 ta\u015f\u0131maktad\u0131r. E\u011fer bu kanun teklifi yasala\u015f\u0131rsa, AKP iktidar\u0131 tarihimizde g\u00f6r\u00fclmemi\u015f bir yok olu\u015fa neden olacakt\u0131r&#8221; ifadelerini kulland\u0131<\/p>\n\n\n\n<p><strong>&#8220;BUNCA YILDIR AKLINIZ NEREDEYD\u0130?&#8221;<\/strong><\/p>\n\n\n\n<p>Muhalefet milletvekillerinin g\u00fcnlerdir vicdani, ak\u0131lc\u0131, bilimsel, ya\u015fam hakk\u0131n\u0131 \u00f6nceleyen bir kanun teklifi \u00fczerinde \u00e7al\u0131\u015ft\u0131\u011f\u0131n\u0131 ancak AKP&#8217;nin &#8220;Ben yapt\u0131m oldu&#8221; mant\u0131\u011f\u0131yla t\u00fcm \u00f6nerileri geri \u00e7evirdi\u011fini kaydeden G\u00fclcan K\u0131\u015f s\u00f6zlerini \u015f\u00f6yle s\u00fcrd\u00fcrd\u00fc:&nbsp;<\/p>\n\n\n\n<p>&#8220;Bu kanunun sonucu katliamd\u0131r. \u0130ktidar s\u0131ralar\u0131na sormak istiyorum. Bunca y\u0131l akl\u0131n\u0131z neredeydi? &nbsp;Neden 5199 say\u0131l\u0131 kanun uygulamad\u0131n\u0131z? &nbsp;K\u0131s\u0131rla\u015ft\u0131rman\u0131n en uygun \u00e7\u00f6z\u00fcm oldu\u011fu 2019 y\u0131l\u0131nda TBMM Hayvan Haklar\u0131 Komisyon Raporunda belirtilmi\u015f. &nbsp;Oradaki \u00f6neriler a\u00e7\u0131k ve net, ancak uygulanmam\u0131\u015f. Bu kanun teklifi hi\u00e7 kimseyi memnun etmemektedir. G\u00f6r\u00fc\u015fmeler ba\u015flad\u0131\u011f\u0131ndan beri tek s\u00f6yledi\u011fimiz, bu kanunu geri \u00e7ekin. Kanunun payda\u015flar\u0131n\u0131n da g\u00f6r\u00fc\u015flerini alarak, gerekli d\u00fczeltmeler ve eksiklikleri gidererek, sorunun k\u00f6kten \u00e7\u00f6z\u00fcm\u00fcne y\u00f6nelik bir kanun teklifi \u00fczerinde \u00e7al\u0131\u015fmal\u0131y\u0131z.&#8221;<\/p>\n","protected":false},"excerpt":{"rendered":"<p>CHP Mersin Milletvekili G\u00fclcan K\u0131\u015f, TBMM&#8217;de AKP ve MHP oylar\u0131yla kabul edilen &#8220;Hayvanlar\u0131 Koruma Kanununun sonucunun katliam olaca\u011f\u0131n\u0131 belirterek &#8220;Bu kanun teklifi, en \u00e7ok yerel y\u00f6netimleri ilgilendirirken, yerel y\u00f6netimler bu s\u00fcrece dahil edilmemi\u015ftir. T\u00fcrkiye Belediyeler Birli\u011fi&#8217;nin g\u00f6r\u00fc\u015f\u00fc al\u0131nmam\u0131\u015f, ancak t\u00fcm sorumluluk yerel y\u00f6netimlere at\u0131lm\u0131\u015ft\u0131r. &nbsp;Ama\u00e7, yerel y\u00f6netimler ve halk\u0131 kar\u015f\u0131 kar\u015f\u0131ya getirmektir. Bu, sorumluluktan ka\u00e7man\u0131n [&hellip;]<\/p>\n","protected":false},"author":2,"featured_media":34201,"comment_status":"closed","ping_status":"closed","sticky":false,"template":"","format":"standard","meta":{"footnotes":""},"categories":[34,2,3,5],"tags":[],"class_list":["post-34200","post","type-post","status-publish","format-standard","has-post-thumbnail","hentry","category-flas-haber","category-gundem","category-manset","category-mersin"],"views":3,"_links":{"self":[{"href":"https:\/\/mersinkadingazetesi.com\/index.php?rest_route=\/wp\/v2\/posts\/34200"}],"collection":[{"href":"https:\/\/mersinkadingazetesi.com\/index.php?rest_route=\/wp\/v2\/posts"}],"about":[{"href":"https:\/\/mersinkadingazetesi.com\/index.php?rest_route=\/wp\/v2\/types\/post"}],"author":[{"embeddable":true,"href":"https:\/\/mersinkadingazetesi.com\/index.php?rest_route=\/wp\/v2\/users\/2"}],"replies":[{"embeddable":true,"href":"https:\/\/mersinkadingazetesi.com\/index.php?rest_route=%2Fwp%2Fv2%2Fcomments&post=34200"}],"version-history":[{"count":1,"href":"https:\/\/mersinkadingazetesi.com\/index.php?rest_route=\/wp\/v2\/posts\/34200\/revisions"}],"predecessor-version":[{"id":34202,"href":"https:\/\/mersinkadingazetesi.com\/index.php?rest_route=\/wp\/v2\/posts\/34200\/revisions\/34202"}],"wp:featuredmedia":[{"embeddable":true,"href":"https:\/\/mersinkadingazetesi.com\/index.php?rest_route=\/wp\/v2\/media\/34201"}],"wp:attachment":[{"href":"https:\/\/mersinkadingazetesi.com\/index.php?rest_route=%2Fwp%2Fv2%2Fmedia&parent=34200"}],"wp:term":[{"taxonomy":"category","embeddable":true,"href":"https:\/\/mersinkadingazetesi.com\/index.php?rest_route=%2Fwp%2Fv2%2Fcategories&post=34200"},{"taxonomy":"post_tag","embeddable":true,"href":"https:\/\/mersinkadingazetesi.com\/index.php?rest_route=%2Fwp%2Fv2%2Ftags&post=34200"}],"curies":[{"name":"wp","href":"https:\/\/api.w.org\/{rel}","templated":true}]}}