{"id":34221,"date":"2024-08-01T12:25:01","date_gmt":"2024-08-01T09:25:01","guid":{"rendered":"https:\/\/mersinkadingazetesi.com\/?p=34221"},"modified":"2024-08-01T12:25:02","modified_gmt":"2024-08-01T09:25:02","slug":"cocuklar-is-goren-kisiler-haline-getirildi","status":"publish","type":"post","link":"https:\/\/mersinkadingazetesi.com\/?p=34221","title":{"rendered":"\u00c7OCUKLAR \u0130\u015e G\u00d6REN K\u0130\u015e\u0130LER HAL\u0130NE GET\u0130R\u0130LD\u0130"},"content":{"rendered":"\n<p>CHP Mezitli \u0130l\u00e7e Ba\u015fkan\u0131 Av. Ula\u015f Y\u0131lmaz, yoksul halk\u0131n \u00e7ocuklar\u0131 i\u00e7in tek se\u00e7enek haline gelen MESEM&#8217;lerde \u00e7ocuklar\u0131n fiziksel ve ruhsal sorunlarla ba\u015f ba\u015fa b\u0131rak\u0131ld\u0131\u011f\u0131na i\u015faret ederek, &#8220;E\u011fitimde f\u0131rsat e\u015fitli\u011fi sa\u011flanmal\u0131. \u00c7ocuklar\u0131m\u0131z\u0131n hayatla ba\u011f\u0131n\u0131 kesmeyin&#8221; \u00e7a\u011fr\u0131s\u0131 yapt\u0131.<\/p>\n\n\n\n<p>Cumhuriyet Halk Partisi Mezitli \u0130l\u00e7e Ba\u015fkan\u0131 Av. Ula\u015f Y\u0131lmaz, Konya&#8217;da Mesleki E\u011fitim Merkezi (MESEM) \u00f6\u011frencisi Eren Da\u011f&#8217;\u0131n sondaj \u00e7al\u0131\u015fmas\u0131 yap\u0131l\u0131rken elektrik ak\u0131m\u0131na kap\u0131larak hayat\u0131n\u0131n kaybetmesinin ard\u0131ndan yapt\u0131\u011f\u0131 a\u00e7\u0131klamada MESEM&#8217;lerde ya\u015famlar\u0131n\u0131 yitiren \u00e7ocuklara dikkat \u00e7ekti.<\/p>\n\n\n\n<p>\u00c7OCUKLAR \u0130\u015e G\u00d6REN K\u0130\u015e\u0130LER HAL\u0130NE GET\u0130R\u0130LD\u0130<br>MESEM&#8217;lerin yoksul halk\u0131n \u00e7ocuklar\u0131 i\u00e7in tek se\u00e7enek haline getirildi\u011fini ifade eden Ba\u015fkan Y\u0131lmaz, Cumhuriyet Halk Partisi&#8217;nin E\u011fitim Maratonu&#8217;nda MESEM ile ilgili raparunda yer alan \u015fu bilgileri bir kez daha hat\u0131rlatt\u0131: &#8220;Mesleki e\u011fitim, T\u00fcrkiye&#8217;nin e\u011fitim g\u00fcndeminin ana konular\u0131ndan biri olmaya devam etmektedir. MESEM&#8217;lerle \u00e7ocuklar\u0131m\u0131z i\u015f \u00f6\u011frenen de\u011fil, i\u015f g\u00f6ren ki\u015filer haline getirilmi\u015ftir. \u00c7ocuklar\u0131m\u0131z 4 g\u00fcn i\u015fe 1 g\u00fcn okula denerek okullardan uzakla\u015ft\u0131r\u0131lm\u0131\u015f, \u00fczerine bir de yasal olmayan \u015fekilde okul saati d\u0131\u015f\u0131nda ve hafta sonlar\u0131nda a\u011f\u0131r i\u015flerde \u00e7al\u0131\u015ft\u0131r\u0131lm\u0131\u015ft\u0131r. Yoksul halk\u0131n \u00e7ocuklar\u0131 i\u00e7in tek se\u00e7enek haline gelen MESEM&#8217;lerde bir\u00e7ok \u00e7ocu\u011fumuz fiziksel ve ruhsal sorunlarla ba\u015f ba\u015fa b\u0131rak\u0131lm\u0131\u015ft\u0131r.<\/p>\n\n\n\n<p>MESEM&#8217;LER NEDEN\u0130YLE 616 \u00c7OCUK HAYATINI KAYBETT\u0130<br>\u00c7ocuklar\u0131m\u0131z buralarda u\u011frad\u0131klar\u0131 i\u015f kazalar\u0131nda yaralanmaya ve \u00f6lmeye devam etmektedir. \u0130\u015f\u00e7i Sa\u011fl\u0131\u011f\u0131 ve \u0130\u015f G\u00fcvenli\u011fi Meclisi&#8217;nin ara\u015ft\u0131rmas\u0131na g\u00f6re ise 2013-2022 y\u0131llar\u0131 aras\u0131nda toplamda 616 \u00e7ocuk i\u015f cinayetlerinde hayat\u0131n\u0131 kaybetmi\u015ftir. Alperen, Erol, Murat, Arda, \u00d6mer, Ula\u015f, Zekai, Yi\u011fit&#8230; Son bir y\u0131lda MESEM&#8217;lerde 336 \u00f6\u011frenci \u00e7\u0131rakl\u0131k yapt\u0131r\u0131l\u0131rken i\u015f kazas\u0131 ge\u00e7irmi\u015f, 9 \u00e7ocuk i\u015f cinayetlerinde hayat\u0131n\u0131 kaybetmi\u015ftir.&#8221;<br>E\u011fitimde f\u0131rsat e\u015fitli\u011finin \u00f6nemine vurgu yapan CHP \u0130l\u00e7e Ba\u015fkan\u0131 Y\u0131lmaz, &#8220;\u00c7ocuklar\u0131m\u0131z\u0131n hayatla ba\u011f\u0131n\u0131 kesmeyin&#8221; dedi.<\/p>\n","protected":false},"excerpt":{"rendered":"<p>CHP Mezitli \u0130l\u00e7e Ba\u015fkan\u0131 Av. Ula\u015f Y\u0131lmaz, yoksul halk\u0131n \u00e7ocuklar\u0131 i\u00e7in tek se\u00e7enek haline gelen MESEM&#8217;lerde \u00e7ocuklar\u0131n fiziksel ve ruhsal sorunlarla ba\u015f ba\u015fa b\u0131rak\u0131ld\u0131\u011f\u0131na i\u015faret ederek, &#8220;E\u011fitimde f\u0131rsat e\u015fitli\u011fi sa\u011flanmal\u0131. \u00c7ocuklar\u0131m\u0131z\u0131n hayatla ba\u011f\u0131n\u0131 kesmeyin&#8221; \u00e7a\u011fr\u0131s\u0131 yapt\u0131. Cumhuriyet Halk Partisi Mezitli \u0130l\u00e7e Ba\u015fkan\u0131 Av. Ula\u015f Y\u0131lmaz, Konya&#8217;da Mesleki E\u011fitim Merkezi (MESEM) \u00f6\u011frencisi Eren Da\u011f&#8217;\u0131n sondaj \u00e7al\u0131\u015fmas\u0131 [&hellip;]<\/p>\n","protected":false},"author":2,"featured_media":34222,"comment_status":"closed","ping_status":"closed","sticky":false,"template":"","format":"standard","meta":{"footnotes":""},"categories":[34,2,3],"tags":[],"class_list":["post-34221","post","type-post","status-publish","format-standard","has-post-thumbnail","hentry","category-flas-haber","category-gundem","category-manset"],"views":5,"_links":{"self":[{"href":"https:\/\/mersinkadingazetesi.com\/index.php?rest_route=\/wp\/v2\/posts\/34221"}],"collection":[{"href":"https:\/\/mersinkadingazetesi.com\/index.php?rest_route=\/wp\/v2\/posts"}],"about":[{"href":"https:\/\/mersinkadingazetesi.com\/index.php?rest_route=\/wp\/v2\/types\/post"}],"author":[{"embeddable":true,"href":"https:\/\/mersinkadingazetesi.com\/index.php?rest_route=\/wp\/v2\/users\/2"}],"replies":[{"embeddable":true,"href":"https:\/\/mersinkadingazetesi.com\/index.php?rest_route=%2Fwp%2Fv2%2Fcomments&post=34221"}],"version-history":[{"count":1,"href":"https:\/\/mersinkadingazetesi.com\/index.php?rest_route=\/wp\/v2\/posts\/34221\/revisions"}],"predecessor-version":[{"id":34223,"href":"https:\/\/mersinkadingazetesi.com\/index.php?rest_route=\/wp\/v2\/posts\/34221\/revisions\/34223"}],"wp:featuredmedia":[{"embeddable":true,"href":"https:\/\/mersinkadingazetesi.com\/index.php?rest_route=\/wp\/v2\/media\/34222"}],"wp:attachment":[{"href":"https:\/\/mersinkadingazetesi.com\/index.php?rest_route=%2Fwp%2Fv2%2Fmedia&parent=34221"}],"wp:term":[{"taxonomy":"category","embeddable":true,"href":"https:\/\/mersinkadingazetesi.com\/index.php?rest_route=%2Fwp%2Fv2%2Fcategories&post=34221"},{"taxonomy":"post_tag","embeddable":true,"href":"https:\/\/mersinkadingazetesi.com\/index.php?rest_route=%2Fwp%2Fv2%2Ftags&post=34221"}],"curies":[{"name":"wp","href":"https:\/\/api.w.org\/{rel}","templated":true}]}}