{"id":34245,"date":"2024-08-02T12:54:21","date_gmt":"2024-08-02T09:54:21","guid":{"rendered":"https:\/\/mersinkadingazetesi.com\/?p=34245"},"modified":"2024-08-02T12:54:21","modified_gmt":"2024-08-02T09:54:21","slug":"secer-biz-anadolu-gibiyiz","status":"publish","type":"post","link":"https:\/\/mersinkadingazetesi.com\/?p=34245","title":{"rendered":"SE\u00c7ER: &#8220;B\u0130Z ANADOLU G\u0130B\u0130Y\u0130Z&#8221;"},"content":{"rendered":"\n<p>Mersin B\u00fcy\u00fck\u015fehir Belediye Ba\u015fkan\u0131 Vahap Se\u00e7er, Toroslar \u0130l\u00e7esi \u00c7a\u011fda\u015fkent Mahalle Muhtarl\u0131\u011f\u0131 taraf\u0131ndan d\u00fczenlenen A\u015fure Etkinli\u011fi&#8217;ne kat\u0131l\u0131m sa\u011flad\u0131.<\/p>\n\n\n\n<p>\u00c7a\u011fda\u015fkent Mahalle Muhtarl\u0131\u011f\u0131 \u00f6n\u00fcnde d\u00fczenlenen a\u015fure etkinli\u011finde; Mersin B\u00fcy\u00fck\u015fehir Belediye Ba\u015fkan\u0131 Vahap Se\u00e7er, Cumhuriyet Halk Partisi (CHP) Mersin Milletvekili G\u00fclcan K\u0131\u015f, Toroslar Belediye Ba\u015fkan\u0131 Abdurrahman Y\u0131ld\u0131z, CHP Toroslar \u0130l\u00e7e Ba\u015fkan\u0131 Cumali Akba\u015f, sivil toplum kurulu\u015flar\u0131, dernek ve odalar\u0131n temsilcileri,&nbsp;\u00c7a\u011fda\u015fkent Mahalle Muhtar\u0131 Serminaz Da\u011fdelen, Meclis \u00fcyeleri, CHP il\u00e7e y\u00f6neticileri, Mersin B\u00fcy\u00fck\u015fehir Belediyesi b\u00fcrokratlar\u0131 ile&nbsp;\u00e7ok say\u0131da mahalle muhtar\u0131 ve vatanda\u015flar yer ald\u0131.<\/p>\n\n\n\n<p><strong>Ba\u015fkan Se\u00e7er: &#8220;Mersin her ge\u00e7en g\u00fcn \u00e7ok ileri noktalara gidiyor&#8221;<\/strong><\/p>\n\n\n\n<p>Yo\u011fun kat\u0131l\u0131m\u0131n oldu\u011fu etkinlikte konu\u015fan Ba\u015fkan Se\u00e7er, Muharrem Ay\u0131&#8217;nda tutulan oru\u00e7lar\u0131n Hak&nbsp;&nbsp;kat\u0131nda kabul olmas\u0131n\u0131 temenni ederek,&nbsp;<strong>&#8220;Mersin&#8217;imizde huzur, birlik ve karde\u015flik i\u00e7erisinde ya\u015f\u0131yoruz. Biz Anadolu gibiyiz. Do\u011fu Anadolulu, G\u00fcneydo\u011fu Anadolulu, Orta Anadolulu, Karadenizli, Egeli; herkes burada. Farkl\u0131 etnik yap\u0131lar, inan\u00e7 gruplar\u0131 ve ekonomik yap\u0131daki insanlar; Mersin&#8217;de herkes var. Mersin T\u00fcrkiye gibi. Mersin her ge\u00e7en g\u00fcn her a\u00e7\u0131dan \u00e7ok ileri noktalara gidiyor, gidecek de&#8221;<\/strong>&nbsp;diye konu\u015ftu.<\/p>\n\n\n\n<p>Her yurtta\u015f\u0131n kendi nezdinde e\u015fit oldu\u011funun alt\u0131n\u0131 \u00e7izen Se\u00e7er,&nbsp;<strong>&#8220;Biz hangi siyasi g\u00f6r\u00fc\u015ften olursa olsun;&nbsp;<em>&#8216;Zengindir, fakirdir, \u015fu partiliydi, bu partiliydi, \u015fu mahalleliydi, \u015fu k\u00f6yl\u00fcyd\u00fc&#8217;<\/em>&nbsp;demeden herkesi kucakl\u0131yoruz. Ge\u00e7ti\u011fimiz 5 y\u0131ll\u0131k s\u00fcre i\u00e7erisinde bu duygularla kente \u00f6ncelikle bu duyguyu a\u015f\u0131lamak i\u00e7in gayret ettik. \u00c7ok \u015f\u00fck\u00fcr ki a\u015f\u0131 tuttu, herkes mutlu ve herkes gelecekten de umutlu&#8221;<\/strong>&nbsp;s\u00f6zlerine yer verdi.<\/p>\n\n\n\n<p><strong>&#8220;Sizlerin de deste\u011fiyle Toroslar&#8217;\u0131 \u00e7ok daha g\u00fczel noktalara getirece\u011fiz&#8221;<\/strong><\/p>\n\n\n\n<p>Toroslar Belediye Ba\u015fkan\u0131 Abdurrahman Y\u0131ld\u0131z ile beraber kente hizmet edeceklerini s\u00f6yleyen Se\u00e7er,&nbsp;<strong>&#8220;Abdurrahman Ba\u015fkan gece-g\u00fcnd\u00fcz \u00e7al\u0131\u015f\u0131yor. Bunun \u015fahitlerinden biri benim, Allah da \u015fahididir. Gayret ediyor. \u00c7\u00fcnk\u00fc \u00e7ok b\u00fcy\u00fck bir sorun yuma\u011f\u0131n\u0131 \u00e7\u00f6zmeye \u00e7al\u0131\u015f\u0131yor. 30 y\u0131l\u0131n ad\u0131 var. 30 y\u0131l sonra Toroslar&#8217;a bir \u0131\u015f\u0131k, bir Y\u0131ld\u0131z do\u011fdu. Bizlerin de sizlerin de deste\u011fiyle Toroslar&#8217;\u0131 \u00e7ok daha g\u00fczel noktalara getirece\u011fiz&#8221;<\/strong>&nbsp;diye konu\u015ftu.<\/p>\n\n\n\n<p><strong>&#8220;Kad\u0131nlar\u0131n her zaman yan\u0131nday\u0131z, hi\u00e7bir endi\u015feniz olmas\u0131n&#8221;<\/strong><\/p>\n\n\n\n<p>Se\u00e7ilen kad\u0131n muhtarlar\u0131 da tebrik eden Se\u00e7er,&nbsp;<strong>&#8220;Kad\u0131nlar her alanda arts\u0131n, \u00e7o\u011fals\u0131n. Kad\u0131nlar\u0131 siyasette, karar alma noktalar\u0131nda, y\u00f6netimlerde ve i\u015f d\u00fcnyas\u0131nda istiyoruz. Kad\u0131n demek medeniyet demek. \u00c7al\u0131\u015fan, i\u015fine g\u00fcc\u00fcne giden, ayakta durabilen kad\u0131nlar\u0131 g\u00f6relim. Deste\u011fimiz kad\u0131nlara. Her zaman yan\u0131n\u0131zday\u0131z, hi\u00e7bir endi\u015feniz olmas\u0131n&#8221;<\/strong>&nbsp;dedi.<\/p>\n\n\n\n<p><strong>&#8220;Mutluluk, karde\u015flik, insanl\u0131k neymi\u015f; herkese g\u00f6sterece\u011fiz&#8221;<\/strong><\/p>\n\n\n\n<p>Ba\u015fkan Y\u0131ld\u0131z ile Toroslar&#8217;a hizmet edeceklerini vurgulayan Se\u00e7er,&nbsp;<strong>&#8220;Mutluluk, karde\u015flik, insanl\u0131k neymi\u015f; herkese g\u00f6sterece\u011fiz. Bunu iddiayla s\u00f6yl\u00fcyoruz. \u00d6yle ayr\u0131m gayr\u0131m yok.&nbsp;<em>&#8216;Sendensin, bendensin&#8217;<\/em>&nbsp;yok. \u0130nsanlara \u00e7emkirmek, ba\u011f\u0131rmak, a\u015fa\u011f\u0131lamak bitti. Bug\u00fcn Muharrem&#8217;i yad ediyoruz. Bug\u00fcn yas g\u00fcn\u00fc. O zulme ve zalime kar\u015f\u0131 mazlumun verdi\u011fi m\u00fccadeleler bizlere \u00f6rnek olmal\u0131. Onlar\u0131n yolunda gidiyoruz. Onun i\u00e7in halk\u0131m\u0131z\u0131 ve insanlar\u0131m\u0131z\u0131 seviyoruz. Hi\u00e7 kimsenin endi\u015fesi olmas\u0131n&#8221;<\/strong>&nbsp;diyerek, a\u015furede eme\u011fi olan herkese te\u015fekk\u00fcr etti.<\/p>\n\n\n\n<p><strong>K\u0131\u015f: &#8220;Muharrem Ay\u0131&#8217;nda tuttu\u011funuz oru\u00e7lar\u0131n kabul olmas\u0131n\u0131 diliyorum&#8221;<\/strong><\/p>\n\n\n\n<p>G\u00fczel ve kalabal\u0131k bir etkinlik oldu\u011funu kaydederek konu\u015fmas\u0131na ba\u015flayan CHP Mersin Milletvekili G\u00fclcan K\u0131\u015f,&nbsp;<strong>&#8220;Kad\u0131n muhtar\u0131m\u0131z\u0131 tebrik ediyorum. G\u00f6rd\u00fc\u011f\u00fcm kadar\u0131yla sevilen, say\u0131lan ve kendisini kabul ettiren bir muhtar\u0131m\u0131z. Her ge\u00e7en se\u00e7imde kad\u0131n muhtar say\u0131m\u0131z art\u0131yor. 20 k\u00fcsur olan kad\u0131n muhtar say\u0131m\u0131z bu se\u00e7imlerde 50&#8217;ye ula\u015ft\u0131. Bundan sonraki se\u00e7imlerde temennimiz ve amac\u0131m\u0131z kad\u0131n muhtar say\u0131m\u0131z\u0131 art\u0131rmak olacak. Bereketiyle ve bollu\u011fuyla gelen a\u015fure g\u00fcn\u00fc etkinli\u011finde her birinizin Muharrem Ay\u0131 boyunca tutmu\u015f oldu\u011fu oru\u00e7lar\u0131n kabul olmas\u0131n\u0131, etti\u011finiz dualar\u0131n Hak kat\u0131nda kabul olmas\u0131n\u0131 diliyorum&#8221;<\/strong>&nbsp;diyerek, a\u015furede eme\u011fi ge\u00e7enlere te\u015fekk\u00fcrlerini iletti.<\/p>\n\n\n\n<p><strong>Y\u0131ld\u0131z: &#8220;A\u015furenin bar\u0131\u015fa, karde\u015fli\u011fe ve huzura vesile olmas\u0131n\u0131 diliyorum&#8221;<\/strong><\/p>\n\n\n\n<p>Toroslar Belediye Ba\u015fkan\u0131 Abdurrahman Y\u0131ld\u0131z ise,&nbsp;<strong>&#8220;A\u015fureye belki farkl\u0131 toplum kesimlerinde farkl\u0131 anlamlar y\u00fcklenir, herkes kendine g\u00f6re farkl\u0131 anlamlar y\u00f6nlendirir ama a\u015fure bar\u0131\u015fa, karde\u015fli\u011fe benzetilir. Ben de a\u015furenin bar\u0131\u015fa, karde\u015fli\u011fe ve huzura vesile olmas\u0131n\u0131 diliyorum&#8221;<\/strong>&nbsp;s\u00f6zlerine yer verdi.<\/p>\n\n\n\n<p>A\u015furenin payla\u015fman\u0131n, bereketin ve \u015f\u00fckretmenin sembol\u00fc oldu\u011funu s\u00f6yleyen \u00c7a\u011fda\u015fkent Mahalle Muhtar\u0131 Serminaz Da\u011fdelen de,&nbsp;<strong>&#8220;Bizler d\u00fcn oldu\u011fu gibi bug\u00fcn de birlikte ya\u015faman\u0131n sevincini payla\u015fmaya devam edece\u011fiz. Bu d\u00fc\u015f\u00fcncelerle ba\u015fta Kerbela \u015fehitleri olmak \u00fczere \u015fehitlerimizi rahmetle anarken, Muharrem Ay\u0131&#8217;n\u0131n d\u00fcnya \u00fczerinde bar\u0131\u015f, karde\u015flik, huzur ve mutlulu\u011fun ye\u015fermesine vesile olmas\u0131n\u0131 diliyorum&#8221;<\/strong>&nbsp;dedi.<\/p>\n\n\n\n<p>Konu\u015fmalar\u0131n ard\u0131ndan a\u015fure duas\u0131 yap\u0131ld\u0131 ve a\u015fure da\u011f\u0131t\u0131m\u0131 ger\u00e7ekle\u015ftirildi. Etkinlikte ayr\u0131ca El Ele Sanat ve K\u00fclt\u00fcr Derne\u011fi&#8217;nin Beyaz Melekler Ritim Korusu taraf\u0131ndan m\u00fczik dinletisi ger\u00e7ekle\u015ftirildi.<\/p>\n","protected":false},"excerpt":{"rendered":"<p>Mersin B\u00fcy\u00fck\u015fehir Belediye Ba\u015fkan\u0131 Vahap Se\u00e7er, Toroslar \u0130l\u00e7esi \u00c7a\u011fda\u015fkent Mahalle Muhtarl\u0131\u011f\u0131 taraf\u0131ndan d\u00fczenlenen A\u015fure Etkinli\u011fi&#8217;ne kat\u0131l\u0131m sa\u011flad\u0131. \u00c7a\u011fda\u015fkent Mahalle Muhtarl\u0131\u011f\u0131 \u00f6n\u00fcnde d\u00fczenlenen a\u015fure etkinli\u011finde; Mersin B\u00fcy\u00fck\u015fehir Belediye Ba\u015fkan\u0131 Vahap Se\u00e7er, Cumhuriyet Halk Partisi (CHP) Mersin Milletvekili G\u00fclcan K\u0131\u015f, Toroslar Belediye Ba\u015fkan\u0131 Abdurrahman Y\u0131ld\u0131z, CHP Toroslar \u0130l\u00e7e Ba\u015fkan\u0131 Cumali Akba\u015f, sivil toplum kurulu\u015flar\u0131, dernek ve odalar\u0131n [&hellip;]<\/p>\n","protected":false},"author":2,"featured_media":34246,"comment_status":"closed","ping_status":"closed","sticky":false,"template":"","format":"standard","meta":{"footnotes":""},"categories":[1,2,3,5],"tags":[],"class_list":["post-34245","post","type-post","status-publish","format-standard","has-post-thumbnail","hentry","category-genel","category-gundem","category-manset","category-mersin"],"views":4,"_links":{"self":[{"href":"https:\/\/mersinkadingazetesi.com\/index.php?rest_route=\/wp\/v2\/posts\/34245"}],"collection":[{"href":"https:\/\/mersinkadingazetesi.com\/index.php?rest_route=\/wp\/v2\/posts"}],"about":[{"href":"https:\/\/mersinkadingazetesi.com\/index.php?rest_route=\/wp\/v2\/types\/post"}],"author":[{"embeddable":true,"href":"https:\/\/mersinkadingazetesi.com\/index.php?rest_route=\/wp\/v2\/users\/2"}],"replies":[{"embeddable":true,"href":"https:\/\/mersinkadingazetesi.com\/index.php?rest_route=%2Fwp%2Fv2%2Fcomments&post=34245"}],"version-history":[{"count":1,"href":"https:\/\/mersinkadingazetesi.com\/index.php?rest_route=\/wp\/v2\/posts\/34245\/revisions"}],"predecessor-version":[{"id":34247,"href":"https:\/\/mersinkadingazetesi.com\/index.php?rest_route=\/wp\/v2\/posts\/34245\/revisions\/34247"}],"wp:featuredmedia":[{"embeddable":true,"href":"https:\/\/mersinkadingazetesi.com\/index.php?rest_route=\/wp\/v2\/media\/34246"}],"wp:attachment":[{"href":"https:\/\/mersinkadingazetesi.com\/index.php?rest_route=%2Fwp%2Fv2%2Fmedia&parent=34245"}],"wp:term":[{"taxonomy":"category","embeddable":true,"href":"https:\/\/mersinkadingazetesi.com\/index.php?rest_route=%2Fwp%2Fv2%2Fcategories&post=34245"},{"taxonomy":"post_tag","embeddable":true,"href":"https:\/\/mersinkadingazetesi.com\/index.php?rest_route=%2Fwp%2Fv2%2Ftags&post=34245"}],"curies":[{"name":"wp","href":"https:\/\/api.w.org\/{rel}","templated":true}]}}