{"id":34248,"date":"2024-08-02T12:55:45","date_gmt":"2024-08-02T09:55:45","guid":{"rendered":"https:\/\/mersinkadingazetesi.com\/?p=34248"},"modified":"2024-08-02T12:55:45","modified_gmt":"2024-08-02T09:55:45","slug":"baskan-secer-buyuksehir-yaparsa-en-guzelini-yapar","status":"publish","type":"post","link":"https:\/\/mersinkadingazetesi.com\/?p=34248","title":{"rendered":"BA\u015eKAN SE\u00c7ER: &#8220;B\u00dcY\u00dcK\u015eEH\u0130R YAPARSA EN G\u00dcZEL\u0130N\u0130 YAPAR&#8221;"},"content":{"rendered":"\n<p>Mersin B\u00fcy\u00fck\u015fehir Belediye Ba\u015fkan\u0131 Vahap Se\u00e7er, Toroslar Belediye Ba\u015fkan\u0131 Abdurrahman Y\u0131ld\u0131z ile birlikte; Toroslar \u0130l\u00e7esi&#8217;nde bulunan ve Mersin B\u00fcy\u00fck\u015fehir Belediyesi taraf\u0131ndan yap\u0131m\u0131 devam ederek, y\u00fczde 95&#8217;lik k\u0131sm\u0131 tamamlanan&nbsp;<strong>&#8216;Kurdali Sosyal Ya\u015fam ve \u00c7ocuk Geli\u015fim Merkezi&#8217;<\/strong>ni inceledi.<\/p>\n\n\n\n<p>Mersin B\u00fcy\u00fck\u015fehir Belediyesi taraf\u0131ndan kente kazand\u0131r\u0131larak k\u0131sa s\u00fcre sonra vatanda\u015flar\u0131n hizmetine sunulacak olan Merkez 2 binadan olu\u015fuyor. Merkezin i\u00e7inde; \u00c7ocuk Geli\u015fim Merkezi, Kurs Merkezi, Taziye Evi ve Spor Salonu yer alacak.<\/p>\n\n\n\n<p>Toroslar \u0130l\u00e7esi Kurdali Mahallesi&#8217;nde ger\u00e7ekle\u015ftirilen inceleme gezisinde Ba\u015fkan Se\u00e7er&#8217;e; Toroslar Belediye Ba\u015fkan\u0131 Abdurrahman Y\u0131ld\u0131z, Cumhuriyet Halk Partisi (CHP) Mersin Milletvekili G\u00fclcan K\u0131\u015f, CHP Toroslar \u0130l\u00e7e Ba\u015fkan\u0131 Cumali Akba\u015f, Kurdali Mahalle Muhtar\u0131 Abdullah \u0130nan ile Mersin B\u00fcy\u00fck\u015fehir Belediyesi b\u00fcrokratlar\u0131 e\u015flik etti.<\/p>\n\n\n\n<p><strong>Ba\u015fkan Se\u00e7er: &#8220;B\u00fcy\u00fck\u015fehir yaparsa en g\u00fczelini yapar&#8221;<\/strong><\/p>\n\n\n\n<p>Teknik ekip ile birlikte merkezi inceleyen Ba\u015fkan Se\u00e7er, bina hakk\u0131nda bilgiler ald\u0131. Ba\u015fkan Se\u00e7er, incelemenin ard\u0131ndan yapt\u0131\u011f\u0131 a\u00e7\u0131klamada; Toroslar Belediye Ba\u015fkan\u0131 Abdurrahman Y\u0131ld\u0131z&#8217;a hitaben;&nbsp;<strong>&#8220;Toroslar&#8217;a hep beraber g\u00fczel hizmetler yapaca\u011f\u0131z. Toroslar halk\u0131na bunun s\u00f6z\u00fcn\u00fc verdik. Buras\u0131 Kurdali Sosyal Ya\u015fam Merkezi. Say\u0131n Ba\u015fkan\u0131m bunun temelini 1 \u015eubat&#8217;ta att\u0131k. 6 ay\u0131 bitirdik ve en ge\u00e7 \u00f6n\u00fcm\u00fczdeki ay sonu bitecek. 7 ayda bu i\u015f bitmi\u015f olacak. B\u00fcy\u00fck\u015fehir yaparsa en g\u00fczelini yapar&#8221;<\/strong>&nbsp;s\u00f6zlerine yer verdi.<\/p>\n\n\n\n<p><strong>&#8220;Abdurrahman Ba\u015fkan\u0131m\u0131zla \u00e7ok daha g\u00fczel i\u015fler yapaca\u011f\u0131z&#8221;<\/strong><\/p>\n\n\n\n<p>\u0130n\u015faat hakk\u0131nda bilgi veren Se\u00e7er,&nbsp;<strong>&#8220;Buras\u0131 2 bloktan olu\u015fuyor. Toplam kapal\u0131 alan\u0131 yakla\u015f\u0131k olarak s\u00f6yl\u00fcyorum 2 bin 500 metrekare. Arsa da 1620 metrekare. Bir blokta kad\u0131n ve erkek taziye evi var. 10 s\u0131n\u0131fl\u0131k bir kurs merkezimiz mevcut. Bir de alt kat\u0131nda spor salonu var. Di\u011fer blo\u011fu da tamamen \u00e7ocuklar\u0131m\u0131za ay\u0131rd\u0131k. \u00c7ocuklar bizim gelece\u011fimizi ve oray\u0131 da \u00c7ocuk Geli\u015fim Merkezi yap\u0131yoruz&#8221;<\/strong>&nbsp;diyerek Toroslar&#8217;a hay\u0131rl\u0131 olmas\u0131n\u0131 temenni etti. Toroslar&#8217;\u0131n bu hizmete ihtiyac\u0131 oldu\u011funu vurgulayan Se\u00e7er,&nbsp;<strong>&#8220;7&#8217;den 70&#8217;e herkese hay\u0131rl\u0131 olsun. Toroslar bizi takip etsin, Abdurrahman Ba\u015fkan\u0131m\u0131zla \u00e7ok daha g\u00fczel i\u015fler yapaca\u011f\u0131z&#8221;<\/strong>&nbsp;dedi.<\/p>\n\n\n\n<p><strong>Ba\u015fkan Y\u0131ld\u0131z: &#8220;Toroslar&#8217;\u0131n tamamen ihtiyac\u0131 olan bir merkez&#8221;<\/strong><\/p>\n\n\n\n<p>Toroslar Belediye Ba\u015fkan\u0131 Abdurrahman Y\u0131ld\u0131z da, merkezin k\u0131sa s\u00fcrede bitecek olmas\u0131na ili\u015fkin,&nbsp;<strong>&#8220;B\u00fcy\u00fck\u015fehir&#8217;in i\u015fleri i\u015fte b\u00f6yle. Te\u015fekk\u00fcr ediyoruz. Hakikaten Toroslar&#8217;\u0131n tamamen ihtiyac\u0131 olan \u015feyler. Sadece Taziye Evi ile an\u0131lan bir tesis de\u011fil buras\u0131, \u00e7ocuklar\u0131n, gen\u00e7lerin de faydalanabilecekleri, ders \u00e7al\u0131\u015ft\u0131klar\u0131, zamanlar\u0131n\u0131 ge\u00e7irip, sosyalle\u015febildikleri bir merkez olacak. Hay\u0131rl\u0131 olsun. Elinize sa\u011fl\u0131k&#8221;&nbsp;<\/strong>dedi.<\/p>\n\n\n\n<p><strong>Merkez hakk\u0131nda&#8230;<\/strong><\/p>\n\n\n\n<p>Kurdali Sosyal Ya\u015fam Ve \u00c7ocuk Geli\u015fim Merkezi, Toroslar \u0130l\u00e7esi, H\u00fcseyin Okan Merzeci Bulvar\u0131&#8217;nda yer al\u0131yor. Y\u00fczde 95&#8217;lik k\u0131sm\u0131 tamamlanan Kurdali Sosyal Ya\u015fam ve \u00c7ocuk Geli\u015fim Merkezi&#8217;nin, yang\u0131n kap\u0131s\u0131, do\u011frama camlar\u0131, \u00e7at\u0131 izolasyonu, saha betonu, d\u0131\u015f peyzaj laminant kap\u0131 kanatlar\u0131 imalatlar\u0131 devam ediyor.<\/p>\n\n\n\n<p>Kurdali Sosyal Ya\u015fam ve \u00c7ocuk Geli\u015fim Merkezi&#8217;nin arsa alan\u0131 toplam 1619,11 metrekare iken yap\u0131 alan\u0131 da toplam 2.744,05 metrekareden olu\u015fuyor. Sosyal Ya\u015fam Merkezi binas\u0131 Bodrum+Zemin+3 kat olacak. Zemin katta 210 metrekare alanda erkek taziye evi, 1. katta 210 metrekare alanda kad\u0131n taziye evi, 2. ve 3. katta kurs merkezi yer alacak ve merkezde 10 adet toplam 250 ki\u015filik s\u0131n\u0131f bulunacak. Tesisin bodrum kat\u0131nda da Spor Salonu yer alacak.<\/p>\n\n\n\n<p>\u00c7ocuk Geli\u015fim Merkezi de Bodrum+Zemin Kat+3 kat \u015feklinde olacak. Zemin katta kay\u0131t birimi ve 1 adet s\u0131n\u0131f,&nbsp;&nbsp;1. ve 2. katta 2&#8217;\u015fer adet s\u0131n\u0131f,&nbsp;&nbsp;3. katta yemekhane ve mutfak yer al\u0131rken, merkezde toplam 5 adet s\u0131n\u0131f yer alacak. \u00c7ocuk Geli\u015fim Merkezi 100 ki\u015filik \u00f6\u011frenci kapasitesi ile hizmet verecek.<\/p>\n","protected":false},"excerpt":{"rendered":"<p>Mersin B\u00fcy\u00fck\u015fehir Belediye Ba\u015fkan\u0131 Vahap Se\u00e7er, Toroslar Belediye Ba\u015fkan\u0131 Abdurrahman Y\u0131ld\u0131z ile birlikte; Toroslar \u0130l\u00e7esi&#8217;nde bulunan ve Mersin B\u00fcy\u00fck\u015fehir Belediyesi taraf\u0131ndan yap\u0131m\u0131 devam ederek, y\u00fczde 95&#8217;lik k\u0131sm\u0131 tamamlanan&nbsp;&#8216;Kurdali Sosyal Ya\u015fam ve \u00c7ocuk Geli\u015fim Merkezi&#8217;ni inceledi. Mersin B\u00fcy\u00fck\u015fehir Belediyesi taraf\u0131ndan kente kazand\u0131r\u0131larak k\u0131sa s\u00fcre sonra vatanda\u015flar\u0131n hizmetine sunulacak olan Merkez 2 binadan olu\u015fuyor. Merkezin i\u00e7inde; \u00c7ocuk [&hellip;]<\/p>\n","protected":false},"author":2,"featured_media":34249,"comment_status":"closed","ping_status":"closed","sticky":false,"template":"","format":"standard","meta":{"footnotes":""},"categories":[1,2,3,5],"tags":[],"class_list":["post-34248","post","type-post","status-publish","format-standard","has-post-thumbnail","hentry","category-genel","category-gundem","category-manset","category-mersin"],"views":3,"_links":{"self":[{"href":"https:\/\/mersinkadingazetesi.com\/index.php?rest_route=\/wp\/v2\/posts\/34248"}],"collection":[{"href":"https:\/\/mersinkadingazetesi.com\/index.php?rest_route=\/wp\/v2\/posts"}],"about":[{"href":"https:\/\/mersinkadingazetesi.com\/index.php?rest_route=\/wp\/v2\/types\/post"}],"author":[{"embeddable":true,"href":"https:\/\/mersinkadingazetesi.com\/index.php?rest_route=\/wp\/v2\/users\/2"}],"replies":[{"embeddable":true,"href":"https:\/\/mersinkadingazetesi.com\/index.php?rest_route=%2Fwp%2Fv2%2Fcomments&post=34248"}],"version-history":[{"count":1,"href":"https:\/\/mersinkadingazetesi.com\/index.php?rest_route=\/wp\/v2\/posts\/34248\/revisions"}],"predecessor-version":[{"id":34250,"href":"https:\/\/mersinkadingazetesi.com\/index.php?rest_route=\/wp\/v2\/posts\/34248\/revisions\/34250"}],"wp:featuredmedia":[{"embeddable":true,"href":"https:\/\/mersinkadingazetesi.com\/index.php?rest_route=\/wp\/v2\/media\/34249"}],"wp:attachment":[{"href":"https:\/\/mersinkadingazetesi.com\/index.php?rest_route=%2Fwp%2Fv2%2Fmedia&parent=34248"}],"wp:term":[{"taxonomy":"category","embeddable":true,"href":"https:\/\/mersinkadingazetesi.com\/index.php?rest_route=%2Fwp%2Fv2%2Fcategories&post=34248"},{"taxonomy":"post_tag","embeddable":true,"href":"https:\/\/mersinkadingazetesi.com\/index.php?rest_route=%2Fwp%2Fv2%2Ftags&post=34248"}],"curies":[{"name":"wp","href":"https:\/\/api.w.org\/{rel}","templated":true}]}}