{"id":34256,"date":"2024-08-02T13:01:39","date_gmt":"2024-08-02T10:01:39","guid":{"rendered":"https:\/\/mersinkadingazetesi.com\/?p=34256"},"modified":"2024-08-02T13:01:39","modified_gmt":"2024-08-02T10:01:39","slug":"toroslarda-artik-yeni-bir-takvim-isliyor","status":"publish","type":"post","link":"https:\/\/mersinkadingazetesi.com\/?p=34256","title":{"rendered":"-TOROSLAR&#8217;DA ARTIK YEN\u0130 B\u0130R TAKV\u0130M \u0130\u015eL\u0130YOR"},"content":{"rendered":"\n<p>Toroslar Belediye Ba\u015fkan\u0131 Abdurrahman Y\u0131ld\u0131z, 31 Mart&#8217;tan sonra Toroslar&#8217;da yeni bir takvi<a><\/a>min, yeni bir saatin i\u015flemeye ba\u015flad\u0131\u011f\u0131n\u0131 belirterek &#8220;Art\u0131k belediyemizde&nbsp; i\u015fler t\u0131k\u0131r t\u0131k\u0131r y\u00fcr\u00fcmeye ba\u015flad\u0131.Toroslar&#8217;\u0131n \u00e7ehresi h\u0131zla de\u011fi\u015fmeye ba\u015flad\u0131. Toroslar&#8217;da psikoloji h\u0131zla de\u011fi\u015fmeye ba\u015flad\u0131. Belediyede art\u0131k daha g\u00fclery\u00fczl\u00fc bir ortam var. Vatanda\u015flar art\u0131k belediyeden daha g\u00fclery\u00fczl\u00fc bir ortamda hizmet almaya ba\u015flad\u0131&#8221; dedi. \u00d6nceki d\u00f6nemden kalan vergi ve SGK prim bor\u00e7lar\u0131 nedeniyle belediyenin gelirlerine el konulmas\u0131 ihtimalini de de\u011ferlendiren Ba\u015fkan Y\u0131ld\u0131z, &#8220;Toroslar halk\u0131 m\u00fcsterih olsun. Biz tasarruf yaparak, yeni \u00f6zkayaklar yaratatak hizmetlere devam edece\u011fiz&#8221; dedi.<\/p>\n\n\n\n<p>Toroslar Belediye Meclisi A\u011fustos ay\u0131 ola\u011fan toplant\u0131s\u0131 Belediye Ba\u015fkan\u0131 Abdurrahman Y\u0131ld\u0131z&#8217;\u0131n ba\u015fkanl\u0131\u011f\u0131nda yap\u0131ld\u0131.<\/p>\n\n\n\n<p>Toplant\u0131n\u0131n a\u00e7\u0131l\u0131\u015f\u0131nda meclis \u00fcyeleerini selamlayan Ba\u015fkan Y\u0131ld\u0131z, g\u00f6reve geldikleri 1 Nisan 2024&#8217;ten bu yana belediyede yap\u0131lan \u00e7al\u0131\u015fmalar hakk\u0131nda bilgilendirme yapt\u0131.<\/p>\n\n\n\n<p><strong>&#8220;YEN\u0130 ZAMANIN TOROSLAR&#8217;A NELER KAZANDIRDI\u011eINI G\u00d6RMEYE BA\u015eLADIK&#8221;<\/strong><\/p>\n\n\n\n<p>Ba\u015fkan Y\u0131ld\u0131z, &#8220;Belediyemiz se\u00e7ildi\u011fimiz g\u00fcnden bu yana 4 ay\u0131 doldurdu. Art\u0131k belediyemizde birtak\u0131m i\u015fler t\u0131k\u0131r t\u0131k\u0131r y\u00fcr\u00fcmeye ba\u015flad\u0131. Se\u00e7ildi\u011fimiz g\u00fcn s\u00f6ylemi\u015ftik. 1 Nisan&#8217;dan itibaren Toroslar&#8217;da ba\u015fka bir takvim i\u015fliyor demi\u015ftik, ba\u015fka bir saat \u00e7al\u0131\u015f\u0131yor demi\u015ftik, ba\u015fka bir zaman olacak&nbsp; demi\u015ftik. 4 ayl\u0131k s\u00fcrede g\u00f6rd\u00fck ki bu takvim, bu saat h\u0131zla i\u015flemeye ba\u015flad\u0131. Toroslar&#8217;\u0131n \u00e7ehresi h\u0131zla de\u011fi\u015fmeye ba\u015flad\u0131. Toroslar&#8217;da psikoloji h\u0131zla de\u011fi\u015fmeye ba\u015flad\u0131. Belediyede art\u0131k daha g\u00fclery\u00fczl\u00fc bir ortam var. Vatanda\u015flar art\u0131k belediyeden daha g\u00fclery\u00fczl\u00fc bir ortamda hizmet almaya ba\u015flad\u0131. Dolay\u0131s\u0131yla yeni zaman\u0131n, yeni takvimin, yeni saatin Toroslar&#8217;a neler kazand\u0131rd\u0131\u011f\u0131n\u0131 hep beraber g\u00f6rmeye ba\u015flad\u0131k&#8221; dedi.<\/p>\n\n\n\n<p><strong>&#8220;VATANDA\u015eIN \u0130MARLA \u0130LG\u0130L\u0130 \u0130\u015eLER\u0130 HIZLANDI&#8221;<\/strong><\/p>\n\n\n\n<p>Konu\u015fmas\u0131nda, Toroslar&#8217;da yeni d\u00f6nemde nelerin de\u011fi\u015fti\u011fini birimlerden \u00f6rnekler vererek a\u00e7\u0131klayan Ba\u015fkan Y\u0131ld\u0131z,&nbsp; &#8220;Toroslar Belediyesinde \u00f6zellikle imar ve ruhsatland\u0131rma i\u015flemlerinin \u00e7ok yava\u015f gitti\u011fine ili\u015fkin bir d\u00fc\u015f\u00fcnce vard\u0131. Bu konuda 4 ayl\u0131k zaman diliminde \u00e7ok h\u0131zl\u0131 mesafe kat ettik. Mesela an itibariyle belediyemizde bekleyen imar durumu yok. Kim bu haftan\u0131n ba\u015f\u0131nda&nbsp; imar durumu i\u00e7in ba\u015fvurmu\u015fsa alm\u0131\u015f gitmi\u015f. Eskiden bu i\u015fler i\u00e7in 6 ay, 8 ay beklenirdi. Art\u0131k bunlar beklenmiyor. \u0130\u015fte yeni zaman\u0131n, yeni takvimin en \u00f6nemli g\u00f6stergelerinden biri bu. Toroslar&#8217;\u0131m\u0131zda 1 Nisan 2024 tarihinden bu yana 200 ruhsat vermi\u015fiz. Bu 4 ayl\u0131k zaman diliminde verilen ruhsat say\u0131s. 2023 y\u0131l\u0131 boyunca verilen ruhsat say\u0131s\u0131 321&#8217;den ibaret. Toroslar&#8217;da yat\u0131r\u0131m yapmak isteyen vatanda\u015flar\u0131m\u0131z\u0131n, yat\u0131r\u0131mc\u0131lar\u0131n buraya geldiklerinde neyle kar\u015f\u0131la\u015facaklar\u0131n\u0131 bilmeleri a\u00e7\u0131s\u0131ndan \u00f6nemli bir durum&#8221; ifadelerini kulland\u0131.<\/p>\n\n\n\n<p><strong>&#8220;BAH\u00c7ES\u0130NDE YOL OLMAYAN \u00c7\u0130FT\u00c7\u0130 KALMADI&#8221;<\/strong><\/p>\n\n\n\n<p>Belediyenin yapt\u0131\u011f\u0131 t\u00fcm i\u015f ve i\u015flemlere ili\u015fkin, gerek yap\u0131 kontrol \u00e7al\u0131\u015fmalar\u0131, gerek zab\u0131ta hizmetlerine ili\u015fkin \u00e7ok ciddi mesafe kat edildi\u011fini belirten Ba\u015fkan Y\u0131ld\u0131z, &#8220;Mesela eskiden vatanda\u015f Toroslar Belediyesinden yap\u0131 kullan\u0131m izni belgesi almak zulum derdi. Biz 4 ayda 56 tane yap\u0131 kullanma iznini teslim etmi\u015fiz. Yani oradaki y\u0131\u011f\u0131lma giderilmi\u015f. Asl\u0131nda bu yap\u0131 kullan\u0131m izinlerinin al\u0131nmas\u0131 \u00e7ok zor de\u011fil ama bizden \u00f6nceki y\u00f6netim problem haline getirmi\u015fti. Bunlar bir t\u00fcrl\u00fc i\u015flemiyordu. \u00d6zellikle k\u00f6y yollar\u0131nda \u00f6nemli a\u015fama kaydettik. Toroslar&#8217;da bah\u00e7esine gidemeyen, bah\u00e7esinde yol olmayan \u00e7ift\u00e7i kalmad\u0131&#8221; dedi.<\/p>\n\n\n\n<p><strong>&#8220;BELED\u0130YE AR\u015e\u0130V\u0130 D\u0130J\u0130TAL ORTAMA TA\u015eINIYOR&#8221;<\/strong><\/p>\n\n\n\n<p>Ba\u015fkan Y\u0131ld\u0131z,&nbsp; &#8220;Yasal zorunluluk olmas\u0131na dijital ar\u015five bir t\u00fcrl\u00fc ge\u00e7ilememi\u015fti. Toroslar&#8217;da 3 y\u0131l \u00f6nceki evrak bulunmaz derlerdi. Biz Toroslar&#8217;\u0131n b\u00fct\u00fcn ar\u015fivini bulduk ve dijital ortama ta\u015f\u0131mak i\u00e7in \u00e7al\u0131\u015fmalara ba\u015flad\u0131k. B\u00fct\u00fcn yurtta\u015flar\u0131m\u0131z Toroslar&#8217;\u0131n 30 y\u0131ll\u0131k ar\u015fini bir tu\u015fla g\u00f6rebilecekler&#8221; ifadelerini kulland\u0131.<\/p>\n\n\n\n<p><strong>&#8220;TEM\u0130ZL\u0130K VE \u00c7\u00d6P ARABALARI YEN\u0130LEND\u0130&#8221;<\/strong><\/p>\n\n\n\n<p>Ba\u015fkan Y\u0131ld\u0131z, \u00f6nceki d\u00f6nemde en yenisi 2014 model ara\u00e7larla temizlik hizmeti verildi\u011fini, yeni d\u00f6nemde ise en eskisi 2023 model ara\u00e7larla temizlik ve \u00e7\u00f6p toplama i\u015flerinin yap\u0131ld\u0131\u011f\u0131n\u0131 kaydetti.&nbsp; Y\u0131ld\u0131z, &#8221; Art\u0131k \u00e7\u00f6pleri al\u0131rken sokaklar\u0131m\u0131za kirli su akm\u0131yor&#8221; dedi.<\/p>\n\n\n\n<p>&#8220;<strong>B\u00dcROKRATLARIN KULLANDI\u011eI ARA\u00c7LARDA Y\u00dcZDE 50 BENZ\u0130N TASARRUFU YAPTIK&#8221;<\/strong><\/p>\n\n\n\n<p>Yeni d\u00f6nemde uygulama koyduklar\u0131 israf\u0131 \u00f6nleme ve tasarruf \u00e7al\u0131\u015fmalar\u0131ndan da \u00f6rnek veren Ba\u015fkan Y\u0131ld\u0131z \u015funlar\u0131 s\u00f6yledi:<\/p>\n\n\n\n<p>&#8220;2023 y\u0131l\u0131n\u0131n nisan temmuz aylar\u0131 aras\u0131nda 8 bin litre benzin kullan\u0131lm\u0131\u015f. Bizim g\u00f6revde oldu\u011fumuz 4 ayl\u0131k s\u00fcrede ise 4 bin 478 litre benzin kullanm\u0131\u015f\u0131z. Ayn\u0131 d\u00f6nemde tam y\u00fczde 50 daha az benzin kullanm\u0131\u015f\u0131z. Biliyorsunuz benzin a\u011f\u0131r i\u015f makinelerinde, a\u011f\u0131r ara\u00e7larda kullan\u0131lan bir yak\u0131t de\u011fil. Daha \u00e7ok belediye b\u00fcrokratlar\u0131n\u0131n kulland\u0131\u011f\u0131 ara\u00e7larda kullan\u0131lan bir yak\u0131t. Demek ki tasarruf edilebiliyormu\u015f. Y\u00fczde 50 tasarruf ettik. \u00d6te yandan ayn\u0131 tarihlerde 255 bin 840 litre motorin kullan\u0131lm\u0131\u015fken biz 243 bin litre motorin kullanm\u0131\u015f\u0131z. Ama son 40 g\u00fcnd\u00fcr, \u00e7\u00f6p arabalar\u0131m\u0131z\u0131n, 40 arac\u0131n mazotunu biz \u00f6d\u00fcyoruz. \u00dcstelik yaz mevsimi. Arslank\u00f6y&#8217;den bu bile \u00e7\u00f6p getiriyorruz. Buna ra\u011fmen motorinde y\u00fczde 10 tasarruf etmi\u015fiz. 40 arac\u0131n motorinini biz sa\u011fl\u0131yoruz, yani \u00f6nceki y\u0131l\u0131n ayn\u0131 d\u00f6nemine g\u00f6re asl\u0131nda y\u00fczde 50 motorin tasarrufu sa\u011flam\u0131\u015f\u0131z. Yani istenirse tasarruf ediliyor, ek gelir yarat\u0131l\u0131yor. Her ne kadar \u0130ller Bankas\u0131 h\u00fck\u00fcmetin emriyle bizim gelirlerimize el koysa tasarruf ederek ve ba\u015fka \u00f6z kaynaklar yaratarak hizmetlerimizi devam ettirece\u011fiz.&#8221;<\/p>\n\n\n\n<p><strong>&#8220;BU KARARI UYGULAMAK 2024&#8217;TE M\u0130 AKLINIZA GELD\u0130&#8221;<\/strong><\/p>\n\n\n\n<p>Son g\u00fcnlerde tart\u0131\u015fmalara neden olan, SGK bor\u00e7lar\u0131 nedeniyle belediye gelirlerine el konulmas\u0131 karar\u0131n\u0131 da de\u011ferlendiren Ba\u015fkan Y\u0131ld\u0131z,&nbsp; &#8220;Biz vergi bor\u00e7lar\u0131m\u0131z\u0131 cari olarak \u00f6d\u00fcyoruz. Geriden gelen 32 milyon liral\u0131k bir vergi borcu vard\u0131, ge\u00e7en ay bu para kesildi. Bizim ayl\u0131k gelirimizin 56 milyon lira civar\u0131nda oldu\u011funu d\u00fc\u015f\u00fcn\u00fcrseniz bu bizim i\u00e7in \u00f6nemli bir rakamd\u0131.&nbsp; 2020&#8217;den bu yana vergi ve SGK bor\u00e7lar\u0131n\u0131n takibi yap\u0131lmam\u0131\u015f, 2024 y\u0131l\u0131n\u0131n temmuz ay\u0131na gelmi\u015fiz, diyorlar ki biz vergi bor\u00e7lar\u0131n\u0131 \u0130ller Bankas\u0131 pay\u0131ndan kesece\u011fiz. Niye kesiyorsunuz? 2014 y\u0131l\u0131nda al\u0131nan bir bakanlar kurulu karar\u0131yla 2020&#8217;de de 2014&#8217;teki bu bakanlar kurulu karar\u0131 vard\u0131, 2021&#8217;de vard\u0131, 2022&#8217;de vard\u0131, 2023&#8217;te de vard\u0131. Bakanlar Kurulu karar\u0131n\u0131 uygulamak 2024 y\u0131l\u0131nda m\u0131 akl\u0131n\u0131za geldi. Ama Toroslar halk\u0131 enseyi karartmas\u0131n. Tasarruf yaparak, \u00f6zkaynaklar yaratarak hizmetlerimizi devam ettirece\u011fiz&#8221; dedi.<\/p>\n\n\n\n<p><strong>&#8220;UYUTMAK YER\u0130NE A\u015eILAMA VE KISIRLA\u015eTIRMAYI DO\u011eRU BULUYORUM&#8221;<\/strong><\/p>\n\n\n\n<p>Toroslar Belediye Ba\u015fkan\u0131 Abdurrahman Y\u0131ld\u0131z, meclis toplant\u0131s\u0131nda, sokaklarda ya\u015fayan hayvanlar\u0131n uyutulmas\u0131n\u0131 da \u00f6ng\u00f6ren yasayla ilgili de\u011ferlendirmelerde de bulundu. Y\u0131ld\u0131z \u015funlar\u0131 s\u00f6yledi:<\/p>\n\n\n\n<p>&#8220;Sokak hayvanmalar\u0131 meselesinde ma\u011fdurlar var ama en b\u00fcy\u00fck ma\u011fdur sokakta ya\u015fayan hayvanlar\u0131n kendisi. Y\u0131llard\u0131r bu konuda umursamazca politika geli\u015ftiren h\u00fck\u00fcmetler bug\u00fcn gelinen a\u015famada sanki bu yeni icat olmu\u015f bir meseleymi\u015f gibi belediye ba\u015fkanlar\u0131na cellatl\u0131k rol\u00fc bi\u00e7erek bu meselelerden kurtulmak istiyor. Bu i\u015f b\u00f6yle olmaz. Sokaktaki hayvanlar\u0131 katlederek sorunlar\u0131 \u00e7\u00f6zemeyiz. Hakl\u0131s\u0131n\u0131z, sokaklarda hayvan pop\u00fclasyonu \u00e7ok fazla. Hatta baz\u0131 ara\u015ft\u0131rmalara g\u00f6re sokakta olmas\u0131 gerekenden 10 kat fazla hayvan var. Ama bu o hayvanlar\u0131n tercihi de\u011fil. Bu tamamen bizim ihmal etmemizden kaynakl\u0131, g\u00f6rmezden gelmi\u015f olmam\u0131zdan kaynakl\u0131. Dolay\u0131s\u0131yla \u00e7\u00f6z\u00fcm\u00fcn hayvanlar\u0131 uyutmak de\u011fil, onlar\u0131 a\u015f\u0131lat\u0131p, k\u0131s\u0131rla\u015ft\u0131r\u0131p yeniden sokaklara b\u0131rakmak ve pop\u00fclasyonu azaltmak oldu\u011funu d\u00fc\u015f\u00fcn\u00fcyorum.&#8221;<\/p>\n\n\n\n<p><strong>MECL\u0130S \u00dcYES\u0130 KADINLARDAN ORTAK B\u0130LD\u0130R\u0130<\/strong><\/p>\n\n\n\n<p>Toroslar Belediye Meclisi a\u011fustos ay\u0131 toplant\u0131s\u0131nda kad\u0131n meclis \u00fcyeleri H\u00fclya Ayhan Keskin, Fatma \u00d6zbay, Duygu Yal\u00e7\u0131n K\u0131v\u0131lc\u0131m, Beyaz K\u00f6se, Sibel Toma\u00e7, Bejna G\u00fcney Akda\u011f ve Sevgi Akta\u015f ortak bir bildiriyle TBMM&#8217;de kabul edilen Hayvanlar\u0131 Koruma Kanunuyla ilgili endi\u015felerini dile getirdi.<\/p>\n\n\n\n<p>Ortak bildiriyi okuyan Bejna G\u00fcney Akda\u011f, &#8220;Hayvanlar\u0131 Koruma Kanunu ad\u0131 alt\u0131nda katliam yasas\u0131n\u0131n meclisten ge\u00e7mesine dair b\u00f6yle bir g\u00fcndemi burada dile getirmekten b\u00fcy\u00fck utan\u00e7 ya\u015f\u0131yoruz. Yeni ya\u015fam\u0131 in\u015fa etmeye \u00e7al\u0131\u015ft\u0131\u011f\u0131m\u0131z bir feleseyi savunurken, ya\u015famdan, ya\u015famaktan, \u00e7\u00f6z\u00fcmden yana bir sorumluluk almay\u0131p yasama faaliyetlerini hi\u00e7e sayanlara, dindar\u0131z diyenlere hayvan \u00f6ld\u00fcrmenin g\u00fcnah oldu\u011funu anlatmaya \u00e7al\u0131\u015f\u0131yoruz. Sokakta ya\u015fayan canl\u0131lar\u0131n \u00fczerinden al\u0131nan bu karar\u0131 biz Toroslar Belediyesi kad\u0131n belediye meclisi \u00fcyeleri olarak bir kez daha dile getirmek istiyoruz, her g\u00fcn en az 3 kad\u0131n katledilirken, hayvanlara sokak ortas\u0131nda tecav\u00fcz edilmesine g\u00f6z yumup, katliama g\u00f6z yumup, infaz yasalar\u0131yla katilleri, tacizcileri, tecav\u00fczc\u00fclerin aflarla tahliye edilmesini de\u011fil canl\u0131lar\u0131n ya\u015fam haklar\u0131n\u0131 korumalar\u0131n\u0131 ve al\u0131nan bu karar\u0131n derhal geri \u00e7ekilmesini istiyoruz&#8221; dedi.<\/p>\n\n\n\n<p>Meclis toplant\u0131s\u0131n\u0131n dilek ve temenniler b\u00f6l\u00fcm\u00fcnde kad\u0131n belediye meclisi \u00fcyesi kad\u0131nlar, kad\u0131n cinayetlerine, kad\u0131nlar\u0131n haklar\u0131na yap\u0131lan sald\u0131r\u0131lara dikkat \u00e7ekti ve TBMM g\u00fcndemindeki 9. Yarg\u0131 Paketinin geri \u00e7ekilmesi \u00e7a\u011fr\u0131s\u0131nda bulundu.<\/p>\n","protected":false},"excerpt":{"rendered":"<p>Toroslar Belediye Ba\u015fkan\u0131 Abdurrahman Y\u0131ld\u0131z, 31 Mart&#8217;tan sonra Toroslar&#8217;da yeni bir takvimin, yeni bir saatin i\u015flemeye ba\u015flad\u0131\u011f\u0131n\u0131 belirterek &#8220;Art\u0131k belediyemizde&nbsp; i\u015fler t\u0131k\u0131r t\u0131k\u0131r y\u00fcr\u00fcmeye ba\u015flad\u0131.Toroslar&#8217;\u0131n \u00e7ehresi h\u0131zla de\u011fi\u015fmeye ba\u015flad\u0131. Toroslar&#8217;da psikoloji h\u0131zla de\u011fi\u015fmeye ba\u015flad\u0131. Belediyede art\u0131k daha g\u00fclery\u00fczl\u00fc bir ortam var. Vatanda\u015flar art\u0131k belediyeden daha g\u00fclery\u00fczl\u00fc bir ortamda hizmet almaya ba\u015flad\u0131&#8221; dedi. \u00d6nceki d\u00f6nemden kalan [&hellip;]<\/p>\n","protected":false},"author":2,"featured_media":34257,"comment_status":"closed","ping_status":"closed","sticky":false,"template":"","format":"standard","meta":{"footnotes":""},"categories":[34,2,3,5],"tags":[],"class_list":["post-34256","post","type-post","status-publish","format-standard","has-post-thumbnail","hentry","category-flas-haber","category-gundem","category-manset","category-mersin"],"views":6,"_links":{"self":[{"href":"https:\/\/mersinkadingazetesi.com\/index.php?rest_route=\/wp\/v2\/posts\/34256"}],"collection":[{"href":"https:\/\/mersinkadingazetesi.com\/index.php?rest_route=\/wp\/v2\/posts"}],"about":[{"href":"https:\/\/mersinkadingazetesi.com\/index.php?rest_route=\/wp\/v2\/types\/post"}],"author":[{"embeddable":true,"href":"https:\/\/mersinkadingazetesi.com\/index.php?rest_route=\/wp\/v2\/users\/2"}],"replies":[{"embeddable":true,"href":"https:\/\/mersinkadingazetesi.com\/index.php?rest_route=%2Fwp%2Fv2%2Fcomments&post=34256"}],"version-history":[{"count":1,"href":"https:\/\/mersinkadingazetesi.com\/index.php?rest_route=\/wp\/v2\/posts\/34256\/revisions"}],"predecessor-version":[{"id":34258,"href":"https:\/\/mersinkadingazetesi.com\/index.php?rest_route=\/wp\/v2\/posts\/34256\/revisions\/34258"}],"wp:featuredmedia":[{"embeddable":true,"href":"https:\/\/mersinkadingazetesi.com\/index.php?rest_route=\/wp\/v2\/media\/34257"}],"wp:attachment":[{"href":"https:\/\/mersinkadingazetesi.com\/index.php?rest_route=%2Fwp%2Fv2%2Fmedia&parent=34256"}],"wp:term":[{"taxonomy":"category","embeddable":true,"href":"https:\/\/mersinkadingazetesi.com\/index.php?rest_route=%2Fwp%2Fv2%2Fcategories&post=34256"},{"taxonomy":"post_tag","embeddable":true,"href":"https:\/\/mersinkadingazetesi.com\/index.php?rest_route=%2Fwp%2Fv2%2Ftags&post=34256"}],"curies":[{"name":"wp","href":"https:\/\/api.w.org\/{rel}","templated":true}]}}