{"id":34259,"date":"2024-08-02T13:02:48","date_gmt":"2024-08-02T10:02:48","guid":{"rendered":"https:\/\/mersinkadingazetesi.com\/?p=34259"},"modified":"2024-08-02T13:02:48","modified_gmt":"2024-08-02T10:02:48","slug":"mtso-tarim-sektorunu-iklim-degisikligine-hazirliyor","status":"publish","type":"post","link":"https:\/\/mersinkadingazetesi.com\/?p=34259","title":{"rendered":"MTSO, tar\u0131m sekt\u00f6r\u00fcn\u00fc iklim de\u011fi\u015fikli\u011fine haz\u0131rl\u0131yor"},"content":{"rendered":"\n<p>Mersin Ticaret ve Sanayi Odas\u0131 (MTSO) stratejik hedefleri \u00e7er\u00e7evesinde kentin iklim de\u011fi\u015fikli\u011fine uyumuna y\u00f6nelik \u00e7al\u0131\u015fmalar\u0131n\u0131 s\u00fcrd\u00fcr\u00fcyor. Bu ba\u011flamda MTSO Koordinat\u00f6rl\u00fc\u011f\u00fcnde Mersin B\u00fcy\u00fck\u015fehir Belediyesi, Bo\u011fazi\u00e7i \u00dcniversitesi ve Alata Bah\u00e7e K\u00fclt\u00fcrleri Ara\u015ft\u0131rma Enstit\u00fcs\u00fc ortakl\u0131\u011f\u0131nda y\u00fcr\u00fct\u00fclen \u2018Bitkilerin Sesine Kulak Verin, \u0130klim De\u011fi\u015fikli\u011fine Uyum Sa\u011flay\u0131n Projesi\u2019ne devam ediliyor. Projeyle Mersin\u2019de iklim de\u011fi\u015fikli\u011fine y\u00f6nelik tar\u0131msal dayan\u0131kl\u0131l\u0131\u011f\u0131n\u0131n artmas\u0131 i\u00e7in alternatif tar\u0131msal bitki \u00e7e\u015fitlerinin belirlenmesi ve yayg\u0131nla\u015ft\u0131r\u0131lmas\u0131, iklim de\u011fi\u015fikli\u011fine y\u00f6nelik fark\u0131ndal\u0131k olu\u015fturulmas\u0131 hedefleniyor. Ge\u00e7ti\u011fimiz g\u00fcnlerde a\u00e7\u0131l\u0131\u015f toplant\u0131s\u0131 ger\u00e7ekle\u015ftirilen projenin \u00e7al\u0131\u015fmalar\u0131 kapsam\u0131nda taraflar bu kez yol haritas\u0131n\u0131 belirlemek i\u00e7in MTSO Y\u00f6netim Kurulu Ba\u015fkan\u0131 Hakan Sefa \u00c7ak\u0131r evsahipli\u011finde bir araya geldi.&nbsp;<br>18 ay s\u00fcrecek proje kapsam\u0131nda ilk etapta proje ekibi olu\u015fturularak g\u00f6rev da\u011f\u0131l\u0131mlar\u0131 yap\u0131ld\u0131. Bo\u011fazi\u00e7i \u00dcniversitesi \u0130klim De\u011fi\u015fikli\u011fi Merkezi ve Alata Bah\u00e7e Bitkileri Ara\u015ft\u0131rma Enstit\u00fcs\u00fc taraf\u0131ndan g\u00f6revlendirilen proje ekibi \u2018\u0130klim De\u011fi\u015fikli\u011fi i\u00e7in Mersin Tar\u0131msal K\u00fclt\u00fcr Bitkisi T\u00fcrleri \u00d6nerisi Raporu\u2019 ile \u201c\u0130klim De\u011fi\u015fikli\u011fi i\u00e7in Mersin Tar\u0131msal K\u00fclt\u00fcr Bitkilerini Yeti\u015ftirmeleri Raporu\u2019nu haz\u0131rlayacak. Ard\u0131ndan olas\u0131 iklim de\u011fi\u015fikli\u011fi senaryolar\u0131 \u00e7er\u00e7evesinde Mersin\u2019i bekleyen yeni iklim ko\u015fullar\u0131 ve su kaynaklar\u0131na uyumlu yeni \u00fcr\u00fcn deseni \u00f6nerilerini i\u00e7erecek rapor sonu\u00e7lar\u0131 aktif \u00fcretim yapan \u00e7ift\u00e7iler ve ziraat m\u00fchendisleriyle payla\u015f\u0131lacak. Bu kapsamda 300 \u00e7ift\u00e7iyle 50 ziraat m\u00fchendisine ula\u015f\u0131lmas\u0131 planlan\u0131yor. Proje kapsam\u0131nda \u00f6n\u00fcm\u00fczdeki s\u00fcre\u00e7te Mersin \u0130klim De\u011fi\u015fikli\u011fi ve Tar\u0131m \u00c7al\u0131\u015ftay\u0131 d\u00fczenlenmesi, iklim de\u011fi\u015fikli\u011fi ve tar\u0131mda fark\u0131ndal\u0131\u011f\u0131n art\u0131r\u0131lmas\u0131, \u0130klim De\u011fi\u015fikli\u011fi ve Tar\u0131msal \u00dcretim Adaptasyon Merkezi kurulmas\u0131, Mersin Tar\u0131m Sekt\u00f6r\u00fc ve \u0130klim De\u011fi\u015fikli\u011fi Platformu Kurulmas\u0131 son olarak Uluslararas\u0131 Akdeniz \u0130klim De\u011fi\u015fikli\u011fi ve Tar\u0131m Konferans\u0131 d\u00fczenlenmesi de hedefler aras\u0131nda.&nbsp;<\/p>\n\n\n\n<p><strong>Mersin\u2019de 10 y\u0131ll\u0131k periyodlarla s\u0131cakl\u0131k artarken ya\u011f\u0131\u015flar azal\u0131yor<\/strong><br>Toplant\u0131, Bo\u011fazi\u00e7i \u00dcniversitesi \u0130klim De\u011fi\u015fikli\u011fi Merkezi Uzmanlar\u0131 Tufan Turp ve Nazan An\u2019\u0131n Mersin\u2019e y\u00f6nelik yapt\u0131klar\u0131 ara\u015ft\u0131rmalar\u0131 aktarmas\u0131yla ba\u015flad\u0131. Mersin\u2019de 1970\u2019le 2020 y\u0131llar\u0131 aras\u0131n\u0131 inceleyip referans ald\u0131klar\u0131n\u0131 ve ilk etapta 2025-2050 y\u0131llar\u0131 aral\u0131\u011f\u0131n\u0131 ard\u0131ndan da 2050-2075 y\u0131llar\u0131 aras\u0131 tahminleri yapacaklar\u0131n\u0131 aktaran uzmanlar, kentte mevcut durumda her 10 y\u0131ll\u0131k periyodda ya\u011f\u0131\u015flarda belirgin azalma, s\u0131cakl\u0131klarda ise art\u0131\u015f saptand\u0131\u011f\u0131n\u0131 bildirdi.&nbsp;<br>Ge\u00e7mi\u015fte s\u0131cakl\u0131klarda y\u00fczlerce y\u0131lda 1 derecelik art\u0131\u015f ya\u015fan\u0131rken sanayi devrimi sonras\u0131nda bu art\u0131\u015f\u0131n 100 y\u0131la geriledi\u011fi dile getirilerek, \u015fu anda ise s\u0131cakl\u0131klar\u0131n 100 y\u0131ldan dahi az bir s\u00fcrede art\u0131\u015f kaydetti\u011fi aktar\u0131ld\u0131. 2050-2075 y\u0131llar\u0131 aral\u0131\u011f\u0131ndaki s\u0131cakl\u0131\u011f\u0131n bir \u00f6nceki d\u00f6nem s\u0131cakl\u0131\u011f\u0131n\u0131n iki kat\u0131na \u00e7\u0131kmas\u0131n\u0131n beklendi\u011fini dile getiren uzmanlar, yapacaklar\u0131 \u00e7al\u0131\u015fmalarda tar\u0131m sekt\u00f6r\u00fc i\u00e7in \u00f6nem ta\u015f\u0131yan Mersin\u2019in ya\u011f\u0131\u015f, nem, g\u00fcne\u015flenme s\u00fcresi, r\u00fczg\u00e2r h\u0131zlar\u0131, buharla\u015fma gibi verileri de detayland\u0131r\u0131p raporlayacaklar\u0131n\u0131 ifade etti. B\u00f6ylece bir taraftan bu de\u011fi\u015fimden mevcut \u00fcr\u00fcnlerin nas\u0131l etkilenece\u011fini saptarken di\u011fer taraftan alternatif \u00fcr\u00fcnlerin hangileri olabilece\u011fini \u00e7al\u0131\u015facaklar\u0131n\u0131 s\u00f6yledi.&nbsp;<br>\u0130lk etapta b\u00f6lge i\u00e7in \u00f6nem ta\u015f\u0131yan narenciye ve sert \u00e7ekirdekli meyvelerle \u00e7al\u0131\u015fmaya ba\u015flay\u0131p ard\u0131ndan bu\u011fday, soya, m\u0131s\u0131r ve zeytinle devam edilece\u011fini kaydeden uzmanlar, rapor \u00e7\u0131kt\u0131lar\u0131na g\u00f6re ard\u0131ndan \u00fcreticiler ve ziraat m\u00fchendisleriyle bir araya gelinerek fark\u0131ndal\u0131k \u00e7al\u0131\u015fmalar\u0131 ve e\u011fitimler d\u00fczenlenece\u011fini bildirdi.&nbsp;<\/p>\n\n\n\n<p><strong>\u00c7ak\u0131r: \u201c\u00c7ok su isteyen \u00fcr\u00fcnlerin \u00f6n\u00fcne bug\u00fcnden ge\u00e7ilmeli\u201d<\/strong><br>\u0130klim de\u011fi\u015fikli\u011finin t\u00fcm d\u00fcnyay\u0131 ilgilendiren \u00f6nemli bir konu oldu\u011funu ifade eden MTSO Y\u00f6netim Kurulu Ba\u015fkan\u0131 Hakan Sefa \u00c7ak\u0131r, bu de\u011fi\u015fimin \u00f6zellikle tar\u0131m sekt\u00f6r\u00fcn\u00fc yak\u0131ndan ilgilendirdi\u011fine dikkat \u00e7ekti. Bu nedenle T\u00fcrkiye\u2019nin \u00fcretim ambar\u0131 olarak kabul edilen \u00c7ukurova B\u00f6lgesi\u2019nde bug\u00fcnden iklim de\u011fi\u015fimine uyum \u00e7al\u0131\u015fmalar\u0131 y\u00fcr\u00fct\u00fclmesinin \u00f6nemini vurgulayan \u00c7ak\u0131r, \u201cBiz 10 senedir konu\u015fuyorken, geldi\u011fimiz noktada art\u0131k herkes iklimi konu\u015fuyor. \u00dcretici mevcut sorunu susuzluk nedeniyle ya\u015fad\u0131\u011f\u0131 s\u0131k\u0131nt\u0131lar sonras\u0131 bah\u00e7elerini s\u00f6kmek durumunda kal\u0131nca anlad\u0131. \u00c7\u00f6z\u00fcme y\u00f6nelik devlet politikalar\u0131 geli\u015ftirilmeli. \u0130klim de\u011fi\u015fikli\u011fi bu co\u011frafya \u00fczerinde kendisini \u00e7ok net g\u00f6sterece\u011finden belki Mersin ve Adana pilot b\u00f6lge olarak kabul edip tar\u0131msal d\u00f6n\u00fc\u015f\u00fcme y\u00f6nelik b\u00f6lge \u00e7al\u0131\u015fmalar\u0131 desteklenebilir\u201d dedi.&nbsp;<br>\u0130klim de\u011fi\u015fikli\u011finin etkilerinin mutlaka g\u00f6r\u00fclece\u011fini, bu etkileri hafifletmek m\u00fcmk\u00fcn olmasa da daha sert hissedilmesinin \u00f6n\u00fcne ge\u00e7ilebilece\u011fini ifade eden \u00c7ak\u0131r, \u00e7ok su istemeyen \u00fcr\u00fcnlerin ekiminin bug\u00fcnden g\u00fcndeme getirilmesi gerekti\u011fini vurgulad\u0131. \u00c7ak\u0131r, \u201cE\u011fer ticari de\u011feri \u00e7ok y\u00fcksek diye bug\u00fcn \u00e7ok su isteyen bir \u00fcr\u00fcn\u00fc bah\u00e7emize dikersek as\u0131l verim alaca\u011f\u0131m\u0131z 4-5 y\u0131l\u0131n sonunda su bulamad\u0131\u011f\u0131m\u0131zdan bah\u00e7eleri s\u00f6kmek durumunda kal\u0131rsak zarar\u0131m\u0131z \u00e7ok daha fazla olur. Bu nedenle planlamalar\u0131m\u0131z\u0131 do\u011fru yapabilmemiz ad\u0131na bu projeyi \u00f6nemsiyorum\u201d ifadelerini kulland\u0131.&nbsp;<\/p>\n\n\n\n<p><strong>Zayim: \u201cYerel y\u00f6netimler ve politika yap\u0131c\u0131lar aksiyon almal\u0131\u201d<\/strong><br>Mevcut \u00fcr\u00fcn desenini birden de\u011fi\u015ftirmenin maliyetli ve zor olabilece\u011fine i\u015faret eden Alata Bah\u00e7e K\u00fclt\u00fcrleri ve Ara\u015ft\u0131rma Enstit\u00fcs\u00fc M\u00fcd\u00fcr\u00fc Mustafa Nevzat Zayim ise mevcut \u00fcr\u00fcnlerin yeni iklim ko\u015fullar\u0131na uyumuna y\u00f6nelik \u00e7al\u0131\u015fmalar da yap\u0131labilece\u011fini s\u00f6yledi. Ar\u0131tma sular\u0131n\u0131n tar\u0131mda kullan\u0131lmas\u0131 konusunda belediyelerle \u00e7al\u0131\u015f\u0131labilece\u011fini kaydeden Zayim, Devlet Su \u0130\u015flerinin de ka\u00e7aklar\u0131 \u00f6nlemek ad\u0131na kuyular\u0131 ruhsatland\u0131rabilece\u011fini dile getirdi. Bu sorunun \u00e7ok kapsaml\u0131 ve uzun soluklu oldu\u011funu hat\u0131rlatan Zayim, yerel y\u00f6netimlerin ve politika yap\u0131c\u0131lar\u0131n ortak aksiyonlar almas\u0131 gerekti\u011fini de ifade etti. Mersin\u2019in ge\u00e7mi\u015fte pamuk, f\u0131st\u0131k, susam gibi daha az su isteyen \u00fcr\u00fcnleri \u00fcretirken ticari kayg\u0131larla daha \u00e7ok su isteyen \u00fcr\u00fcnlere y\u00f6neldi\u011fini hat\u0131rlatan Zayim, yeniden daha az su isteyen \u00fcr\u00fcnlere y\u00f6nelmek gerekti\u011fini bildirdi.&nbsp;<\/p>\n","protected":false},"excerpt":{"rendered":"<p>Mersin Ticaret ve Sanayi Odas\u0131 (MTSO) stratejik hedefleri \u00e7er\u00e7evesinde kentin iklim de\u011fi\u015fikli\u011fine uyumuna y\u00f6nelik \u00e7al\u0131\u015fmalar\u0131n\u0131 s\u00fcrd\u00fcr\u00fcyor. Bu ba\u011flamda MTSO Koordinat\u00f6rl\u00fc\u011f\u00fcnde Mersin B\u00fcy\u00fck\u015fehir Belediyesi, Bo\u011fazi\u00e7i \u00dcniversitesi ve Alata Bah\u00e7e K\u00fclt\u00fcrleri Ara\u015ft\u0131rma Enstit\u00fcs\u00fc ortakl\u0131\u011f\u0131nda y\u00fcr\u00fct\u00fclen \u2018Bitkilerin Sesine Kulak Verin, \u0130klim De\u011fi\u015fikli\u011fine Uyum Sa\u011flay\u0131n Projesi\u2019ne devam ediliyor. Projeyle Mersin\u2019de iklim de\u011fi\u015fikli\u011fine y\u00f6nelik tar\u0131msal dayan\u0131kl\u0131l\u0131\u011f\u0131n\u0131n artmas\u0131 i\u00e7in alternatif tar\u0131msal [&hellip;]<\/p>\n","protected":false},"author":2,"featured_media":34260,"comment_status":"closed","ping_status":"closed","sticky":false,"template":"","format":"standard","meta":{"footnotes":""},"categories":[34,2,3,5],"tags":[],"class_list":["post-34259","post","type-post","status-publish","format-standard","has-post-thumbnail","hentry","category-flas-haber","category-gundem","category-manset","category-mersin"],"views":8,"_links":{"self":[{"href":"https:\/\/mersinkadingazetesi.com\/index.php?rest_route=\/wp\/v2\/posts\/34259"}],"collection":[{"href":"https:\/\/mersinkadingazetesi.com\/index.php?rest_route=\/wp\/v2\/posts"}],"about":[{"href":"https:\/\/mersinkadingazetesi.com\/index.php?rest_route=\/wp\/v2\/types\/post"}],"author":[{"embeddable":true,"href":"https:\/\/mersinkadingazetesi.com\/index.php?rest_route=\/wp\/v2\/users\/2"}],"replies":[{"embeddable":true,"href":"https:\/\/mersinkadingazetesi.com\/index.php?rest_route=%2Fwp%2Fv2%2Fcomments&post=34259"}],"version-history":[{"count":1,"href":"https:\/\/mersinkadingazetesi.com\/index.php?rest_route=\/wp\/v2\/posts\/34259\/revisions"}],"predecessor-version":[{"id":34261,"href":"https:\/\/mersinkadingazetesi.com\/index.php?rest_route=\/wp\/v2\/posts\/34259\/revisions\/34261"}],"wp:featuredmedia":[{"embeddable":true,"href":"https:\/\/mersinkadingazetesi.com\/index.php?rest_route=\/wp\/v2\/media\/34260"}],"wp:attachment":[{"href":"https:\/\/mersinkadingazetesi.com\/index.php?rest_route=%2Fwp%2Fv2%2Fmedia&parent=34259"}],"wp:term":[{"taxonomy":"category","embeddable":true,"href":"https:\/\/mersinkadingazetesi.com\/index.php?rest_route=%2Fwp%2Fv2%2Fcategories&post=34259"},{"taxonomy":"post_tag","embeddable":true,"href":"https:\/\/mersinkadingazetesi.com\/index.php?rest_route=%2Fwp%2Fv2%2Ftags&post=34259"}],"curies":[{"name":"wp","href":"https:\/\/api.w.org\/{rel}","templated":true}]}}