{"id":34265,"date":"2024-08-02T13:07:04","date_gmt":"2024-08-02T10:07:04","guid":{"rendered":"https:\/\/mersinkadingazetesi.com\/?p=34265"},"modified":"2024-08-02T13:07:05","modified_gmt":"2024-08-02T10:07:05","slug":"turguttan-esnafa-denetim-ve-ziyaret","status":"publish","type":"post","link":"https:\/\/mersinkadingazetesi.com\/?p=34265","title":{"rendered":"TURGUT\u2019TAN ESNAFA DENET\u0130M VE Z\u0130YARET\u00a0"},"content":{"rendered":"\n<blockquote class=\"wp-block-quote is-layout-flow wp-block-quote-is-layout-flow\">\n<p><\/p>\n<\/blockquote>\n\n\n\n<blockquote class=\"wp-block-quote is-layout-flow wp-block-quote-is-layout-flow\">\n<blockquote class=\"wp-block-quote is-layout-flow wp-block-quote-is-layout-flow\">\n<p>Silifke Belediye Ba\u015fkan\u0131 Dr. Mustafa Turgut, beraberinde belediye ba\u015fkan yard\u0131mc\u0131lar\u0131 ve zab\u0131ta ekipleri ile birlikte Silifke Cuma Pazar\u0131&#8217;nda denetimlerde bulundu. Pazar esnaf\u0131&#8217;n\u0131 tek tek ziyaret eden&nbsp;Turgut,&nbsp;pazar esnaf\u0131 ile vatanda\u015flar\u0131n dert ve sorunlar\u0131n\u0131 dinledi.<\/p>\n\n\n\n<p>Mahalle ve vatanda\u015f ziyaretlerini hem merkezde hem de k\u0131rsalda, g\u00f6reve ba\u015flad\u0131klar\u0131 g\u00fcnden itibaren s\u00fcrd\u00fcrd\u00fcklerini ifade eden Ba\u015fkan Turgut, \u2018Uzak yak\u0131n demeden hem\u015ferilerimizin aya\u011f\u0131na gidiyoruz. Kap\u0131s\u0131n\u0131 \u00e7al\u0131yor, hal hat\u0131r soruyoruz. Bu ziyaretlerde, se\u00e7im s\u00fcrecinde ald\u0131\u011f\u0131m\u0131z notlar\u0131n yan\u0131 s\u0131ra g\u00f6reve gelir gelmez t\u00fcm mahallemizde belirledi\u011fimiz sorun ve beklentileri \u00e7\u00f6z\u00fcme kavu\u015fturmaya \u00e7al\u0131\u015f\u0131yor, s\u00f6z konusu sorunlar\u0131 yerinde inceliyor, mahalle muhtarlar\u0131m\u0131z ve vatanda\u015flar\u0131m\u0131zla isti\u015fareler ger\u00e7ekle\u015ftiriyoruz. Yeni taleplerle ilgili de anl\u0131k \u00e7\u00f6z\u00fcme kavu\u015facak olanlar\u0131 yerinde verdi\u011fimiz talimatlar\u0131m\u0131zla kar\u015f\u0131larken, k\u0131sa ve orta vadede \u00e7\u00f6zebileceklerimizin de planlamalar\u0131n\u0131 yine yerinde yap\u0131yoruz.\u201d dedi.<\/p>\n<\/blockquote>\n<\/blockquote>\n","protected":false},"excerpt":{"rendered":"","protected":false},"author":2,"featured_media":34266,"comment_status":"closed","ping_status":"closed","sticky":false,"template":"","format":"standard","meta":{"footnotes":""},"categories":[3],"tags":[],"class_list":["post-34265","post","type-post","status-publish","format-standard","has-post-thumbnail","hentry","category-manset"],"views":6,"_links":{"self":[{"href":"https:\/\/mersinkadingazetesi.com\/index.php?rest_route=\/wp\/v2\/posts\/34265"}],"collection":[{"href":"https:\/\/mersinkadingazetesi.com\/index.php?rest_route=\/wp\/v2\/posts"}],"about":[{"href":"https:\/\/mersinkadingazetesi.com\/index.php?rest_route=\/wp\/v2\/types\/post"}],"author":[{"embeddable":true,"href":"https:\/\/mersinkadingazetesi.com\/index.php?rest_route=\/wp\/v2\/users\/2"}],"replies":[{"embeddable":true,"href":"https:\/\/mersinkadingazetesi.com\/index.php?rest_route=%2Fwp%2Fv2%2Fcomments&post=34265"}],"version-history":[{"count":1,"href":"https:\/\/mersinkadingazetesi.com\/index.php?rest_route=\/wp\/v2\/posts\/34265\/revisions"}],"predecessor-version":[{"id":34267,"href":"https:\/\/mersinkadingazetesi.com\/index.php?rest_route=\/wp\/v2\/posts\/34265\/revisions\/34267"}],"wp:featuredmedia":[{"embeddable":true,"href":"https:\/\/mersinkadingazetesi.com\/index.php?rest_route=\/wp\/v2\/media\/34266"}],"wp:attachment":[{"href":"https:\/\/mersinkadingazetesi.com\/index.php?rest_route=%2Fwp%2Fv2%2Fmedia&parent=34265"}],"wp:term":[{"taxonomy":"category","embeddable":true,"href":"https:\/\/mersinkadingazetesi.com\/index.php?rest_route=%2Fwp%2Fv2%2Fcategories&post=34265"},{"taxonomy":"post_tag","embeddable":true,"href":"https:\/\/mersinkadingazetesi.com\/index.php?rest_route=%2Fwp%2Fv2%2Ftags&post=34265"}],"curies":[{"name":"wp","href":"https:\/\/api.w.org\/{rel}","templated":true}]}}