{"id":34269,"date":"2024-08-04T09:56:18","date_gmt":"2024-08-04T06:56:18","guid":{"rendered":"https:\/\/mersinkadingazetesi.com\/?p=34269"},"modified":"2024-08-04T09:56:18","modified_gmt":"2024-08-04T06:56:18","slug":"mersinli-cocuklarin-sesi-cocuk-meclisi-temmuz-ayi-olagan-toplantisini-duzenledi","status":"publish","type":"post","link":"https:\/\/mersinkadingazetesi.com\/?p=34269","title":{"rendered":"MERS\u0130NL\u0130 \u00c7OCUKLARIN SES\u0130 \u00c7OCUK MECL\u0130S\u0130 TEMMUZ AYI OLA\u011eAN TOPLANTISINI D\u00dcZENLED\u0130"},"content":{"rendered":"\n<p>Kent genelinde \u00e7ocuklarla ilgili fark\u0131ndal\u0131klar\u0131n daha da art\u0131r\u0131lmas\u0131 ve \u00e7ocuklar\u0131n sesi olmas\u0131 amac\u0131yla hayata ge\u00e7irilen Mersin B\u00fcy\u00fck\u015fehir Belediyesi 1. D\u00f6nem \u00c7ocuk Meclisi&#8217;nin Temmuz Ay\u0131 Ola\u011fan Toplant\u0131s\u0131 ger\u00e7ekle\u015ftirildi.<\/p>\n\n\n\n<p>Kongre ve Sergi Saray\u0131 \u00c7ok Ama\u00e7l\u0131 Salon&#8217;da Meclis Ba\u015fkan\u0131 Meri\u00e7 Ye\u015fil\u00e7ay\u0131r&#8217;\u0131n ba\u015fkanl\u0131\u011f\u0131nda yoklaman\u0131n al\u0131nmas\u0131 ile ba\u015flayan oturum, Sayg\u0131 Duru\u015fu ve \u0130stiklal Mar\u015f\u0131&#8217;n\u0131n okunmas\u0131 ile devam etti. Toplant\u0131da May\u0131s ay\u0131nda al\u0131nan 14 karar maddesinin yan\u0131 s\u0131ra 8 g\u00fcndem maddesi g\u00f6r\u00fc\u015f\u00fcld\u00fc.<\/p>\n\n\n\n<p>G\u00f6r\u00fc\u015f\u00fclen maddeler aras\u0131nda; Mersin genelinde \u00e7ocuklar\u0131n k\u00fclt\u00fcr, sanat ve sportif faaliyetlere ula\u015f\u0131m imkan\u0131n\u0131n art\u0131r\u0131lmas\u0131, \u00e7ocuklar\u0131n kent tarihini ve k\u00fclt\u00fcrel miras\u0131n\u0131 yak\u0131ndan tan\u0131yabilmeleri ve g\u00f6rebilmeleri i\u00e7in gezilerin d\u00fczenlenmesi ve \u00e7ocuklar\u0131n keyifli zaman ge\u00e7irece\u011fi kurs merkezlerinin a\u00e7\u0131lmas\u0131 ile ilgili konu ba\u015fl\u0131klar\u0131 yer ald\u0131.<\/p>\n\n\n\n<p>Oturumun son k\u0131sm\u0131nda dilek ve temenniler b\u00f6l\u00fcm\u00fcnde ise Meclis \u00fcyeleri; yaz d\u00f6neminin gelmesi ile birlikte \u00e7ocuklar\u0131n keyifli ve e\u011flenceli vakit ge\u00e7irmelerini sa\u011flamak amac\u0131yla sportif faaliyetlerin yayg\u0131nla\u015ft\u0131r\u0131lmas\u0131n\u0131, halka a\u00e7\u0131k plajlarda WC, du\u015fakabin ve soyunma kabini say\u0131s\u0131n\u0131n art\u0131r\u0131lmas\u0131n\u0131 dile getirdiler. \u00c7ocuklara y\u00f6nelik kurs ve sanatsal faaliyetlerin art\u0131r\u0131lmas\u0131n\u0131 ve kurs merkezlerinin \u00e7o\u011falmas\u0131n\u0131 isteyen Meclis \u00fcyeleri, sokak hayvanlar\u0131yla ilgili de Belediyelerin sa\u011flam\u0131\u015f oldu\u011fu mama, a\u015f\u0131 ve bak\u0131m deste\u011fini daha da art\u0131rmas\u0131 gibi taleplerini ilettiler.<\/p>\n\n\n\n<p><strong>Kurtulu\u015f: &#8220;\u00c7ocuk Meclisi hayata ge\u00e7irildi\u011fin beri \u00e7ocuklar\u0131n istekleri ger\u00e7ekle\u015fiyor&#8221;<\/strong><\/p>\n\n\n\n<p>\u00c7ocuk Meclisi \u00dcyelerinden Elif Su Kurtulu\u015f, \u00c7ocuk Meclisi&#8217;nin kendisi i\u00e7in \u00e7ok g\u00fczel ge\u00e7ti\u011fini anlatarak,&nbsp;<strong>&#8220;Burada fikirlerimizi anlat\u0131yoruz, e\u011fleniyoruz. Biz i\u00e7imizdekileri ve d\u00fc\u015f\u00fcncelerimizi birilerine s\u00f6ylemiyorduk ve Ba\u015fkan\u0131m\u0131z Vahap Se\u00e7er \u00c7ocuk Meclisi&#8217;ni yaratt\u0131\u011f\u0131ndan beri \u00e7ocuklar\u0131n istekleri ger\u00e7ekle\u015fiyor. Mersin daha da de\u011fi\u015fti ve daha g\u00fczel oldu&#8221;<\/strong>&nbsp;dedi.<\/p>\n\n\n\n<p>E\u011fitim ve Bas\u0131n Yay\u0131n Komisyonu \u00dcyesi Ada \u00d6zen \u00c7ocuk Meclisi&#8217;ne severek geldi\u011fini belirterek,&nbsp;<strong>&#8220;Burada fikirlerimizi payla\u015fabiliyoruz, e\u011fleniyoruz. Ayr\u0131ca Mersin i\u00e7in iyi kararlar da al\u0131yoruz&#8221;&nbsp;<\/strong>diye konu\u015ftu.<\/p>\n\n\n\n<p><strong>Tekta\u015f: &#8220;\u00c7ocuk Meclisi&#8217;nin \u00e7ok b\u00fcy\u00fck bir fark yarataca\u011f\u0131na inan\u0131yorum&#8221;<\/strong><\/p>\n\n\n\n<p>\u0130hsan Efe Tekta\u015f, \u00c7ocuk Meclisi fikrinin \u00e7ok iyi d\u00fc\u015f\u00fcn\u00fclm\u00fc\u015f bir fikir oldu\u011funu vurgulayarak,&nbsp;<strong>&#8220;\u00c7ocuk Meclisi bence harika bir fikir. \u00c7\u00fcnk\u00fc \u00e7ocuklar kendi dileklerini, se\u00e7imlerini yapabiliyorlar. Ayn\u0131 b\u00fcy\u00fckler gibi. \u00c7ocuk Meclisi&#8217;nin \u00e7ok b\u00fcy\u00fck bir fark yarataca\u011f\u0131na inan\u0131yorum. \u00d6zellikle de Mersin&#8217;de de\u011fil bir\u00e7ok ilimizde T\u00fcrkiye&#8217;nin 81 ilinde bu Meclis \u00e7ok b\u00fcy\u00fck bir etki yarat\u0131r&#8221;&nbsp;<\/strong>ifadelerini kulland\u0131.<\/p>\n\n\n\n<p>\u00c7ocuk Meclisi \u00fcyesi olmaktan mutlu oldu\u011funu dile getiren E\u011fitim Komisyonu \u00dcyesi Firdevs Kaya,&nbsp;<strong>&#8221;&nbsp;<em>&#8216;S\u00f6z k\u00fc\u00e7\u00fc\u011f\u00fcn diyerek&#8217;<\/em>&nbsp;bizleri de kapsad\u0131klar\u0131 i\u00e7in \u00e7ok te\u015fekk\u00fcr ediyorum. Baz\u0131 ya\u015f\u0131 k\u00fc\u00e7\u00fck olan karde\u015flerimiz, arkada\u015flar\u0131m\u0131z var ve onlar\u0131n park gibi taleplerini veya okuyamay\u0131p da okula devam edemeyen \u00e7ocuklar i\u00e7in maddi-manevi destek istiyoruz. Bunun gibi ba\u015fka bir\u00e7ok \u00f6nerge sunuyoruz&#8221;<\/strong>&nbsp;s\u00f6zlerine yer verdi.<\/p>\n","protected":false},"excerpt":{"rendered":"<p>Kent genelinde \u00e7ocuklarla ilgili fark\u0131ndal\u0131klar\u0131n daha da art\u0131r\u0131lmas\u0131 ve \u00e7ocuklar\u0131n sesi olmas\u0131 amac\u0131yla hayata ge\u00e7irilen Mersin B\u00fcy\u00fck\u015fehir Belediyesi 1. D\u00f6nem \u00c7ocuk Meclisi&#8217;nin Temmuz Ay\u0131 Ola\u011fan Toplant\u0131s\u0131 ger\u00e7ekle\u015ftirildi. Kongre ve Sergi Saray\u0131 \u00c7ok Ama\u00e7l\u0131 Salon&#8217;da Meclis Ba\u015fkan\u0131 Meri\u00e7 Ye\u015fil\u00e7ay\u0131r&#8217;\u0131n ba\u015fkanl\u0131\u011f\u0131nda yoklaman\u0131n al\u0131nmas\u0131 ile ba\u015flayan oturum, Sayg\u0131 Duru\u015fu ve \u0130stiklal Mar\u015f\u0131&#8217;n\u0131n okunmas\u0131 ile devam etti. Toplant\u0131da May\u0131s [&hellip;]<\/p>\n","protected":false},"author":2,"featured_media":34270,"comment_status":"closed","ping_status":"closed","sticky":false,"template":"","format":"standard","meta":{"footnotes":""},"categories":[1],"tags":[],"class_list":["post-34269","post","type-post","status-publish","format-standard","has-post-thumbnail","hentry","category-genel"],"views":17,"_links":{"self":[{"href":"https:\/\/mersinkadingazetesi.com\/index.php?rest_route=\/wp\/v2\/posts\/34269"}],"collection":[{"href":"https:\/\/mersinkadingazetesi.com\/index.php?rest_route=\/wp\/v2\/posts"}],"about":[{"href":"https:\/\/mersinkadingazetesi.com\/index.php?rest_route=\/wp\/v2\/types\/post"}],"author":[{"embeddable":true,"href":"https:\/\/mersinkadingazetesi.com\/index.php?rest_route=\/wp\/v2\/users\/2"}],"replies":[{"embeddable":true,"href":"https:\/\/mersinkadingazetesi.com\/index.php?rest_route=%2Fwp%2Fv2%2Fcomments&post=34269"}],"version-history":[{"count":1,"href":"https:\/\/mersinkadingazetesi.com\/index.php?rest_route=\/wp\/v2\/posts\/34269\/revisions"}],"predecessor-version":[{"id":34271,"href":"https:\/\/mersinkadingazetesi.com\/index.php?rest_route=\/wp\/v2\/posts\/34269\/revisions\/34271"}],"wp:featuredmedia":[{"embeddable":true,"href":"https:\/\/mersinkadingazetesi.com\/index.php?rest_route=\/wp\/v2\/media\/34270"}],"wp:attachment":[{"href":"https:\/\/mersinkadingazetesi.com\/index.php?rest_route=%2Fwp%2Fv2%2Fmedia&parent=34269"}],"wp:term":[{"taxonomy":"category","embeddable":true,"href":"https:\/\/mersinkadingazetesi.com\/index.php?rest_route=%2Fwp%2Fv2%2Fcategories&post=34269"},{"taxonomy":"post_tag","embeddable":true,"href":"https:\/\/mersinkadingazetesi.com\/index.php?rest_route=%2Fwp%2Fv2%2Ftags&post=34269"}],"curies":[{"name":"wp","href":"https:\/\/api.w.org\/{rel}","templated":true}]}}