{"id":34326,"date":"2024-08-08T09:53:31","date_gmt":"2024-08-08T06:53:31","guid":{"rendered":"https:\/\/mersinkadingazetesi.com\/?p=34326"},"modified":"2024-08-08T09:53:32","modified_gmt":"2024-08-08T06:53:32","slug":"buyuksehirin-yaz-dostum-konserinin-yeni-duragi-kizkalesi-oldu","status":"publish","type":"post","link":"https:\/\/mersinkadingazetesi.com\/?p=34326","title":{"rendered":"B\u00dcY\u00dcK\u015eEH\u0130R&#8217;\u0130N &#8216;YAZ DOSTUM&#8217; KONSER\u0130&#8217;N\u0130N YEN\u0130 DURA\u011eI KIZKALES\u0130 OLDU"},"content":{"rendered":"\n<p>Mersin B\u00fcy\u00fck\u015fehir Belediyesi&#8217;nin, K\u00fclt\u00fcr ve Sosyal \u0130\u015fler Daire Ba\u015fkanl\u0131\u011f\u0131 \u00f6nc\u00fcl\u00fc\u011f\u00fcnde ger\u00e7ekle\u015ftirdi\u011fi&nbsp;<strong>&#8216;Akustik&#8217;,<\/strong>&nbsp;<strong>&#8216;Pop&#8217;<\/strong>,&nbsp;<strong>&#8216;Yayla&#8217;<\/strong>&nbsp;ve&nbsp;<strong>&#8216;Yaz Dostum&#8217;&nbsp;<\/strong>konserleri ile Mersinliler m\u00fczik ziyafeti ya\u015famaya ve yaz ak\u015famlar\u0131n\u0131 dolu dolu ge\u00e7irmeye devam ediyor.&nbsp;&nbsp;Her hafta farkl\u0131 bir noktada s\u00fcrd\u00fcr\u00fclen&nbsp;<strong>&#8216;Yaz Dostum&#8217;<\/strong>&nbsp;konserlerinin bu seferki dura\u011f\u0131, Erdemli il\u00e7esine ba\u011fl\u0131 K\u0131zkalesi oldu. K\u0131zkalesi Meydan\u0131&#8217;nda ger\u00e7ekle\u015fen konserde, Mersinli sanat\u00e7\u0131 C\u00fcneyt I\u015f\u0131k sahne ald\u0131.<\/p>\n\n\n\n<p>\u0130l\u00e7e halk\u0131n\u0131n yan\u0131 s\u0131ra, tatile gelen yerli turistlerin de alan\u0131 doldurdu\u011fu konser, m\u00fczikseverlere keyifli dakikalar ya\u015fatt\u0131. Son d\u00f6nemin sevilen par\u00e7alar\u0131n\u0131n yan\u0131 s\u0131ra, zaman zaman nostaljik \u015fark\u0131lar\u0131 da seslendiren sanat\u00e7\u0131ya, kalabal\u0131k bir dinleyici grubu da e\u015flik etti. Her ya\u015f\u0131n yo\u011fun ilgi g\u00f6sterdi\u011fi konserden, vatanda\u015flar mutlu ve memnun ayr\u0131ld\u0131.<\/p>\n\n\n\n<p><strong>Uzunba\u011f: &#8220;B\u00fcy\u00fck\u015fehir olarak k\u00fclt\u00fcr ve sanat\u0131, kentin her yerine yay\u0131yoruz&#8221;<\/strong><\/p>\n\n\n\n<p>B\u00fcy\u00fck\u015fehir Belediyesi Erdemli Koordinat\u00f6r\u00fc Vedat Uzunba\u011f, B\u00fcy\u00fck\u015fehir&#8217;in geleneksel hale getirdi\u011fi&nbsp;<strong>&#8216;Yaz Dostum&#8217;&nbsp;<\/strong>konserlerinin bu haftaki dura\u011f\u0131n\u0131n K\u0131zkalesi oldu\u011funu dile getirerek,&nbsp;<strong>&#8220;Mersinimizin incisi K\u0131zkalesi&#8217;nde bu hafta, de\u011ferli bir sanat\u00e7\u0131 karde\u015fimiz C\u00fcneyt I\u015f\u0131k sahne ald\u0131. Halk\u0131m\u0131z\u0131n kat\u0131l\u0131m\u0131ndan memnunuz. Mersin B\u00fcy\u00fck\u015fehir Belediye Ba\u015fkan\u0131m\u0131z Vahap Se\u00e7er; k\u00fclt\u00fcr ve sanat\u0131 Mersin&#8217;in her kar\u0131\u015f topra\u011f\u0131na uzatmak, ula\u015ft\u0131rmak istiyor.&nbsp;&nbsp;Konserimizde halk\u0131m\u0131zla, tatilcilerle ve misafirlerimizle beraber olduk. Konserlerimiz devam edecek. B\u00fcy\u00fck\u015fehir olarak k\u00fclt\u00fcr ve sanat\u0131 her yere yay\u0131yoruz. Mersin B\u00fcy\u00fck\u015fehir Belediyesi&#8217;nin sanata verdi\u011fi de\u011feri, buradaki insanlar\u0131n hepsinin alk\u0131\u015flad\u0131\u011f\u0131na tan\u0131k olduk&#8221;<\/strong>&nbsp;ifadelerini kulland\u0131.<\/p>\n\n\n\n<p><strong>Hem il\u00e7e halk\u0131, hem de yerli turistler konserle keyifli bir ak\u015fam ge\u00e7irdi<\/strong><\/p>\n\n\n\n<p>K\u0131z\u0131yla birlikte konsere gelen vatanda\u015flardan Filiz Y\u0131ld\u0131r\u0131m,&nbsp;<strong>&#8220;\u00c7ok e\u011flendik. \u015eark\u0131lar muhte\u015fem. Sevdi\u011fim par\u00e7alar \u00e7al\u0131nd\u0131. \u00c7ok g\u00fczel bir ak\u015fam ge\u00e7irdim&#8221;<\/strong>&nbsp;dedi.<\/p>\n\n\n\n<p>Gaziantep&#8217;ten tatil i\u00e7in K\u0131zkalesi&#8217;ne gelen ve konsere ailecek kat\u0131lan Yasemin Orhan,&nbsp;<strong>&#8220;\u00c7ok g\u00fczel, \u00e7ok faydal\u0131 buldum. E\u011flencemize e\u011flence katt\u0131&#8221;&nbsp;<\/strong>diye konu\u015ftu.<\/p>\n\n\n\n<p>Nev\u015fehir&#8217;den tatil i\u00e7in K\u0131zkalesi&#8217;ne gelen Harun Kar\u0131l ise,&nbsp;<strong>&#8220;Konser \u00e7ok g\u00fczeldi. Sanat\u00e7\u0131 \u00e7ok g\u00fczel eserler seslendirdi. \u00c7ok memnun kald\u0131k&#8221;&nbsp;<\/strong>derken, ba\u015fka bir tatilci Zuhal \u00c7ak\u0131r da,&nbsp;<strong>&#8220;Buray\u0131 gezerken konser oldu\u011funu \u00f6\u011frendik. \u015eark\u0131lar da, sanat\u00e7\u0131n\u0131n sesi de \u00e7ok g\u00fczel. 7&#8217;den 70&#8217;e herkes e\u011flendi&#8221;<\/strong>&nbsp;ifadelerini kulland\u0131.<\/p>\n\n\n\n<p>Gen\u00e7lerden Dilek \u0130nce ise duygular\u0131n\u0131,&nbsp;<strong>&#8220;Ailecek geldik. Buradan ge\u00e7erken konseri g\u00f6rd\u00fck. Bence \u00e7ok g\u00fczel ve \u00e7ok e\u011flenceliydi. Ge\u00e7mi\u015ften g\u00fcn\u00fcm\u00fcze her ya\u015fa, her gruba hitap ediyordu&#8221;&nbsp;<\/strong>\u015feklinde ifade etti.&nbsp;&nbsp;<\/p>\n","protected":false},"excerpt":{"rendered":"<p>Mersin B\u00fcy\u00fck\u015fehir Belediyesi&#8217;nin, K\u00fclt\u00fcr ve Sosyal \u0130\u015fler Daire Ba\u015fkanl\u0131\u011f\u0131 \u00f6nc\u00fcl\u00fc\u011f\u00fcnde ger\u00e7ekle\u015ftirdi\u011fi&nbsp;&#8216;Akustik&#8217;,&nbsp;&#8216;Pop&#8217;,&nbsp;&#8216;Yayla&#8217;&nbsp;ve&nbsp;&#8216;Yaz Dostum&#8217;&nbsp;konserleri ile Mersinliler m\u00fczik ziyafeti ya\u015famaya ve yaz ak\u015famlar\u0131n\u0131 dolu dolu ge\u00e7irmeye devam ediyor.&nbsp;&nbsp;Her hafta farkl\u0131 bir noktada s\u00fcrd\u00fcr\u00fclen&nbsp;&#8216;Yaz Dostum&#8217;&nbsp;konserlerinin bu seferki dura\u011f\u0131, Erdemli il\u00e7esine ba\u011fl\u0131 K\u0131zkalesi oldu. K\u0131zkalesi Meydan\u0131&#8217;nda ger\u00e7ekle\u015fen konserde, Mersinli sanat\u00e7\u0131 C\u00fcneyt I\u015f\u0131k sahne ald\u0131. \u0130l\u00e7e halk\u0131n\u0131n yan\u0131 s\u0131ra, tatile gelen [&hellip;]<\/p>\n","protected":false},"author":2,"featured_media":34327,"comment_status":"closed","ping_status":"closed","sticky":false,"template":"","format":"standard","meta":{"footnotes":""},"categories":[2,3,5],"tags":[],"class_list":["post-34326","post","type-post","status-publish","format-standard","has-post-thumbnail","hentry","category-gundem","category-manset","category-mersin"],"views":10,"_links":{"self":[{"href":"https:\/\/mersinkadingazetesi.com\/index.php?rest_route=\/wp\/v2\/posts\/34326"}],"collection":[{"href":"https:\/\/mersinkadingazetesi.com\/index.php?rest_route=\/wp\/v2\/posts"}],"about":[{"href":"https:\/\/mersinkadingazetesi.com\/index.php?rest_route=\/wp\/v2\/types\/post"}],"author":[{"embeddable":true,"href":"https:\/\/mersinkadingazetesi.com\/index.php?rest_route=\/wp\/v2\/users\/2"}],"replies":[{"embeddable":true,"href":"https:\/\/mersinkadingazetesi.com\/index.php?rest_route=%2Fwp%2Fv2%2Fcomments&post=34326"}],"version-history":[{"count":1,"href":"https:\/\/mersinkadingazetesi.com\/index.php?rest_route=\/wp\/v2\/posts\/34326\/revisions"}],"predecessor-version":[{"id":34328,"href":"https:\/\/mersinkadingazetesi.com\/index.php?rest_route=\/wp\/v2\/posts\/34326\/revisions\/34328"}],"wp:featuredmedia":[{"embeddable":true,"href":"https:\/\/mersinkadingazetesi.com\/index.php?rest_route=\/wp\/v2\/media\/34327"}],"wp:attachment":[{"href":"https:\/\/mersinkadingazetesi.com\/index.php?rest_route=%2Fwp%2Fv2%2Fmedia&parent=34326"}],"wp:term":[{"taxonomy":"category","embeddable":true,"href":"https:\/\/mersinkadingazetesi.com\/index.php?rest_route=%2Fwp%2Fv2%2Fcategories&post=34326"},{"taxonomy":"post_tag","embeddable":true,"href":"https:\/\/mersinkadingazetesi.com\/index.php?rest_route=%2Fwp%2Fv2%2Ftags&post=34326"}],"curies":[{"name":"wp","href":"https:\/\/api.w.org\/{rel}","templated":true}]}}