{"id":34337,"date":"2024-08-08T12:24:16","date_gmt":"2024-08-08T09:24:16","guid":{"rendered":"https:\/\/mersinkadingazetesi.com\/?p=34337"},"modified":"2024-08-08T12:24:16","modified_gmt":"2024-08-08T09:24:16","slug":"ekmenden-kinik-tepkisi-yuzde-100-kusurlu-kisinin-olumlu-kazada-tutuksuz-yargilanmasi-olagan-degil","status":"publish","type":"post","link":"https:\/\/mersinkadingazetesi.com\/?p=34337","title":{"rendered":"Ekmen\u2019den K\u0131n\u0131k tepkisi: &#8220;Y\u00fczde 100 kusurlu ki\u015finin \u00f6l\u00fcml\u00fc kazada tutuksuz yarg\u0131lanmas\u0131 ola\u011fan de\u011fil&#8221;\u00a0"},"content":{"rendered":"\n<p><strong>DEVA Partisi Genel Ba\u015fkan Yard\u0131mc\u0131s\u0131 ve Mersin Milletvekili Mehmet Emin Ekmen, K\u0131z\u0131lay eski ba\u015fkan\u0131&nbsp;<\/strong><strong>Kerem K<\/strong><strong>\u0131n\u0131k&#8217;\u0131n k\u0131z\u0131&nbsp;<\/strong><strong>Zehra K<\/strong><strong>\u0131n\u0131k&#8217;\u0131n kar\u0131\u015ft\u0131\u011f\u0131 \u00f6l\u00fcml\u00fc trafik kazas\u0131yla ilgili sosyal medya hesab\u0131ndan a\u00e7\u0131klamalarda bulundu. Zehra K\u0131n\u0131k&#8217;\u0131n kazada y\u00fczde 100 kusurlu oldu\u011funun tespit edildi\u011fi bilirki\u015fi raporuna ra\u011fmen tutuksuz yarg\u0131lanmas\u0131, Ekmen taraf\u0131ndan ele\u015ftirildi.<\/strong><\/p>\n\n\n\n<p><strong>Tutuksuz yarg\u0131lama karar\u0131na tepki<\/strong><\/p>\n\n\n\n<p>Ekmen, X hesab\u0131ndan yapt\u0131\u011f\u0131 a\u00e7\u0131klamada,&nbsp;\u00f6l\u00fcml\u00fc kazalarda y\u00fczde 100 kusurlu olan ki\u015filerin tutuksuz yarg\u0131lanmas\u0131n\u0131n ola\u011fan bir durum olmad\u0131\u011f\u0131n\u0131 vurgulad\u0131. &#8220;Zehra K\u0131n\u0131k&#8217;\u0131n kar\u0131\u015ft\u0131\u011f\u0131 ve bir ki\u015finin hayat\u0131n\u0131 kaybedip, 4 ki\u015finin yaraland\u0131\u011f\u0131 trafik kazas\u0131nda bilirki\u015fi raporlar\u0131 kendisinin %100 kusurlu oldu\u011funu ortaya koydu. Buna ra\u011fmen K\u0131n\u0131k&#8217;\u0131n tutuksuz yarg\u0131lanmas\u0131 kabul edilemez.&#8221; dedi.<\/p>\n\n\n\n<p><strong>Adalet Bakanl\u0131\u011f\u0131 ve HSK&#8217;ya \u00e7a\u011fr\u0131<\/strong><\/p>\n\n\n\n<p>Ekmen, Adalet Bakanl\u0131\u011f\u0131 ve Hakimler ve Savc\u0131lar Kurulunu (HSK) bu durumu incelemeye \u00e7a\u011f\u0131rd\u0131. &#8220;Bu t\u00fcr davalarda adaletin tam anlam\u0131yla sa\u011flanmas\u0131, toplumun yarg\u0131ya olan g\u00fcvenini korumak a\u00e7\u0131s\u0131ndan hayati&nbsp;\u00f6nem ta\u015f\u0131r. Bakanl\u0131k ve HSK, Zehra K\u0131n\u0131k&#8217;\u0131n tutuksuz yarg\u0131lanma karar\u0131n\u0131&nbsp;veren s\u00fcre\u00e7leri incelemelidir.&#8221; ifadelerini kulland\u0131.<\/p>\n\n\n\n<p>Ekmen ayr\u0131ca, &#8220;Sadece vergiden de\u011fil, yarg\u0131dan da ka\u00e7\u0131nmay\u0131 biliyorlar&#8221; diyerek, ge\u00e7mi\u015fte K\u0131z\u0131lay arac\u0131l\u0131\u011f\u0131yla yap\u0131lan ve vergiden ka\u00e7\u0131nmay\u0131 hedefleyen ba\u011f\u0131\u015flara da g\u00f6nderme yapt\u0131.<\/p>\n","protected":false},"excerpt":{"rendered":"<p>DEVA Partisi Genel Ba\u015fkan Yard\u0131mc\u0131s\u0131 ve Mersin Milletvekili Mehmet Emin Ekmen, K\u0131z\u0131lay eski ba\u015fkan\u0131&nbsp;Kerem K\u0131n\u0131k&#8217;\u0131n k\u0131z\u0131&nbsp;Zehra K\u0131n\u0131k&#8217;\u0131n kar\u0131\u015ft\u0131\u011f\u0131 \u00f6l\u00fcml\u00fc trafik kazas\u0131yla ilgili sosyal medya hesab\u0131ndan a\u00e7\u0131klamalarda bulundu. Zehra K\u0131n\u0131k&#8217;\u0131n kazada y\u00fczde 100 kusurlu oldu\u011funun tespit edildi\u011fi bilirki\u015fi raporuna ra\u011fmen tutuksuz yarg\u0131lanmas\u0131, Ekmen taraf\u0131ndan ele\u015ftirildi. Tutuksuz yarg\u0131lama karar\u0131na tepki Ekmen, X hesab\u0131ndan yapt\u0131\u011f\u0131 a\u00e7\u0131klamada,&nbsp;\u00f6l\u00fcml\u00fc kazalarda y\u00fczde [&hellip;]<\/p>\n","protected":false},"author":2,"featured_media":34228,"comment_status":"closed","ping_status":"closed","sticky":false,"template":"","format":"standard","meta":{"footnotes":""},"categories":[1],"tags":[],"class_list":["post-34337","post","type-post","status-publish","format-standard","has-post-thumbnail","hentry","category-genel"],"views":14,"_links":{"self":[{"href":"https:\/\/mersinkadingazetesi.com\/index.php?rest_route=\/wp\/v2\/posts\/34337"}],"collection":[{"href":"https:\/\/mersinkadingazetesi.com\/index.php?rest_route=\/wp\/v2\/posts"}],"about":[{"href":"https:\/\/mersinkadingazetesi.com\/index.php?rest_route=\/wp\/v2\/types\/post"}],"author":[{"embeddable":true,"href":"https:\/\/mersinkadingazetesi.com\/index.php?rest_route=\/wp\/v2\/users\/2"}],"replies":[{"embeddable":true,"href":"https:\/\/mersinkadingazetesi.com\/index.php?rest_route=%2Fwp%2Fv2%2Fcomments&post=34337"}],"version-history":[{"count":1,"href":"https:\/\/mersinkadingazetesi.com\/index.php?rest_route=\/wp\/v2\/posts\/34337\/revisions"}],"predecessor-version":[{"id":34338,"href":"https:\/\/mersinkadingazetesi.com\/index.php?rest_route=\/wp\/v2\/posts\/34337\/revisions\/34338"}],"wp:featuredmedia":[{"embeddable":true,"href":"https:\/\/mersinkadingazetesi.com\/index.php?rest_route=\/wp\/v2\/media\/34228"}],"wp:attachment":[{"href":"https:\/\/mersinkadingazetesi.com\/index.php?rest_route=%2Fwp%2Fv2%2Fmedia&parent=34337"}],"wp:term":[{"taxonomy":"category","embeddable":true,"href":"https:\/\/mersinkadingazetesi.com\/index.php?rest_route=%2Fwp%2Fv2%2Fcategories&post=34337"},{"taxonomy":"post_tag","embeddable":true,"href":"https:\/\/mersinkadingazetesi.com\/index.php?rest_route=%2Fwp%2Fv2%2Ftags&post=34337"}],"curies":[{"name":"wp","href":"https:\/\/api.w.org\/{rel}","templated":true}]}}