{"id":34355,"date":"2024-08-09T10:26:54","date_gmt":"2024-08-09T07:26:54","guid":{"rendered":"https:\/\/mersinkadingazetesi.com\/?p=34355"},"modified":"2024-08-09T10:26:55","modified_gmt":"2024-08-09T07:26:55","slug":"turkiye-58-havalimanina-kavusuyor","status":"publish","type":"post","link":"https:\/\/mersinkadingazetesi.com\/?p=34355","title":{"rendered":"T\u00dcRK\u0130YE 58. HAVAL\u0130MANINA KAVU\u015eUYOR"},"content":{"rendered":"\n<p>Ula\u015ft\u0131rma ve Altyap\u0131 Bakan\u0131 Abdulkadir Uralo\u011flu, \u00c7ukurova Uluslararas\u0131 Havaliman\u0131&#8217;n\u0131n T\u00fcrkiye&#8217;nin g\u00f6ky\u00fcz\u00fcne a\u00e7\u0131lan 58. kap\u0131s\u0131 olarak ad\u0131n\u0131 tarihe yazd\u0131raca\u011f\u0131n\u0131 ifade ederek, havaliman\u0131n\u0131n 10 A\u011fustos saat 15.00&#8217;te Cumhurba\u015fkan\u0131 Recep Tayyip Erdo\u011fan&#8217;\u0131n te\u015frifleriyle hizmete a\u00e7\u0131laca\u011f\u0131n\u0131 bildirdi. Y\u0131lda 8 milyon yolcu kapasitesi, 110 bin metrekare terminal alan\u0131 ve 3 bin 500 metre uzunlu\u011fa ve 60 metre g\u00f6vde geni\u015fli\u011fine sahip en geni\u015f g\u00f6vdeli u\u00e7aklar\u0131nda ini\u015f yapabilece\u011fi ana pisti ile b\u00f6lgenin t\u00fcm havayolu ihtiyac\u0131n\u0131 kar\u015f\u0131layaca\u011f\u0131n\u0131 belirten Bakan Uralo\u011flu, &#8220;\u00c7ukurova Uluslararas\u0131 Havaliman\u0131m\u0131z; a\u011fa\u00e7 formunda tasarlanan hava kontrol kulesi ve pamuk motifleri ile s\u00fcsl\u00fc mimarisiyle tar\u0131m ve teknolojiyi bir araya getiriyor.&#8221; dedi.<\/p>\n\n\n\n<p>Ula\u015ft\u0131rma ve Altyap\u0131 Bakan\u0131 Abdulkadir Uralo\u011flu, \u00c7ukurova Uluslararas\u0131 Havaliman\u0131&#8217;n\u0131n T\u00fcrkiye&#8217;nin sivil havac\u0131l\u0131k alan\u0131nda g\u00f6ky\u00fcz\u00fcne a\u00e7\u0131lan 58. kap\u0131s\u0131 olaca\u011f\u0131n\u0131 vurgulayarak, Ula\u015ft\u0131rma ve Altyap\u0131 Bakanl\u0131\u011f\u0131 taraf\u0131ndan sadece bu y\u0131l\u0131n ba\u015f\u0131ndan bu yana; Gayrettepe-\u0130stanbul Havaliman\u0131 Metro Hatt\u0131&#8217;n\u0131n son halkas\u0131 Ka\u011f\u0131thane-Gayrettepe kesimi, Sirkeci-Kazl\u0131\u00e7e\u015fme Rayl\u0131 Sistem Hatt\u0131, Bak\u0131rk\u00f6y Sahil Kirazl\u0131 Metrosu, Kocaeli \u015eehir Hastanesi Tramvay Hatt\u0131, Arnavutk\u00f6y-\u0130stanbul Havaliman\u0131 Metrosu, Yusufeli Merkez Viyad\u00fc\u011f\u00fc gibi dev ula\u015f\u0131m projelerinin hizmete a\u00e7\u0131ld\u0131\u011f\u0131n\u0131 ve T\u00fcrkiye&#8217;nin ilk yerli ve milli haberle\u015fme uydusu T\u00dcRKSAT 6A&#8217;n\u0131n ba\u015far\u0131yla uzaya f\u0131rlat\u0131ld\u0131\u011f\u0131n\u0131 an\u0131msatarak, &#8220;\u015eimdi de \u00fclkemizin 58. havaliman\u0131 olarak ad\u0131n\u0131 tarihe yazd\u0131ran b\u00f6lgesel havaliman\u0131 niteli\u011findeki \u00c7ukurova Uluslararas\u0131 Havaliman\u0131&#8217;n\u0131 10 A\u011fustos saat 15.00&#8217;te Cumhurba\u015fkan\u0131m\u0131z Recep Tayyip Erdo\u011fan&#8217;\u0131n te\u015frifleriyle hizmete a\u00e7aca\u011f\u0131z.&#8221;<\/p>\n\n\n\n<p>Bakan Uralo\u011flu, 2002 y\u0131l\u0131nda 34,5 milyon olan i\u00e7 ve d\u0131\u015f hat yolcu say\u0131s\u0131n\u0131n 2023 y\u0131l\u0131 sonunda 214 milyonu a\u015ft\u0131\u011f\u0131n\u0131 ve T\u00fcrk semalar\u0131ndan yakla\u015f\u0131k her 15 saniyede bir u\u00e7ak ge\u00e7ti\u011fini hat\u0131rlatarak, &#8220;Bu y\u0131l temmuz sonu itibariyle yani ilk 7 ay i\u00e7erisinde; havayolu ile seyahat eden yolcu say\u0131m\u0131z 129 milyon 738 bin 772&#8217;ye ula\u015ft\u0131. Y\u0131l sonunda da 230 milyon \u00fcst\u00fcnde yolcu ta\u015f\u0131yaca\u011f\u0131m\u0131z\u0131 \u00f6ng\u00f6r\u00fcyoruz. 2002&#8217;den bu yana aktif havaliman\u0131 say\u0131m\u0131z\u0131, a\u00e7aca\u011f\u0131m\u0131z \u00c7ukurova Uluslararas\u0131 Havaliman\u0131yla birlikte 26&#8217;dan 58&#8217;e \u00e7\u0131kar\u0131yoruz.&#8221; dedi.<\/p>\n\n\n\n<p>&#8220;\u00c7ukurova Uluslararas\u0131 Havaliman\u0131, B\u00f6lgenin Y\u00f6resel K\u00fclt\u00fcr\u00fcn\u00fc Yans\u0131tan ve B\u00f6lgeye Yak\u0131\u015fan Muhte\u015fem Bir Eser&#8221;<\/p>\n\n\n\n<p>Uralo\u011flu, 2053 hedefleri kapsam\u0131nda da yap\u0131mlar\u0131 devam eden Bayburt-G\u00fcm\u00fc\u015fhane ve Yozgat Havalimanlar\u0131 ile yap\u0131m\u0131n\u0131 planlanan Karaman Havaliman\u0131yla aktif havaliman\u0131 say\u0131s\u0131n\u0131 61&#8217;e \u00e7\u0131karacaklar\u0131n\u0131n alt\u0131n\u0131 \u00e7izerek, &#8220;T\u00fcrk Bayra\u011f\u0131n\u0131n yeni ta\u015f\u0131y\u0131c\u0131s\u0131, d\u00fcnyaya a\u00e7\u0131lan yeni kap\u0131m\u0131z \u00c7ukurova Uluslararas\u0131 Havaliman\u0131m\u0131z; a\u011fa\u00e7 formunda tasarlanan hava kontrol kulesi, \u00c7ukurova&#8217;n\u0131n e\u015fsiz lezzetteki narenciyesinden esinlenen turuncu rengi ve b\u00f6lgenin simgesi pamuk motifleri ile s\u00fcsl\u00fc mimarisiyle tar\u0131m ve teknolojiyi bir araya getirerek; \u00c7ukurova b\u00f6lgesinin y\u00f6resel k\u00fclt\u00fcr\u00fcn\u00fc de yans\u0131tan ve b\u00f6lgeye yak\u0131\u015fan muhte\u015fem bir eser oldu.&#8221; ifadelerini kulland\u0131.<\/p>\n\n\n\n<p>&#8220;Osmaniye ve Ni\u011fde&#8217;ye de Olan Yak\u0131nl\u0131\u011f\u0131yla 5 Milyonun \u00dcst\u00fcndeki Vatanda\u015f\u0131m\u0131za Hizmet Edecek&#8221;<\/p>\n\n\n\n<p>Y\u0131lda 8 milyon yolcu kapasitesi, 110 bin metrekare terminal alan\u0131 ve 3 bin 500 metre uzunlu\u011fa ve 60 metre g\u00f6vde geni\u015fli\u011fine sahip en geni\u015f g\u00f6vdeli u\u00e7aklar\u0131nda ini\u015f yapabilece\u011fi ana pisti ile b\u00f6lgenin t\u00fcm havayolu ihtiyac\u0131n\u0131 kar\u015f\u0131layaca\u011f\u0131n\u0131 belirten Uralo\u011flu, &#8220;Ba\u015fta Mersin ve Adana ile Osmaniye ve Ni\u011fde&#8217;ye de olan yak\u0131nl\u0131\u011f\u0131yla bu \u015fehirlerde ya\u015fayan 5 milyonun \u00fcst\u00fcndeki vatanda\u015f\u0131m\u0131za hizmet edecek, T\u00fcrkiye&#8217;nin Ortado\u011fu \u00fclkelerine a\u00e7\u0131lan en \u00f6nemli kap\u0131lar\u0131ndan biri olacakt\u0131r. B\u00f6lge ve \u00fclke genelinde do\u011frudan ve dolayl\u0131 olarak yakla\u015f\u0131k 3 bin ki\u015finin istihdam\u0131na da katk\u0131 sa\u011flayacakt\u0131r.&#8221; dedi.<\/p>\n","protected":false},"excerpt":{"rendered":"<p>Ula\u015ft\u0131rma ve Altyap\u0131 Bakan\u0131 Abdulkadir Uralo\u011flu, \u00c7ukurova Uluslararas\u0131 Havaliman\u0131&#8217;n\u0131n T\u00fcrkiye&#8217;nin g\u00f6ky\u00fcz\u00fcne a\u00e7\u0131lan 58. kap\u0131s\u0131 olarak ad\u0131n\u0131 tarihe yazd\u0131raca\u011f\u0131n\u0131 ifade ederek, havaliman\u0131n\u0131n 10 A\u011fustos saat 15.00&#8217;te Cumhurba\u015fkan\u0131 Recep Tayyip Erdo\u011fan&#8217;\u0131n te\u015frifleriyle hizmete a\u00e7\u0131laca\u011f\u0131n\u0131 bildirdi. Y\u0131lda 8 milyon yolcu kapasitesi, 110 bin metrekare terminal alan\u0131 ve 3 bin 500 metre uzunlu\u011fa ve 60 metre g\u00f6vde geni\u015fli\u011fine sahip [&hellip;]<\/p>\n","protected":false},"author":2,"featured_media":34356,"comment_status":"closed","ping_status":"closed","sticky":false,"template":"","format":"standard","meta":{"footnotes":""},"categories":[34,1,2,3,5],"tags":[],"class_list":["post-34355","post","type-post","status-publish","format-standard","has-post-thumbnail","hentry","category-flas-haber","category-genel","category-gundem","category-manset","category-mersin"],"views":4,"_links":{"self":[{"href":"https:\/\/mersinkadingazetesi.com\/index.php?rest_route=\/wp\/v2\/posts\/34355"}],"collection":[{"href":"https:\/\/mersinkadingazetesi.com\/index.php?rest_route=\/wp\/v2\/posts"}],"about":[{"href":"https:\/\/mersinkadingazetesi.com\/index.php?rest_route=\/wp\/v2\/types\/post"}],"author":[{"embeddable":true,"href":"https:\/\/mersinkadingazetesi.com\/index.php?rest_route=\/wp\/v2\/users\/2"}],"replies":[{"embeddable":true,"href":"https:\/\/mersinkadingazetesi.com\/index.php?rest_route=%2Fwp%2Fv2%2Fcomments&post=34355"}],"version-history":[{"count":1,"href":"https:\/\/mersinkadingazetesi.com\/index.php?rest_route=\/wp\/v2\/posts\/34355\/revisions"}],"predecessor-version":[{"id":34357,"href":"https:\/\/mersinkadingazetesi.com\/index.php?rest_route=\/wp\/v2\/posts\/34355\/revisions\/34357"}],"wp:featuredmedia":[{"embeddable":true,"href":"https:\/\/mersinkadingazetesi.com\/index.php?rest_route=\/wp\/v2\/media\/34356"}],"wp:attachment":[{"href":"https:\/\/mersinkadingazetesi.com\/index.php?rest_route=%2Fwp%2Fv2%2Fmedia&parent=34355"}],"wp:term":[{"taxonomy":"category","embeddable":true,"href":"https:\/\/mersinkadingazetesi.com\/index.php?rest_route=%2Fwp%2Fv2%2Fcategories&post=34355"},{"taxonomy":"post_tag","embeddable":true,"href":"https:\/\/mersinkadingazetesi.com\/index.php?rest_route=%2Fwp%2Fv2%2Ftags&post=34355"}],"curies":[{"name":"wp","href":"https:\/\/api.w.org\/{rel}","templated":true}]}}