{"id":34393,"date":"2024-08-11T10:14:17","date_gmt":"2024-08-11T07:14:17","guid":{"rendered":"https:\/\/mersinkadingazetesi.com\/?p=34393"},"modified":"2024-08-11T10:14:18","modified_gmt":"2024-08-11T07:14:18","slug":"akdeniz-manzarasinda-buyuksehirden-akustik-konser","status":"publish","type":"post","link":"https:\/\/mersinkadingazetesi.com\/?p=34393","title":{"rendered":"AKDEN\u0130Z MANZARASINDA B\u00dcY\u00dcK\u015eEH\u0130R&#8217;DEN AKUST\u0130K KONSER"},"content":{"rendered":"\n<p>Sanat\u0131 sadece sahnede de\u011fil Mersin&#8217;in her noktas\u0131nda ya\u015fatan Mersin B\u00fcy\u00fck\u015fehir Belediyesi, yaz ak\u015famlar\u0131n\u0131 renklendirmeye devam ediyor.&nbsp;<strong>&#8216;Yaz Dostum&#8217;<\/strong>&nbsp;konserleri kapsam\u0131nda kentin her noktas\u0131n\u0131 sanatla bulu\u015fturan K\u00fclt\u00fcr ve Sosyal \u0130\u015fler Dairesi Ba\u015fkanl\u0131\u011f\u0131, sahilde s\u0131cak yaz ak\u015fam\u0131n\u0131n keyfini \u00e7\u0131karanlara akustik konser ile e\u015flik ediyor.<\/p>\n\n\n\n<p>En sevilen par\u00e7alar\u0131 akustik versiyonda \u00e7alan Kent Orkestras\u0131&#8217;n\u0131n profesyonel ekibi, sahilde vatanda\u015flara zaman zaman duygulu anlar ya\u015fat\u0131rken zaman zaman keyifli anlar ya\u015fatt\u0131. Ailesi, arkada\u015flar\u0131, sevgilisi ile gelenlere keyifli anlar ya\u015fatan sanat\u00e7\u0131lar, performanslar\u0131n\u0131n ard\u0131ndan alk\u0131\u015flarla u\u011furland\u0131.<\/p>\n\n\n\n<p><strong>Mersinliler Kent Orkestras\u0131&#8217;n\u0131n konserlerine hayran<\/strong><\/p>\n\n\n\n<p>Sokaktan sahiplendi\u011fi kedisi ile konsere gelen \u00f6\u011fretmen Fatma Togay Akdo\u011fan,&nbsp;<strong>&#8220;\u00c7ok tatl\u0131, \u015f\u0131k bir organizasyon olmu\u015f. A\u00e7\u0131k havada insanlar\u0131n dinleyebilece\u011fi bir etkinlik&#8221;<\/strong>&nbsp;dedi. B\u00fcy\u00fck\u015fehir&#8217;in bir\u00e7ok organizasyonuna geldi\u011fini belirten Akdo\u011fan,&nbsp;<strong>&#8220;\u00d6zellikle Mabel Matiz&#8217;in konseri \u00e7ok g\u00fczeldi. Herkes i\u00e7in konsere gidebilmek maddi olarak m\u00fcmk\u00fcn olmuyor. Bu etkinliklere kolayca ula\u015fabilmesinin en uygun yolu belediyeler&#8221;<\/strong>&nbsp;diyerek, etkinliklerin \u00e7ok g\u00fczel oldu\u011funun alt\u0131n\u0131 \u00e7izdi.<\/p>\n\n\n\n<p>\u015eehir Tiyatrosu&#8217;nda oyuncu olan \u00d6m\u00fcr Sevgi \u00c7il, konser hakk\u0131nda,&nbsp;<strong>&#8220;\u00c7ok g\u00fczel buldum \u00e7ok ho\u015f bir etkinlik. \u00d6zellikle yaz aylar\u0131nda insanlar\u0131n b\u00f6yle \u00e7imlerde yay\u0131l\u0131p oturup sohbet muhabbet e\u015fli\u011finde m\u00fcthi\u015f bir e\u015flik\u00e7isi. Kim ak\u0131l ettiyse akl\u0131na sa\u011fl\u0131k&#8221;<\/strong>&nbsp;dedi. Yaz\u0131n geldi\u011fini hissetti\u011fini s\u00f6yleyen \u00c7il,&nbsp;<strong>&#8220;\u00c7alan insanlar\u0131n da mutlulu\u011fu g\u00f6zlerinden okunuyor, g\u00fczel etkinlik. Daha \u00e7ok olmas\u0131n\u0131 isterim ve daha ge\u00e7 saatlerde olmas\u0131 \u00e7\u00fcnk\u00fc insanlar ancak d\u0131\u015far\u0131 \u00e7\u0131kabiliyor. Dolay\u0131s\u0131yla g\u00fczel ba\u015flad\u0131 \u00e7ok erken bitti&#8221;<\/strong>&nbsp;diye konu\u015ftu. \u00c7il son olarak,&nbsp;<strong>&#8220;Sanat her yerde, sanat sadece sahnede olan bir \u015fey de\u011fil. Hayat\u0131n kendisi bir sanat. Ben sonsuz destekliyorum b\u00f6yle etkinlikleri. \u00c7ok ince, \u00e7ok sa\u011fduyulu bir konu bu. O y\u00fczden bu konuda da elinden gelenin en iyisini yap\u0131yorlar bence&#8221;<\/strong>&nbsp;ifadelerine yer verdi.<\/p>\n\n\n\n<p>B\u00fcy\u00fck\u015fehir&#8217;in hi\u00e7bir etkinli\u011fini ka\u00e7\u0131rmad\u0131\u011f\u0131n\u0131 s\u00f6yleyen Aylin \u00d6zdemir, \u00e7ocuklar\u0131yla beraber geldi\u011fini s\u00f6yleyerek,&nbsp;<strong>&#8220;\u00c7ok e\u011flenceli ge\u00e7iyor. Ba\u015fkana \u00e7ok te\u015fekk\u00fcr ediyoruz, devam\u0131 bekliyoruz&#8221;<\/strong>&nbsp;ifadelerine yer verdi. Pandemi d\u00f6neminde itibaren bu tarz organizasyonlardan \u00e7ok keyif ald\u0131klar\u0131n\u0131 kaydeden Mehmet Apayd\u0131n,&nbsp;<strong>&#8220;\u00c7ok keyifli, daha fazla olmas\u0131n\u0131 isteriz&#8221;<\/strong>&nbsp;dedi.<\/p>\n","protected":false},"excerpt":{"rendered":"<p>Sanat\u0131 sadece sahnede de\u011fil Mersin&#8217;in her noktas\u0131nda ya\u015fatan Mersin B\u00fcy\u00fck\u015fehir Belediyesi, yaz ak\u015famlar\u0131n\u0131 renklendirmeye devam ediyor.&nbsp;&#8216;Yaz Dostum&#8217;&nbsp;konserleri kapsam\u0131nda kentin her noktas\u0131n\u0131 sanatla bulu\u015fturan K\u00fclt\u00fcr ve Sosyal \u0130\u015fler Dairesi Ba\u015fkanl\u0131\u011f\u0131, sahilde s\u0131cak yaz ak\u015fam\u0131n\u0131n keyfini \u00e7\u0131karanlara akustik konser ile e\u015flik ediyor. En sevilen par\u00e7alar\u0131 akustik versiyonda \u00e7alan Kent Orkestras\u0131&#8217;n\u0131n profesyonel ekibi, sahilde vatanda\u015flara zaman zaman duygulu [&hellip;]<\/p>\n","protected":false},"author":2,"featured_media":34394,"comment_status":"closed","ping_status":"closed","sticky":false,"template":"","format":"standard","meta":{"footnotes":""},"categories":[3],"tags":[],"class_list":["post-34393","post","type-post","status-publish","format-standard","has-post-thumbnail","hentry","category-manset"],"views":3,"_links":{"self":[{"href":"https:\/\/mersinkadingazetesi.com\/index.php?rest_route=\/wp\/v2\/posts\/34393"}],"collection":[{"href":"https:\/\/mersinkadingazetesi.com\/index.php?rest_route=\/wp\/v2\/posts"}],"about":[{"href":"https:\/\/mersinkadingazetesi.com\/index.php?rest_route=\/wp\/v2\/types\/post"}],"author":[{"embeddable":true,"href":"https:\/\/mersinkadingazetesi.com\/index.php?rest_route=\/wp\/v2\/users\/2"}],"replies":[{"embeddable":true,"href":"https:\/\/mersinkadingazetesi.com\/index.php?rest_route=%2Fwp%2Fv2%2Fcomments&post=34393"}],"version-history":[{"count":1,"href":"https:\/\/mersinkadingazetesi.com\/index.php?rest_route=\/wp\/v2\/posts\/34393\/revisions"}],"predecessor-version":[{"id":34395,"href":"https:\/\/mersinkadingazetesi.com\/index.php?rest_route=\/wp\/v2\/posts\/34393\/revisions\/34395"}],"wp:featuredmedia":[{"embeddable":true,"href":"https:\/\/mersinkadingazetesi.com\/index.php?rest_route=\/wp\/v2\/media\/34394"}],"wp:attachment":[{"href":"https:\/\/mersinkadingazetesi.com\/index.php?rest_route=%2Fwp%2Fv2%2Fmedia&parent=34393"}],"wp:term":[{"taxonomy":"category","embeddable":true,"href":"https:\/\/mersinkadingazetesi.com\/index.php?rest_route=%2Fwp%2Fv2%2Fcategories&post=34393"},{"taxonomy":"post_tag","embeddable":true,"href":"https:\/\/mersinkadingazetesi.com\/index.php?rest_route=%2Fwp%2Fv2%2Ftags&post=34393"}],"curies":[{"name":"wp","href":"https:\/\/api.w.org\/{rel}","templated":true}]}}