{"id":34402,"date":"2024-08-11T10:21:08","date_gmt":"2024-08-11T07:21:08","guid":{"rendered":"https:\/\/mersinkadingazetesi.com\/?p=34402"},"modified":"2024-08-11T10:21:09","modified_gmt":"2024-08-11T07:21:09","slug":"toroslar-dune-gore-daha-konforlu-daha-yasanilabilir-olacak","status":"publish","type":"post","link":"https:\/\/mersinkadingazetesi.com\/?p=34402","title":{"rendered":"&#8220;TOROSLAR D\u00dcNE G\u00d6RE DAHA KONFORLU, DAHA YA\u015eANILAB\u0130L\u0130R OLACAK&#8221;"},"content":{"rendered":"\n<p>Kurdali Mahallesinde vatanda\u015flarla birlikte \u00e7evre temizli\u011fi kampanyas\u0131na kat\u0131lan Toroslar Belediye Ba\u015fkan\u0131 Abdurrahman Y\u0131ld\u0131z, &#8220;Toroslar \u00e7ok g\u00fc\u00e7l\u00fc ve dinamik bir belediye. Kendi yaralar\u0131n\u0131 sarabilecek bir belediye. Hizmetlerimiz durmayacak.&nbsp; Temizlik alan\u0131nda, yol ve asfalt alan\u0131nda, kald\u0131r\u0131m alan\u0131nda, park alan\u0131nda \u00e7al\u0131\u015fmalar\u0131m\u0131z devam edecek. Kendi \u00f6zkaynaklar\u0131m\u0131z\u0131 art\u0131raca\u011f\u0131z, halk\u0131m\u0131zla dayan\u0131\u015fma i\u00e7inde olaca\u011f\u0131z, mutlaka ama mutlaka Toroslar&#8217;\u0131 d\u00fcne g\u00f6re daha konforlu, daha ya\u015fan\u0131labilir bir il\u00e7e haline getirmek i\u00e7in elimizden geleni yapaca\u011f\u0131z&#8221; dedi.<\/p>\n\n\n\n<p>Toroslar Belediyesinin, y\u0131llard\u0131r temizlik hizmeti alamayan mahallelerdeki sorunlar\u0131 gidermek, vatanda\u015flar\u0131n dikkatini \u00e7evre temizli\u011fine ve dayan\u0131\u015fmaya \u00e7ekmek amac\u0131yla d\u00fczenledi\u011fi &#8220;Mahallede Temizlik Var&#8221; kampanyas\u0131n\u0131n bu haftaki dura\u011f\u0131 Kurdali Mahallesi oldu.<\/p>\n\n\n\n<p>Kampanya kapsam\u0131nda Toroslar Belediyesinin \u00e7ok say\u0131da arac\u0131 ve personeli sabah erken saatlerde mahallede yol ve kald\u0131r\u0131m s\u00fcp\u00fcrme, yol y\u0131kama, ot bi\u00e7me, konteyner temizli\u011fi gibi faaliyetleri yapt\u0131.<\/p>\n\n\n\n<p>Toroslar Belediye Ba\u015fkan\u0131 Abdurrahman Y\u0131ld\u0131z da Ba\u015fkan Yard\u0131mc\u0131lar\u0131 H\u00fclya Ayhan Keskin, Erdo\u011fan Ay ve Hasan \u00d6zalp \u00d6nal ile belediye meclisi \u00fcyeleriyle birlikte Kurdali sokaklar\u0131n\u0131 gezdi, \u00e7al\u0131\u015fmalar\u0131 inceledi ve \u00e7evre temizli\u011fi \u00e7al\u0131\u015fmalar\u0131na kat\u0131ld\u0131.<\/p>\n\n\n\n<p><strong>&#8220;S\u00d6Z\u00dcM\u00dcZ\u00dcN ARKASINDAYIZ&#8221;<\/strong><\/p>\n\n\n\n<p>Ba\u015fkan Y\u0131ld\u0131z, &#8220;Bundan sonra her hafta sonu Toroslar&#8217;\u0131m\u0131z\u0131n bir mahallesinde kampanyam\u0131z\u0131 devam ettirece\u011fiz. Toroslar&#8217;\u0131m\u0131z ger\u00e7ekten daha kaliteli, daha konforlu ya\u015fam alan\u0131 oluncaya kadar b\u00fct\u00fcn k\u00f6\u015felerini, b\u00fct\u00fcn sokaklar\u0131n\u0131, b\u00fct\u00fcn caddelerini tek tek, elimizle de olsa temizlemeye devam edece\u011fiz. Toroslar&#8217;da bir s\u00f6z verdik. Toroslar&#8217;da ya\u015fam kalitesini y\u00fckseltece\u011fiz, Toroslar&#8217;da daha konforlu, daha ya\u015fan\u0131labilir bir hayat sunulmas\u0131 i\u00e7in elimizden gelen her \u015feyi yapaca\u011f\u0131m\u0131za dair bir s\u00f6z verdik. S\u00f6z\u00fcm\u00fcz\u00fcn arkas\u0131nday\u0131z&#8221; dedi.<\/p>\n\n\n\n<p><strong>&#8220;\u00d6ZKAYNAKLARIMIZI ARTIRACA\u011eIZ, HALKIMIZLA DAYANI\u015eMA \u0130\u00c7\u0130NDE OLACA\u011eIZ&#8221;<\/strong><\/p>\n\n\n\n<p>Toroslar Belediyesinin, \u015fartlar ne olursa olsun hizmetlerine devam edece\u011fini vurgulayan Y\u0131ld\u0131z, &#8220;Ba\u015ftan beri s\u00f6yl\u00fcyorum: Toroslar \u00e7ok g\u00fc\u00e7l\u00fc ve dinamik bir belediye. Kendi yaralar\u0131n\u0131 sarabilecek bir belediye. Evet, bundan bir ay evvel, ge\u00e7mi\u015f d\u00f6nemin vergi bor\u00e7lar\u0131 nedeniyle, bizim b\u00fct\u00e7emize g\u00f6re b\u00fcy\u00fck oranda bir kesinti yap\u0131ld\u0131 ve bu da b\u00fct\u00e7emizi sarst\u0131. Ama bu bizim \u00e7al\u0131\u015fmalar\u0131m\u0131z\u0131 durdurmayacak diye o zaman s\u00f6ylemi\u015ftik. Evet, hizmetlerimizi durdurmayacak. Temizlik alan\u0131nda, yol ve asfalt alan\u0131nda, kald\u0131r\u0131m alan\u0131nda, park alan\u0131nda \u00e7al\u0131\u015fmalar\u0131m\u0131z devam edecek. Kendi \u00f6zkaynaklar\u0131m\u0131z\u0131 art\u0131raca\u011f\u0131z, halk\u0131m\u0131zla dayan\u0131\u015fma i\u00e7inde olaca\u011f\u0131z, mutlaka ama mutlaka Toroslar&#8217;\u0131 d\u00fcne g\u00f6re daha konforlu, daha ya\u015fan\u0131labilir bir il\u00e7e haline getirmek i\u00e7in elimizden geleni yapaca\u011f\u0131z&#8221; ifadelerini kulland\u0131.<\/p>\n\n\n\n<p>Vatanda\u015flardan \u00e7\u00f6plerini mutlaka konteynerlere bir paket i\u00e7erisinde koymalar\u0131n\u0131 isteyen Ba\u015fkan Y\u0131ld\u0131z, &#8220;Konteynerlerimizin say\u0131s\u0131n\u0131 art\u0131raca\u011f\u0131z. Halk\u0131m\u0131z\u0131n da bu konuda duyarl\u0131k g\u00f6sterece\u011fini d\u00fc\u015f\u00fcn\u00fcyorum&#8221; dedi.<\/p>\n\n\n\n<p>Ba\u015fkan Y\u0131ld\u0131z, temizlik kampanyas\u0131na kat\u0131lan bir \u00e7ocukla da sohbet ederek, \u00e7ocuklar\u0131n yedikleri yiyeceklerin ambalajlar\u0131n\u0131 mutlaka \u00e7\u00f6p kutular\u0131na atmalar\u0131 gerekti\u011fini hat\u0131rlatt\u0131.<\/p>\n\n\n\n<p><strong>MUHTAR \u0130NAN&#8217;DAN TE\u015eEKK\u00dcR<\/strong><\/p>\n\n\n\n<p>Temizlik kampanyas\u0131na kat\u0131lan Kuradli Mahallesi Muhtar\u0131 Abdullah \u0130nan da, &#8220;Kurdali Mahallesi muhtar\u0131 olarak, mahallemiz ve halk\u0131m\u0131z ad\u0131na, say\u0131n ba\u015fkan\u0131m\u0131za, meclis \u00fcyelerimize, m\u00fcd\u00fcrlerimize ve \u00e7al\u0131\u015fanlar\u0131m\u0131za ho\u015f geldiniz diyorum. Te\u015fekk\u00fcr ederim say\u0131n ba\u015fkan\u0131m, iyi ki geldiniz&#8221; ifadelerini kulland\u0131.<\/p>\n","protected":false},"excerpt":{"rendered":"<p>Kurdali Mahallesinde vatanda\u015flarla birlikte \u00e7evre temizli\u011fi kampanyas\u0131na kat\u0131lan Toroslar Belediye Ba\u015fkan\u0131 Abdurrahman Y\u0131ld\u0131z, &#8220;Toroslar \u00e7ok g\u00fc\u00e7l\u00fc ve dinamik bir belediye. Kendi yaralar\u0131n\u0131 sarabilecek bir belediye. Hizmetlerimiz durmayacak.&nbsp; Temizlik alan\u0131nda, yol ve asfalt alan\u0131nda, kald\u0131r\u0131m alan\u0131nda, park alan\u0131nda \u00e7al\u0131\u015fmalar\u0131m\u0131z devam edecek. Kendi \u00f6zkaynaklar\u0131m\u0131z\u0131 art\u0131raca\u011f\u0131z, halk\u0131m\u0131zla dayan\u0131\u015fma i\u00e7inde olaca\u011f\u0131z, mutlaka ama mutlaka Toroslar&#8217;\u0131 d\u00fcne g\u00f6re daha konforlu, [&hellip;]<\/p>\n","protected":false},"author":2,"featured_media":34403,"comment_status":"closed","ping_status":"closed","sticky":false,"template":"","format":"standard","meta":{"footnotes":""},"categories":[34,3,5],"tags":[],"class_list":["post-34402","post","type-post","status-publish","format-standard","has-post-thumbnail","hentry","category-flas-haber","category-manset","category-mersin"],"views":4,"_links":{"self":[{"href":"https:\/\/mersinkadingazetesi.com\/index.php?rest_route=\/wp\/v2\/posts\/34402"}],"collection":[{"href":"https:\/\/mersinkadingazetesi.com\/index.php?rest_route=\/wp\/v2\/posts"}],"about":[{"href":"https:\/\/mersinkadingazetesi.com\/index.php?rest_route=\/wp\/v2\/types\/post"}],"author":[{"embeddable":true,"href":"https:\/\/mersinkadingazetesi.com\/index.php?rest_route=\/wp\/v2\/users\/2"}],"replies":[{"embeddable":true,"href":"https:\/\/mersinkadingazetesi.com\/index.php?rest_route=%2Fwp%2Fv2%2Fcomments&post=34402"}],"version-history":[{"count":1,"href":"https:\/\/mersinkadingazetesi.com\/index.php?rest_route=\/wp\/v2\/posts\/34402\/revisions"}],"predecessor-version":[{"id":34404,"href":"https:\/\/mersinkadingazetesi.com\/index.php?rest_route=\/wp\/v2\/posts\/34402\/revisions\/34404"}],"wp:featuredmedia":[{"embeddable":true,"href":"https:\/\/mersinkadingazetesi.com\/index.php?rest_route=\/wp\/v2\/media\/34403"}],"wp:attachment":[{"href":"https:\/\/mersinkadingazetesi.com\/index.php?rest_route=%2Fwp%2Fv2%2Fmedia&parent=34402"}],"wp:term":[{"taxonomy":"category","embeddable":true,"href":"https:\/\/mersinkadingazetesi.com\/index.php?rest_route=%2Fwp%2Fv2%2Fcategories&post=34402"},{"taxonomy":"post_tag","embeddable":true,"href":"https:\/\/mersinkadingazetesi.com\/index.php?rest_route=%2Fwp%2Fv2%2Ftags&post=34402"}],"curies":[{"name":"wp","href":"https:\/\/api.w.org\/{rel}","templated":true}]}}