{"id":34405,"date":"2024-08-11T10:24:17","date_gmt":"2024-08-11T07:24:17","guid":{"rendered":"https:\/\/mersinkadingazetesi.com\/?p=34405"},"modified":"2024-08-11T10:24:18","modified_gmt":"2024-08-11T07:24:18","slug":"tarsusu-tum-dunyaya-tanitan-festivalin-hazirliklari-basladi","status":"publish","type":"post","link":"https:\/\/mersinkadingazetesi.com\/?p=34405","title":{"rendered":"TARSUS&#8217;U T\u00dcM D\u00dcNYAYA TANITAN FEST\u0130VAL\u0130N HAZIRLIKLARI BA\u015eLADI"},"content":{"rendered":"\n<p>Tarsus&#8217;ta art\u0131k gelenek haline gelen ve bu y\u0131l 3.&#8217;s\u00fc d\u00fczenlenecek olan&nbsp;<strong><em>&#8216;Uluslararas\u0131 Tarsus Festivali&#8217;<\/em><\/strong>nin haz\u0131rl\u0131klar\u0131 ba\u015flad\u0131. Tarsus&#8217;un her soka\u011f\u0131n\u0131 \u015fenlik alan\u0131na \u00e7eviren ve g\u00fcnlerce s\u00fcren etkinlikler ile birbirinden \u00fcnl\u00fc sanat\u00e7\u0131lar\u0131 kentin e\u015fsiz tarihi sokaklar\u0131nda ve binalar\u0131nda yurtta\u015flarla bulu\u015fturan Mersin B\u00fcy\u00fck\u015fehir Belediyesi, on binlerce insan\u0131n kat\u0131l\u0131m\u0131 ile g\u00f6rsel \u015f\u00f6lene d\u00f6n\u00fc\u015fecek olan festival i\u00e7in start verdi.<\/p>\n\n\n\n<p>Mersin B\u00fcy\u00fck\u015fehir Belediyesi K\u00fclt\u00fcr ve Sosyal \u0130\u015fler Dairesi Ba\u015fkanl\u0131\u011f\u0131 b\u00fcnyesindeki Tarsus&#8217;a De\u011ferler Katanlar Kurulu (TADEKA) binas\u0131nda d\u00fczenlenen toplant\u0131ya; K\u00fclt\u00fcr ve Sosyal \u0130\u015fler Dairesi Ba\u015fkanl\u0131\u011f\u0131 Koordinat\u00f6r\u00fc, Opera Sanat\u00e7\u0131s\u0131 Bengi \u0130spir \u00d6zd\u00fclger, B\u00fcy\u00fck\u015fehir Kent Kat\u0131l\u0131m\u0131 ve Sivil Toplum ile \u0130li\u015fkiler \u015eube M\u00fcd\u00fcr\u00fc Ba\u015far Ak\u00e7a, K\u00fclt\u00fcr Hizmetleri ve Sanat Topluluklar\u0131 \u015eube M\u00fcd\u00fcr\u00fc Eylem Matyar, \u00fcyeler ile STK ve esnaf odalar\u0131n\u0131n temsilcileri kat\u0131ld\u0131.<\/p>\n\n\n\n<p>Toplant\u0131da,&nbsp;<strong><em>&#8216;3. Uluslararas\u0131 Tarsus Festivali&#8217;<\/em><\/strong>nin temas\u0131 ve i\u00e7eri\u011fi ile ilgili g\u00f6r\u00fc\u015f ve \u00f6neriler aktar\u0131ld\u0131. Yap\u0131lacak toplant\u0131lar ile festivalin program\u0131 netle\u015ftirilerek festivalin program\u0131 kamuoyuyla payla\u015f\u0131lacak.<\/p>\n","protected":false},"excerpt":{"rendered":"<p>Tarsus&#8217;ta art\u0131k gelenek haline gelen ve bu y\u0131l 3.&#8217;s\u00fc d\u00fczenlenecek olan&nbsp;&#8216;Uluslararas\u0131 Tarsus Festivali&#8217;nin haz\u0131rl\u0131klar\u0131 ba\u015flad\u0131. Tarsus&#8217;un her soka\u011f\u0131n\u0131 \u015fenlik alan\u0131na \u00e7eviren ve g\u00fcnlerce s\u00fcren etkinlikler ile birbirinden \u00fcnl\u00fc sanat\u00e7\u0131lar\u0131 kentin e\u015fsiz tarihi sokaklar\u0131nda ve binalar\u0131nda yurtta\u015flarla bulu\u015fturan Mersin B\u00fcy\u00fck\u015fehir Belediyesi, on binlerce insan\u0131n kat\u0131l\u0131m\u0131 ile g\u00f6rsel \u015f\u00f6lene d\u00f6n\u00fc\u015fecek olan festival i\u00e7in start verdi. Mersin B\u00fcy\u00fck\u015fehir [&hellip;]<\/p>\n","protected":false},"author":2,"featured_media":34406,"comment_status":"closed","ping_status":"closed","sticky":false,"template":"","format":"standard","meta":{"footnotes":""},"categories":[3,5],"tags":[],"class_list":["post-34405","post","type-post","status-publish","format-standard","has-post-thumbnail","hentry","category-manset","category-mersin"],"views":5,"_links":{"self":[{"href":"https:\/\/mersinkadingazetesi.com\/index.php?rest_route=\/wp\/v2\/posts\/34405"}],"collection":[{"href":"https:\/\/mersinkadingazetesi.com\/index.php?rest_route=\/wp\/v2\/posts"}],"about":[{"href":"https:\/\/mersinkadingazetesi.com\/index.php?rest_route=\/wp\/v2\/types\/post"}],"author":[{"embeddable":true,"href":"https:\/\/mersinkadingazetesi.com\/index.php?rest_route=\/wp\/v2\/users\/2"}],"replies":[{"embeddable":true,"href":"https:\/\/mersinkadingazetesi.com\/index.php?rest_route=%2Fwp%2Fv2%2Fcomments&post=34405"}],"version-history":[{"count":1,"href":"https:\/\/mersinkadingazetesi.com\/index.php?rest_route=\/wp\/v2\/posts\/34405\/revisions"}],"predecessor-version":[{"id":34407,"href":"https:\/\/mersinkadingazetesi.com\/index.php?rest_route=\/wp\/v2\/posts\/34405\/revisions\/34407"}],"wp:featuredmedia":[{"embeddable":true,"href":"https:\/\/mersinkadingazetesi.com\/index.php?rest_route=\/wp\/v2\/media\/34406"}],"wp:attachment":[{"href":"https:\/\/mersinkadingazetesi.com\/index.php?rest_route=%2Fwp%2Fv2%2Fmedia&parent=34405"}],"wp:term":[{"taxonomy":"category","embeddable":true,"href":"https:\/\/mersinkadingazetesi.com\/index.php?rest_route=%2Fwp%2Fv2%2Fcategories&post=34405"},{"taxonomy":"post_tag","embeddable":true,"href":"https:\/\/mersinkadingazetesi.com\/index.php?rest_route=%2Fwp%2Fv2%2Ftags&post=34405"}],"curies":[{"name":"wp","href":"https:\/\/api.w.org\/{rel}","templated":true}]}}