{"id":34411,"date":"2024-08-11T10:28:21","date_gmt":"2024-08-11T07:28:21","guid":{"rendered":"https:\/\/mersinkadingazetesi.com\/?p=34411"},"modified":"2024-08-11T10:28:21","modified_gmt":"2024-08-11T07:28:21","slug":"chpli-gulcan-kis-cukurova-havalimani-mersinimize-bolgemize-ve-ulkemize-hayirli-olsun-ancak-akpnin-davetsizligi-kabul-edilemez","status":"publish","type":"post","link":"https:\/\/mersinkadingazetesi.com\/?p=34411","title":{"rendered":"CHP&#8217;li G\u00fclcan K\u0131\u015f: &#8220;\u00c7ukurova Havaliman\u0131 Mersinimize, B\u00f6lgemize ve \u00dclkemize Hay\u0131rl\u0131 Olsun, Ancak AKP&#8217;nin Davetsizli\u011fi Kabul Edilemez!"},"content":{"rendered":"\n<p>Cumhuriyet Halk Partisi (CHP) Mersin Milletvekili G\u00fclcan K\u0131\u015f, \u00c7ukurova Havaliman\u0131&#8217;n\u0131n a\u00e7\u0131l\u0131\u015f\u0131yla ilgili \u00f6nemli a\u00e7\u0131klamalarda bulundu. 13 y\u0131ll\u0131k bir s\u00fcrecin ard\u0131ndan nihayet a\u00e7\u0131lan \u00c7ukurova Havaliman\u0131 i\u00e7in, AKP&#8217;nin bitiremedi\u011fi projeler aras\u0131nda yer ald\u0131\u011f\u0131na dikkat \u00e7eken K\u0131\u015f, &#8220;Y\u0131lan hikayesine d\u00f6nen bu proje, bug\u00fcn nihayet hayata ge\u00e7ti. Kentimizin gelece\u011fi ad\u0131na gecikmi\u015f de olsa b\u00f6ylesine \u00f6nemli bir projenin a\u00e7\u0131l\u0131\u015f\u0131, Mersin ve b\u00f6lgemiz i\u00e7in hay\u0131rl\u0131 olsun&#8221; dedi.<\/p>\n\n\n\n<p>Ancak, K\u0131\u015f, a\u00e7\u0131l\u0131\u015fa muhalefet milletvekillerinin davet edilmemesini sert bir dille ele\u015ftirerek, &#8220;Her \u015feyden \u00f6nce, hem Mersin Milletvekili olarak, hem de TBMM Ula\u015ft\u0131rma Komisyonu \u00fcyesi bir milletvekili olarak bu davetin yap\u0131lmam\u0131\u015f olmas\u0131n\u0131, a\u00e7\u0131k ve net olarak AKP iktidar\u0131n\u0131n ayr\u0131mc\u0131l\u0131k politikas\u0131n\u0131n bir \u00f6rne\u011fi olarak tarihe ge\u00e7ece\u011fini vurgulamak isterim&#8221; ifadelerini kulland\u0131.<\/p>\n\n\n\n<p>K\u0131\u015f, bu davetsizli\u011fin Mersin&#8217;in iradesini yok saymak anlam\u0131na geldi\u011fini belirterek, &#8220;AKP&#8217;nin bu tutumu, Mersin&#8217;de her zaman sa\u011flamaya \u00e7al\u0131\u015ft\u0131\u011f\u0131m\u0131z birlik, beraberlik ve bar\u0131\u015f iklimine g\u00f6lge d\u00fc\u015f\u00fcren bir yakla\u015f\u0131m olmu\u015ftur&#8221; \u015feklinde konu\u015ftu.<\/p>\n\n\n\n<p>Son bir y\u0131l i\u00e7inde, TBMM ba\u015fta olmak \u00fczere, Mersin&#8217;de ve her platformda \u00c7ukurova Havaliman\u0131&#8217;n\u0131n a\u00e7\u0131lmas\u0131 i\u00e7in gerekli ad\u0131mlar\u0131n at\u0131lmas\u0131 ad\u0131na b\u00fcy\u00fck bir m\u00fccadele verdiklerini belirten K\u0131\u015f, &#8220;Verilen s\u00f6zlerin tutulmas\u0131 i\u00e7in verdi\u011fimiz \u00e7abalar\u0131n meyvesini ald\u0131k. Ancak bu s\u00fcre\u00e7te Mersin&#8217;in se\u00e7ilmi\u015f milletvekillerinin a\u00e7\u0131l\u0131\u015fa davet edilmemesi kabul edilemez&#8221; dedi.<\/p>\n\n\n\n<p>K\u0131\u015f, Mersinlilere seslenerek, &#8220;\u00c7ukurova Havaliman\u0131 da bizim, Mersin de bizim. Bundan sonra Mersinimize s\u00f6z verilip bitirilmeyen, yar\u0131m b\u0131rak\u0131lan b\u00fct\u00fcn projelerin takip\u00e7isi olaca\u011f\u0131z ve hizmete girmesi i\u00e7in m\u00fccadele etmeye devam edece\u011fiz&#8221; \u015feklinde konu\u015ftu.&nbsp;<\/p>\n\n\n\n<p>G\u00fclcan K\u0131\u015f&#8217;\u0131n bu a\u00e7\u0131klamalar\u0131, AKP&#8217;nin kentteki ayr\u0131mc\u0131 politikalar\u0131na kar\u015f\u0131 g\u00fc\u00e7l\u00fc bir duru\u015f sergiledi\u011fini ve Mersin&#8217;in gelece\u011fi i\u00e7in verdi\u011fi m\u00fccadelenin s\u00fcrece\u011fini bir kez daha g\u00f6zler \u00f6n\u00fcne serdi.<\/p>\n","protected":false},"excerpt":{"rendered":"<p>Cumhuriyet Halk Partisi (CHP) Mersin Milletvekili G\u00fclcan K\u0131\u015f, \u00c7ukurova Havaliman\u0131&#8217;n\u0131n a\u00e7\u0131l\u0131\u015f\u0131yla ilgili \u00f6nemli a\u00e7\u0131klamalarda bulundu. 13 y\u0131ll\u0131k bir s\u00fcrecin ard\u0131ndan nihayet a\u00e7\u0131lan \u00c7ukurova Havaliman\u0131 i\u00e7in, AKP&#8217;nin bitiremedi\u011fi projeler aras\u0131nda yer ald\u0131\u011f\u0131na dikkat \u00e7eken K\u0131\u015f, &#8220;Y\u0131lan hikayesine d\u00f6nen bu proje, bug\u00fcn nihayet hayata ge\u00e7ti. Kentimizin gelece\u011fi ad\u0131na gecikmi\u015f de olsa b\u00f6ylesine \u00f6nemli bir projenin a\u00e7\u0131l\u0131\u015f\u0131, Mersin [&hellip;]<\/p>\n","protected":false},"author":2,"featured_media":34349,"comment_status":"closed","ping_status":"closed","sticky":false,"template":"","format":"standard","meta":{"footnotes":""},"categories":[34,1,3,6],"tags":[],"class_list":["post-34411","post","type-post","status-publish","format-standard","has-post-thumbnail","hentry","category-flas-haber","category-genel","category-manset","category-siyaset-2"],"views":10,"_links":{"self":[{"href":"https:\/\/mersinkadingazetesi.com\/index.php?rest_route=\/wp\/v2\/posts\/34411"}],"collection":[{"href":"https:\/\/mersinkadingazetesi.com\/index.php?rest_route=\/wp\/v2\/posts"}],"about":[{"href":"https:\/\/mersinkadingazetesi.com\/index.php?rest_route=\/wp\/v2\/types\/post"}],"author":[{"embeddable":true,"href":"https:\/\/mersinkadingazetesi.com\/index.php?rest_route=\/wp\/v2\/users\/2"}],"replies":[{"embeddable":true,"href":"https:\/\/mersinkadingazetesi.com\/index.php?rest_route=%2Fwp%2Fv2%2Fcomments&post=34411"}],"version-history":[{"count":1,"href":"https:\/\/mersinkadingazetesi.com\/index.php?rest_route=\/wp\/v2\/posts\/34411\/revisions"}],"predecessor-version":[{"id":34412,"href":"https:\/\/mersinkadingazetesi.com\/index.php?rest_route=\/wp\/v2\/posts\/34411\/revisions\/34412"}],"wp:featuredmedia":[{"embeddable":true,"href":"https:\/\/mersinkadingazetesi.com\/index.php?rest_route=\/wp\/v2\/media\/34349"}],"wp:attachment":[{"href":"https:\/\/mersinkadingazetesi.com\/index.php?rest_route=%2Fwp%2Fv2%2Fmedia&parent=34411"}],"wp:term":[{"taxonomy":"category","embeddable":true,"href":"https:\/\/mersinkadingazetesi.com\/index.php?rest_route=%2Fwp%2Fv2%2Fcategories&post=34411"},{"taxonomy":"post_tag","embeddable":true,"href":"https:\/\/mersinkadingazetesi.com\/index.php?rest_route=%2Fwp%2Fv2%2Ftags&post=34411"}],"curies":[{"name":"wp","href":"https:\/\/api.w.org\/{rel}","templated":true}]}}