{"id":34416,"date":"2024-08-11T10:34:46","date_gmt":"2024-08-11T07:34:46","guid":{"rendered":"https:\/\/mersinkadingazetesi.com\/?p=34416"},"modified":"2024-08-11T10:34:46","modified_gmt":"2024-08-11T07:34:46","slug":"uysal-tarsusa-ve-mersine-yeni-yatirimcilar-getirecegiz","status":"publish","type":"post","link":"https:\/\/mersinkadingazetesi.com\/?p=34416","title":{"rendered":"UYSAL: TARSUS&#8217;A VE MERS\u0130N&#8217;E YEN\u0130 YATIRIMCILAR GET\u0130RECE\u011e\u0130Z"},"content":{"rendered":"\n<p>Milliyet\u00e7i Hareket Partisi Mersin Milletvekili ve MYK \u00dcyesi Dr. Levent Uysal, Tarsus ve Mersin&#8217;de bir dizi ziyaretlerde bulundu. Dernek ve Odalar\u0131 ziyaret eden Uysal ak\u015fam ise MHP Mersin \u0130l Ba\u015fkanl\u0131\u011f\u0131nda vatanda\u015flar\u0131n taleplerini dinledi. Uysal &#8220;Mersin&#8217;i dinliyor ve hem\u015fehrilerimizle birlikte \u00e7\u00f6z\u00fcm \u00fcretiyoruz.&#8221; dedi.<\/p>\n\n\n\n<p>Milliyet\u00e7i Hareket Partisi Mersin Milletvekili ve MYK \u00dcyesi Dr. Levent Uysal ziyaretlerine MHP Tarsus \u0130l\u00e7e Ba\u015fkanl\u0131\u011f\u0131 ile ba\u015flad\u0131. \u0130l\u00e7e Ba\u015fkan\u0131 Fatih Y\u0131ld\u0131r\u0131m ve y\u00f6netimiyle isti\u015fare toplant\u0131s\u0131 ger\u00e7ekle\u015ftiren Uysal &#8220;Tarsus&#8217;un geli\u015fmesi Mersin&#8217;in geli\u015fmesi demektir. Merkezi y\u00f6netimle Tarsus i\u00e7in s\u0131kl\u0131kla g\u00f6r\u00fc\u015f\u00fcyor, devam eden yat\u0131r\u0131mlar\u0131n s\u00fcratle tamamlanmas\u0131 noktas\u0131nda da \u00fczerimize d\u00fc\u015feni yap\u0131yoruz.&#8221;<br>\u015feklinde konu\u015ftu.<\/p>\n\n\n\n<p>Milletvekili Uysal, Tarsus Ticaret ve Sanayi Odas\u0131 Ba\u015fkan\u0131 Ruhi Ko\u00e7ak ve y\u00f6netimiyle de toplant\u0131 ger\u00e7ekle\u015ftirdi. \u0130sti\u015farelerde bulundu\u011fu yabanc\u0131 yat\u0131r\u0131mc\u0131lara memleketi Tarsus&#8217;un tarihini, k\u00fclt\u00fcr\u00fcn\u00fc ve ticaret potansiyelini anlatt\u0131\u011f\u0131n\u0131 s\u00f6yleyen Uysal, il\u00e7eye yeni i\u015f sahalar\u0131 olu\u015fturabilecek isimleri Mersin&#8217;e ve Tarsus&#8217;a davet etti\u011fini belirtti. Uysal &#8220;Hem yerli hem de yabanc\u0131 yat\u0131r\u0131mc\u0131lara Tarsus&#8217;u anlat\u0131nca hemen g\u00f6rmek istiyorlar ve heyecanlan\u0131yorlar. \u00c7\u00fcnk\u00fc Tarsus, medeniyetler be\u015fi\u011fi bir il\u00e7e ve \u00fcreten bir il\u00e7e. Biz de Mersin&#8217;in vekili olarak il\u00e7eye de\u011fer katacak, yarar sa\u011flayacak yat\u0131r\u0131mc\u0131lar\u0131 misafir edece\u011fiz, Tarsus&#8217;un rekabet g\u00fcc\u00fcn\u00fc daha da art\u0131raca\u011f\u0131z.&#8221; dedi.<\/p>\n\n\n\n<p>Milliyet\u00e7i Hareket Partisi Mersin Milletvekili ve MYK \u00dcyesi Dr. Levent Uysal daha sonra MHP Tarsus \u0130l\u00e7e Ba\u015fkan\u0131 Fatih Y\u0131ld\u0131r\u0131m ve te\u015fkilat \u00fcyeleriyle beraber Tarsus 27 Aral\u0131k Esnaf ve Sanatkarlar Kredi ve Kefalet Kooperatifi Ba\u015fkan\u0131 Alper Deniz ile Y\u00f6netimini ard\u0131ndan Tarsus S\u00fct \u00dcreticileri Birli\u011fi Ba\u015fkan\u0131 Danyal Av\u015far&#8217;\u0131 ziyaret etti.<\/p>\n\n\n\n<p>Tarsus temaslar\u0131n\u0131n ard\u0131ndan MHP Mersin \u0130l Ba\u015fkanl\u0131\u011f\u0131nda vatanda\u015flar\u0131 kabul eden Uysal, talepleri tek tek dinleyerek not ald\u0131. T\u00fcrkiye B\u00fcy\u00fck Millet Meclisi&#8217;nin tatile girmesiyle birlikte se\u00e7im b\u00f6lgesi Mersin&#8217;de \u00e7al\u0131\u015fmalara devam edece\u011fini de s\u00f6yleyen Uysal &#8220;28. Yasama D\u00f6nemini tamamlad\u0131k. Meclisteki \u00e7al\u0131\u015fmalar\u0131m\u0131z\u0131n ard\u0131ndan art\u0131k s\u0131kl\u0131kla Mersin&#8217;de siz k\u0131ymetli karde\u015flerimizle bir arada olaca\u011f\u0131z. Sizleri dinleyecek, yeni yasama d\u00f6nemine dolu dolu haz\u0131rlanaca\u011f\u0131z. Mersin&#8217;i dinliyor, sorunlara hem\u015fehrilerimizle birlikte \u00e7\u00f6z\u00fcm \u00fcretiyoruz.&#8221;\u015feklinde konu\u015ftu.<\/p>\n","protected":false},"excerpt":{"rendered":"<p>Milliyet\u00e7i Hareket Partisi Mersin Milletvekili ve MYK \u00dcyesi Dr. Levent Uysal, Tarsus ve Mersin&#8217;de bir dizi ziyaretlerde bulundu. Dernek ve Odalar\u0131 ziyaret eden Uysal ak\u015fam ise MHP Mersin \u0130l Ba\u015fkanl\u0131\u011f\u0131nda vatanda\u015flar\u0131n taleplerini dinledi. Uysal &#8220;Mersin&#8217;i dinliyor ve hem\u015fehrilerimizle birlikte \u00e7\u00f6z\u00fcm \u00fcretiyoruz.&#8221; dedi. Milliyet\u00e7i Hareket Partisi Mersin Milletvekili ve MYK \u00dcyesi Dr. Levent Uysal ziyaretlerine MHP [&hellip;]<\/p>\n","protected":false},"author":2,"featured_media":34417,"comment_status":"closed","ping_status":"closed","sticky":false,"template":"","format":"standard","meta":{"footnotes":""},"categories":[3,6],"tags":[],"class_list":["post-34416","post","type-post","status-publish","format-standard","has-post-thumbnail","hentry","category-manset","category-siyaset-2"],"views":3,"_links":{"self":[{"href":"https:\/\/mersinkadingazetesi.com\/index.php?rest_route=\/wp\/v2\/posts\/34416"}],"collection":[{"href":"https:\/\/mersinkadingazetesi.com\/index.php?rest_route=\/wp\/v2\/posts"}],"about":[{"href":"https:\/\/mersinkadingazetesi.com\/index.php?rest_route=\/wp\/v2\/types\/post"}],"author":[{"embeddable":true,"href":"https:\/\/mersinkadingazetesi.com\/index.php?rest_route=\/wp\/v2\/users\/2"}],"replies":[{"embeddable":true,"href":"https:\/\/mersinkadingazetesi.com\/index.php?rest_route=%2Fwp%2Fv2%2Fcomments&post=34416"}],"version-history":[{"count":1,"href":"https:\/\/mersinkadingazetesi.com\/index.php?rest_route=\/wp\/v2\/posts\/34416\/revisions"}],"predecessor-version":[{"id":34418,"href":"https:\/\/mersinkadingazetesi.com\/index.php?rest_route=\/wp\/v2\/posts\/34416\/revisions\/34418"}],"wp:featuredmedia":[{"embeddable":true,"href":"https:\/\/mersinkadingazetesi.com\/index.php?rest_route=\/wp\/v2\/media\/34417"}],"wp:attachment":[{"href":"https:\/\/mersinkadingazetesi.com\/index.php?rest_route=%2Fwp%2Fv2%2Fmedia&parent=34416"}],"wp:term":[{"taxonomy":"category","embeddable":true,"href":"https:\/\/mersinkadingazetesi.com\/index.php?rest_route=%2Fwp%2Fv2%2Fcategories&post=34416"},{"taxonomy":"post_tag","embeddable":true,"href":"https:\/\/mersinkadingazetesi.com\/index.php?rest_route=%2Fwp%2Fv2%2Ftags&post=34416"}],"curies":[{"name":"wp","href":"https:\/\/api.w.org\/{rel}","templated":true}]}}