{"id":34423,"date":"2024-08-11T17:09:07","date_gmt":"2024-08-11T14:09:07","guid":{"rendered":"https:\/\/mersinkadingazetesi.com\/?p=34423"},"modified":"2024-08-11T17:09:07","modified_gmt":"2024-08-11T14:09:07","slug":"tarsusta-yaz-aksamlari-senligi-basladi","status":"publish","type":"post","link":"https:\/\/mersinkadingazetesi.com\/?p=34423","title":{"rendered":"TARSUS&#8217;TA YAZ AK\u015eAMLARI \u015eENL\u0130\u011e\u0130 BA\u015eLADI"},"content":{"rendered":"\n<p>Tarsus Belediyesi taraf\u0131ndan d\u00fczenlenen &#8220;Tarsus Yaz Ak\u015famlar\u0131 \u015eenli\u011fi&#8221; Tarsuslu vatanda\u015flar\u0131n yo\u011fun kat\u0131l\u0131m\u0131yla ba\u015flad\u0131. Etkinlik, her cumartesi g\u00fcn\u00fc Atat\u00fcrk G\u00f6steri Merkezi&#8217;nde d\u00fczenlenecek ve \u015fehrin sosyal ya\u015fam\u0131n\u0131 canland\u0131racak.<\/p>\n\n\n\n<p>Etkinlikle ilgili d\u00fc\u015f\u00fcncelerini ifade eden Tarsus Belediye Ba\u015fkan\u0131 Ali Bolta\u00e7, Tarsus&#8217;u gece g\u00fcnd\u00fcz ya\u015fayan bir kent haline getirme hedefini vurgulad\u0131. &#8220;Amac\u0131m\u0131z, \u015fehrimizi sadece g\u00fcnd\u00fcz de\u011fil, ak\u015famlar\u0131 da canl\u0131 tutmak. Tarsus art\u0131k ak\u015famlar\u0131 da ya\u015fayan bir kent olacak&#8221; dedi.<\/p>\n\n\n\n<p>Her hafta cumartesi 18:30-00:30 saatleri aras\u0131nda ger\u00e7ekle\u015fen etkinlik, a\u00e7\u0131k hava sinemas\u0131, e\u011flence parkurlar\u0131, \u00e7ocuklara y\u00f6nelik oyun alanlar\u0131 ve \u00e7e\u015fitli ikramlarla dolu dolu ge\u00e7iyor.&nbsp;<\/p>\n\n\n\n<p><strong>ESK\u0130 TARSUS GELENE\u011e\u0130 YEN\u0130DEN CANLANIYOR<\/strong><\/p>\n\n\n\n<p>\u015eenlikler, Tarsus&#8217;un eski a\u00e7\u0131k hava sinema gecelerini ve \u015fenliklerini yeniden canland\u0131rmay\u0131 ama\u00e7l\u0131yor. Vatanda\u015flar, nostaljik an\u0131larla dolu bu etkinliklerde bir araya gelerek, ge\u00e7mi\u015fin s\u0131cak atmosferini yeniden ya\u015f\u0131yor. Ba\u015fkan Bolta\u00e7, Tarsuslular\u0131n bu t\u00fcr sosyal etkinliklere olan \u00f6zlemini gidermeye \u00e7al\u0131\u015ft\u0131klar\u0131n\u0131 ve kat\u0131l\u0131mdan memnun olduklar\u0131n\u0131 belirtti.<\/p>\n\n\n\n<p><strong>HER CUMARTES\u0130 GECES\u0130 ATAT\u00dcRK G\u00d6STER\u0130 MERKEZ\u0130NDE BULU\u015eALIM<\/strong>&nbsp;<\/p>\n\n\n\n<p>Etkinlikten haberdar olmayan vatanda\u015flar\u0131 da her cumartesi Atat\u00fcrk G\u00f6steri Merkezi\u2019ne davet eden Ba\u015fkan Bolta\u00e7, bu t\u00fcr organizasyonlarla Tarsuslularla bir araya gelmenin \u00f6nemine dikkat \u00e7ekti. &#8220;Tarsus Yaz Ak\u015famlar\u0131 \u015eenli\u011fi,&#8221; Tarsus&#8217;un sosyal ve k\u00fclt\u00fcrel hayat\u0131n\u0131 zenginle\u015ftirerek, \u015fehri gece g\u00fcnd\u00fcz ya\u015fayan bir kent haline getirmeye katk\u0131 sa\u011fl\u0131yor.<\/p>\n","protected":false},"excerpt":{"rendered":"<p>Tarsus Belediyesi taraf\u0131ndan d\u00fczenlenen &#8220;Tarsus Yaz Ak\u015famlar\u0131 \u015eenli\u011fi&#8221; Tarsuslu vatanda\u015flar\u0131n yo\u011fun kat\u0131l\u0131m\u0131yla ba\u015flad\u0131. Etkinlik, her cumartesi g\u00fcn\u00fc Atat\u00fcrk G\u00f6steri Merkezi&#8217;nde d\u00fczenlenecek ve \u015fehrin sosyal ya\u015fam\u0131n\u0131 canland\u0131racak. Etkinlikle ilgili d\u00fc\u015f\u00fcncelerini ifade eden Tarsus Belediye Ba\u015fkan\u0131 Ali Bolta\u00e7, Tarsus&#8217;u gece g\u00fcnd\u00fcz ya\u015fayan bir kent haline getirme hedefini vurgulad\u0131. &#8220;Amac\u0131m\u0131z, \u015fehrimizi sadece g\u00fcnd\u00fcz de\u011fil, ak\u015famlar\u0131 da canl\u0131 tutmak. [&hellip;]<\/p>\n","protected":false},"author":2,"featured_media":34424,"comment_status":"closed","ping_status":"closed","sticky":false,"template":"","format":"standard","meta":{"footnotes":""},"categories":[3],"tags":[],"class_list":["post-34423","post","type-post","status-publish","format-standard","has-post-thumbnail","hentry","category-manset"],"views":7,"_links":{"self":[{"href":"https:\/\/mersinkadingazetesi.com\/index.php?rest_route=\/wp\/v2\/posts\/34423"}],"collection":[{"href":"https:\/\/mersinkadingazetesi.com\/index.php?rest_route=\/wp\/v2\/posts"}],"about":[{"href":"https:\/\/mersinkadingazetesi.com\/index.php?rest_route=\/wp\/v2\/types\/post"}],"author":[{"embeddable":true,"href":"https:\/\/mersinkadingazetesi.com\/index.php?rest_route=\/wp\/v2\/users\/2"}],"replies":[{"embeddable":true,"href":"https:\/\/mersinkadingazetesi.com\/index.php?rest_route=%2Fwp%2Fv2%2Fcomments&post=34423"}],"version-history":[{"count":1,"href":"https:\/\/mersinkadingazetesi.com\/index.php?rest_route=\/wp\/v2\/posts\/34423\/revisions"}],"predecessor-version":[{"id":34425,"href":"https:\/\/mersinkadingazetesi.com\/index.php?rest_route=\/wp\/v2\/posts\/34423\/revisions\/34425"}],"wp:featuredmedia":[{"embeddable":true,"href":"https:\/\/mersinkadingazetesi.com\/index.php?rest_route=\/wp\/v2\/media\/34424"}],"wp:attachment":[{"href":"https:\/\/mersinkadingazetesi.com\/index.php?rest_route=%2Fwp%2Fv2%2Fmedia&parent=34423"}],"wp:term":[{"taxonomy":"category","embeddable":true,"href":"https:\/\/mersinkadingazetesi.com\/index.php?rest_route=%2Fwp%2Fv2%2Fcategories&post=34423"},{"taxonomy":"post_tag","embeddable":true,"href":"https:\/\/mersinkadingazetesi.com\/index.php?rest_route=%2Fwp%2Fv2%2Ftags&post=34423"}],"curies":[{"name":"wp","href":"https:\/\/api.w.org\/{rel}","templated":true}]}}