{"id":34439,"date":"2024-08-12T12:31:38","date_gmt":"2024-08-12T09:31:38","guid":{"rendered":"https:\/\/mersinkadingazetesi.com\/?p=34439"},"modified":"2024-08-12T12:31:38","modified_gmt":"2024-08-12T09:31:38","slug":"baskan-isikbay-bu-yapilan-ozgurluge-vurulmus-bir-darbedir","status":"publish","type":"post","link":"https:\/\/mersinkadingazetesi.com\/?p=34439","title":{"rendered":"BA\u015eKAN I\u015eIKBAY: BU YAPILAN \u00d6ZG\u00dcRL\u00dc\u011eE VURULMU\u015e B\u0130R DARBED\u0130R!"},"content":{"rendered":"\n<p>DEVA Partisi Mersin \u0130l Ba\u015fkan\u0131 Taner I\u015f\u0131kbay, h\u00fck\u00fcmetin Instagram&#8217;a eri\u015fimi engelleme karar\u0131n\u0131 sert bir \u015fekilde ele\u015ftirdi. I\u015f\u0131kbay, bu t\u00fcr uygulamalar\u0131n demokratik bir toplumda kabul edilemez oldu\u011funu belirterek, ifade \u00f6zg\u00fcrl\u00fc\u011f\u00fcn\u00fcn en temel insan haklar\u0131ndan biri oldu\u011funu vurgulad\u0131.<\/p>\n\n\n\n<p>I\u015f\u0131kbay, yapt\u0131\u011f\u0131 a\u00e7\u0131klamada: &#8220;\u0130ktidar\u0131n sosyal medya platformlar\u0131na y\u00f6nelik engellemeleri, toplumun bilgiye eri\u015fim hakk\u0131n\u0131 ve bireylerin seslerini duyurma \u00f6zg\u00fcrl\u00fc\u011f\u00fcn\u00fc k\u0131s\u0131tlamaktad\u0131r. Bu t\u00fcr ad\u0131mlar, sadece sans\u00fcr\u00fc ve bask\u0131y\u0131 art\u0131rmakla kalmaz, ayn\u0131 zamanda halk\u0131n demokratik haklar\u0131na do\u011frudan bir m\u00fcdahale anlam\u0131na gelir&#8221; dedi.<\/p>\n\n\n\n<p>Taner I\u015f\u0131kbay, T\u00fcrkiye&#8217;deki internet \u00f6zg\u00fcrl\u00fc\u011f\u00fcn\u00fcn giderek daha fazla tehdit alt\u0131nda oldu\u011funa dikkat \u00e7ekerek: &#8220;Sosyal medya platformlar\u0131, halk\u0131n ger\u00e7ekleri \u00f6\u011frenmesi ve tart\u0131\u015fmas\u0131 i\u00e7in kritik \u00f6neme sahiptir. Bu platformlara eri\u015fimin engellenmesi, halk\u0131n haber alma ve ele\u015ftirel d\u00fc\u015f\u00fcnme hakk\u0131n\u0131n gasp edilmesidir. DEVA Partisi olarak, bu t\u00fcr anti-demokratik uygulamalar\u0131n kar\u015f\u0131s\u0131nda durmaya devam edece\u011fiz&#8221; \u015feklinde konu\u015ftu.<\/p>\n\n\n\n<p>I\u015f\u0131kbay, iktidar\u0131n toplumu susturmaya y\u00f6nelik bu t\u00fcr giri\u015fimlerinin \u00fclkenin demokratik yap\u0131s\u0131n\u0131 zay\u0131flatt\u0131\u011f\u0131n\u0131 ve T\u00fcrkiye&#8217;yi uluslararas\u0131 arenada olumsuz bir noktaya ta\u015f\u0131d\u0131\u011f\u0131n\u0131 ifade ederek: &#8220;Demokrasi ve \u00f6zg\u00fcrl\u00fckler ad\u0131na, bu t\u00fcr bask\u0131c\u0131 politikalara kar\u015f\u0131 sesimizi y\u00fckseltmeye devam edece\u011fiz&#8221; dedi.<\/p>\n","protected":false},"excerpt":{"rendered":"<p>DEVA Partisi Mersin \u0130l Ba\u015fkan\u0131 Taner I\u015f\u0131kbay, h\u00fck\u00fcmetin Instagram&#8217;a eri\u015fimi engelleme karar\u0131n\u0131 sert bir \u015fekilde ele\u015ftirdi. I\u015f\u0131kbay, bu t\u00fcr uygulamalar\u0131n demokratik bir toplumda kabul edilemez oldu\u011funu belirterek, ifade \u00f6zg\u00fcrl\u00fc\u011f\u00fcn\u00fcn en temel insan haklar\u0131ndan biri oldu\u011funu vurgulad\u0131. I\u015f\u0131kbay, yapt\u0131\u011f\u0131 a\u00e7\u0131klamada: &#8220;\u0130ktidar\u0131n sosyal medya platformlar\u0131na y\u00f6nelik engellemeleri, toplumun bilgiye eri\u015fim hakk\u0131n\u0131 ve bireylerin seslerini duyurma \u00f6zg\u00fcrl\u00fc\u011f\u00fcn\u00fc k\u0131s\u0131tlamaktad\u0131r. [&hellip;]<\/p>\n","protected":false},"author":2,"featured_media":34440,"comment_status":"closed","ping_status":"closed","sticky":false,"template":"","format":"standard","meta":{"footnotes":""},"categories":[3,6],"tags":[],"class_list":["post-34439","post","type-post","status-publish","format-standard","has-post-thumbnail","hentry","category-manset","category-siyaset-2"],"views":15,"_links":{"self":[{"href":"https:\/\/mersinkadingazetesi.com\/index.php?rest_route=\/wp\/v2\/posts\/34439"}],"collection":[{"href":"https:\/\/mersinkadingazetesi.com\/index.php?rest_route=\/wp\/v2\/posts"}],"about":[{"href":"https:\/\/mersinkadingazetesi.com\/index.php?rest_route=\/wp\/v2\/types\/post"}],"author":[{"embeddable":true,"href":"https:\/\/mersinkadingazetesi.com\/index.php?rest_route=\/wp\/v2\/users\/2"}],"replies":[{"embeddable":true,"href":"https:\/\/mersinkadingazetesi.com\/index.php?rest_route=%2Fwp%2Fv2%2Fcomments&post=34439"}],"version-history":[{"count":1,"href":"https:\/\/mersinkadingazetesi.com\/index.php?rest_route=\/wp\/v2\/posts\/34439\/revisions"}],"predecessor-version":[{"id":34441,"href":"https:\/\/mersinkadingazetesi.com\/index.php?rest_route=\/wp\/v2\/posts\/34439\/revisions\/34441"}],"wp:featuredmedia":[{"embeddable":true,"href":"https:\/\/mersinkadingazetesi.com\/index.php?rest_route=\/wp\/v2\/media\/34440"}],"wp:attachment":[{"href":"https:\/\/mersinkadingazetesi.com\/index.php?rest_route=%2Fwp%2Fv2%2Fmedia&parent=34439"}],"wp:term":[{"taxonomy":"category","embeddable":true,"href":"https:\/\/mersinkadingazetesi.com\/index.php?rest_route=%2Fwp%2Fv2%2Fcategories&post=34439"},{"taxonomy":"post_tag","embeddable":true,"href":"https:\/\/mersinkadingazetesi.com\/index.php?rest_route=%2Fwp%2Fv2%2Ftags&post=34439"}],"curies":[{"name":"wp","href":"https:\/\/api.w.org\/{rel}","templated":true}]}}